{"id":738081,"date":"2018-06-28T17:30:11","date_gmt":"2018-06-28T15:30:11","guid":{"rendered":"https:\/\/dailynewshungary.com\/de\/wir-wollen-die-demokratie-in-europa-wiederherstellen-sagt-orban-in-brussel\/"},"modified":"2018-06-28T17:30:11","modified_gmt":"2018-06-28T15:30:11","slug":"wir-wollen-die-demokratie-in-europa-wiederherstellen-sagt-orban-in-brussel","status":"publish","type":"post","link":"https:\/\/dailynewshungary.com\/de\/wir-wollen-die-demokratie-in-europa-wiederherstellen-sagt-orban-in-brussel\/","title":{"rendered":"\u2018Wir wollen die Demokratie in Europa wiederherstellen\u2019, sagt Orb\u00e1n in Br\u00fcssel"},"content":{"rendered":"<p><strong>Die europ\u00e4ische Demokratie sei ins Wanken geraten, \u201cdaher wollen wir die Demokratie in Europa wiederherstellen\u201d, <a href=\"https:\/\/dailynewshungary.com\/de\/der-grose-britische-zuguberfall-wie-eine-15-kopfige-bande-1963-26-millionen-pfund-stahl\/\" target=\"_blank\" rel=\"noopener\">Ministerpr\u00e4sident Viktor Orb\u00e1n<\/a> Reportern am Donnerstag in Br\u00fcssel sagte.<\/strong><\/p>\n<p>Ankunft auf einem Gipfel von <a href=\"https:\/\/dailynewshungary.com\/de\/der-grose-britische-zuguberfall-wie-eine-15-kopfige-bande-1963-26-millionen-pfund-stahl\/\" target=\"_blank\" rel=\"noopener\">EU<\/a> F\u00fchrer, Orb\u00e1n, sagte, der Grund, warum die europ\u00e4ische Demokratie Probleme habe, sei, dass die europ\u00e4ischen Staats- und Regierungschefs den Willen des Volkes ignorierten.<\/p>\n<p>\u201cDie Leute wollen zwei Dinge\u201d, sagte Orb\u00e1n.<\/p>\n<blockquote>\n<p>\u201cEiner ist, dass wir keine Migranten mehr zulassen und gleichzeitig einen sehr starken Grenzschutz gew\u00e4hrleisten, der andere ist, dass diejenigen, die bereits [Europa] betreten haben, [in ihre Heimatl\u00e4nder] zur\u00fcckgebracht werden\u201d.<\/p>\n<\/blockquote>\n<p>Der Premierminister sagte, die Wiederherstellung der europ\u00e4ischen Demokratie m\u00fcsse in den kommenden Monaten angegangen werden und werde durch die Wahlen zum Europ\u00e4ischen Parlament im n\u00e4chsten Jahr noch erg\u00e4nzt.<\/p>\n<p>Er sagte, die Frage sei nun, ob die europ\u00e4ischen Staats- und Regierungschefs mit Vorschl\u00e4gen, die die Einrichtung von Fl\u00fcchtlingslagern au\u00dferhalb der EU erm\u00f6glichen sollen, in diese Richtung gehen w\u00fcrden. Es bestehe die Chance, dass die Gespr\u00e4che in Br\u00fcssel auf den Wiederaufbau der europ\u00e4ischen Demokratie abzielen, f\u00fcgte er hinzu.<\/p>\n<blockquote>\n<p>\u201cWir geh\u00f6ren zum Lager der Demokraten\u201d, sagte Orb\u00e1n.<\/p>\n<\/blockquote>\n<p>\u201cDie europ\u00e4ische L\u00f6sung bedeutet, das Problem auf der Grundlage des wichtigsten europ\u00e4ischen Prinzips anzugehen&#8230; Der Wert Nummer eins ist Demokratie.\u201d<\/p>\n<p>\u201cUm eine europ\u00e4ische L\u00f6sung zu erreichen, muss die Demokratie in der Europ\u00e4ischen Union wieder aufgebaut werden, und Ungarn ist bereit, sich daran zu beteiligen\u201d, sagte der Ministerpr\u00e4sident.<\/p>\n","protected":false},"excerpt":{"rendered":"<p>Die europ\u00e4ische Demokratie sei ins Wanken geraten, \u201cdaher wollen wir die Demokratie in Europa wiederherstellen\u201d, Ministerpr\u00e4sident Viktor Orb\u00e1n Reportern am Donnerstag in Br\u00fcssel sagte. Ankunft auf einem Gipfel von EU F\u00fchrer, Orb\u00e1n, sagte, der Grund, warum die europ\u00e4ische Demokratie Probleme habe, sei, dass die europ\u00e4ischen Staats- und Regierungschefs den Willen des Volkes ignorierten. \u201cDie Leute [&hellip;]<\/p>\n","protected":false},"author":2,"featured_media":738082,"comment_status":"open","ping_status":"open","sticky":false,"template":"","format":"standard","meta":{"_acf_changed":false,"_display_image":"","footnotes":""},"categories":[1081],"tags":[1082,1445,1128],"class_list":["post-738081","post","type-post","status-publish","format-standard","has-post-thumbnail","hentry","category-politik","tag-europaische-union","tag-migration","tag-viktor-orban"],"blocksy_meta":[],"acf":[],"author_username":"alk","telegram_post":"","public_post_metadata":{"breaking_news":"","important":"","csempe":"","center_tile":"","disable_thumbnail":"","target_lang":"","_featured_image_style":"","telegram_post":"","_xlat_group_id":""},"public_rank_math_data":{"title":"%title% %sep% %sitename%","description":"Die europ\u00e4ische Demokratie sei ins Wanken geraten, \"daher wollen wir die Demokratie in Europa wiederherstellen\", sagte Ministerpr\u00e4sident Viktor Orb\u00e1n am Donnerstag in Br\u00fcssel gegen\u00fcber Reportern.","focus_keyword":"Europ\u00e4ische Demokratie","canonical_url":"","robots":"","primary_category":"1081","breadcrumb_title":"","facebook_title":"","facebook_description":"","facebook_image":"","facebook_image_id":"","twitter_title":"","twitter_description":"","twitter_image":"","twitter_image_id":"","twitter_card_type":"","twitter_use_facebook":"","advanced_robots":"","pillar_content":"","seo_score":"23","contentai_score":"","rich_snippet":""},"_links":{"self":[{"href":"https:\/\/dailynewshungary.com\/de\/wp-json\/wp\/v2\/posts\/738081","targetHints":{"allow":["GET"]}}],"collection":[{"href":"https:\/\/dailynewshungary.com\/de\/wp-json\/wp\/v2\/posts"}],"about":[{"href":"https:\/\/dailynewshungary.com\/de\/wp-json\/wp\/v2\/types\/post"}],"author":[{"embeddable":true,"href":"https:\/\/dailynewshungary.com\/de\/wp-json\/wp\/v2\/users\/2"}],"replies":[{"embeddable":true,"href":"https:\/\/dailynewshungary.com\/de\/wp-json\/wp\/v2\/comments?post=738081"}],"version-history":[{"count":0,"href":"https:\/\/dailynewshungary.com\/de\/wp-json\/wp\/v2\/posts\/738081\/revisions"}],"wp:featuredmedia":[{"embeddable":true,"href":"https:\/\/dailynewshungary.com\/de\/wp-json\/wp\/v2\/media\/738082"}],"wp:attachment":[{"href":"https:\/\/dailynewshungary.com\/de\/wp-json\/wp\/v2\/media?parent=738081"}],"wp:term":[{"taxonomy":"category","embeddable":true,"href":"https:\/\/dailynewshungary.com\/de\/wp-json\/wp\/v2\/categories?post=738081"},{"taxonomy":"post_tag","embeddable":true,"href":"https:\/\/dailynewshungary.com\/de\/wp-json\/wp\/v2\/tags?post=738081"}],"curies":[{"name":"wp","href":"https:\/\/api.w.org\/{rel}","templated":true}]}}