{"id":738090,"date":"2018-06-28T13:30:28","date_gmt":"2018-06-28T11:30:28","guid":{"rendered":"https:\/\/dailynewshungary.com\/de\/das-ungarische-gesundheitsprogramm-konzentriert-sich-auf-pravention-sagt-der-personalminister\/"},"modified":"2018-06-28T13:30:28","modified_gmt":"2018-06-28T11:30:28","slug":"das-ungarische-gesundheitsprogramm-konzentriert-sich-auf-pravention-sagt-der-personalminister","status":"publish","type":"post","link":"https:\/\/dailynewshungary.com\/de\/das-ungarische-gesundheitsprogramm-konzentriert-sich-auf-pravention-sagt-der-personalminister\/","title":{"rendered":"Das ungarische Gesundheitsprogramm konzentriert sich auf Pr\u00e4vention, sagt der Personalminister"},"content":{"rendered":"<p><strong> Das \u00f6ffentliche Gesundheitsprogramm der Regierung konzentriert sich auf die Pr\u00e4vention von Krankheiten und den Erhalt der Gesundheit und wird \u00fcber den Fortschritt der ungarischen Gesundheitsversorgung in den kommenden Jahrzehnten entscheiden, sagte Personalminister Mikl\u00f3s K\u00e1sler am Donnerstag im \u00f6ffentlichen Fernsehen.<\/strong><\/p>\n<p>Das Programm basiert auf f\u00fcnf nationalen Programmen zur Pr\u00e4vention und Behandlung von Kreislauf-, Krebs-, Bewegungs-, Geistes- und Kinderkrankheiten, sagte K\u00e1sler. Wie wir im Juni schrieben, hat Ungarn die h\u00f6chste Rate an Lungenkrebstodesf\u00e4llen in der Europ\u00e4ischen Union, <a href=\"https:\/\/dailynewshungary.com\/de\/ungarn-hat-die-hochste-rate-an-lungenkrebstodesfallen-in-der-eu\/\" target=\"_blank\" rel=\"noopener\">Lesen Sie hier mehr<\/a>.<\/p>\n<p>Experten haben die Pl\u00e4ne am Mittwoch dem Minister vorgelegt.<\/p>\n<p>Pr\u00e4vention sollte bei der Empf\u00e4ngnis beginnen, sagte K\u00e1sler, und w\u00e4hrend der gesamten Zeit des Kindes in Kinderkrippe, Kindergarten und Schule fortgesetzt werden, um ein Umfeld zu schaffen, in dem ein gesunder Lebensstil zu einer nat\u00fcrlichen Wahl wird.<\/p>\n<blockquote>\n<p>Auch die Entwicklung der Grund &#8211; und Ambulanzversorgung steht auf der Tagesordnung, die<\/p>\n<\/blockquote>\n<p>Sagte K\u00e1sler.<\/p>\n<p>Wie wir im Mai schrieben, ist der Nationale Rettungsdienst (Orsz\u00e1gos Ment szolg\u00e1lat, OMSZ) Ungarns der Ansicht, dass die Umerziehung der Mitarbeiter die Probleme im Zusammenhang mit dem Mangel an Fachkr\u00e4ften l\u00f6sen wird. Krankenwagenfahrer m\u00fcssen bereits bei Rettungsaktionen helfen. Jetzt werden sie gebeten, f\u00fcr Ausbildungsprogramme f\u00fcr Krankenschwestern zu bezahlen und sich daf\u00fcr anzumelden, damit sie ihre Arbeitsvertr\u00e4ge \u00e4ndern k\u00f6nnen <a href=\"https:\/\/dailynewshungary.com\/de\/unglaublich-der-ungarische-rettungsdienst-zwingt-fahrer-krankenschwesteraufgaben-zu-ubernehmen\/\" target=\"_blank\" rel=\"noopener\">Lesen Sie hier mehr<\/a>.<\/p>\n<p>Das Ministerium habe bereits einen Plan zur Bek\u00e4mpfung von Krankenhausinfektionen verfasst, sagte der Minister. Krankenh\u00e4user w\u00fcrden Teams von Ausweisspezialisten einrichten, um potenzielle Infektionen zu kontrollieren und vorbeugende Ma\u00dfnahmen durchzusetzen, sagte er.<\/p>\n<blockquote>\n<p>Das System zur Bek\u00e4mpfung von Infektionskrankheiten wird in Europa \u201cpraktisch einzigartig\u201d sein<\/p>\n<\/blockquote>\n<p>K\u00e1sler sagte dem \u00f6ffentlichen Radio in einem separaten Interview.<\/p>\n<p>Wie wir schon vorher geschrieben haben, haben ungarische Kinder die schlechtesten Z\u00e4hne in Europa Die gr\u00fcndliche Analyse ergab, dass sich die Mundgesundheit der Ungarn mit zunehmendem Alter nur verschlechtertDas steht in leichtem Widerspruch zu dem, wie gesund sich die Ungarn f\u00fcr, halten <a href=\"https:\/\/dailynewshungary.com\/de\/grauenhafte-statistik-ungarische-kinder-haben-die-schlimmsten-zahne-in-europa\/\" target=\"_blank\" rel=\"noopener\">Lesen Sie hier mehr<\/a>.<\/p>\n","protected":false},"excerpt":{"rendered":"<p>Das \u00f6ffentliche Gesundheitsprogramm der Regierung konzentriert sich auf die Pr\u00e4vention von Krankheiten und den Erhalt der Gesundheit und wird \u00fcber den Fortschritt der ungarischen Gesundheitsversorgung in den kommenden Jahrzehnten entscheiden, sagte Personalminister Mikl\u00f3s K\u00e1sler am Donnerstag im \u00f6ffentlichen Fernsehen. Das Programm basiert auf f\u00fcnf nationalen Programmen zur Pr\u00e4vention und Behandlung von Kreislauf-, Krebs-, Bewegungs-, Geistes- [&hellip;]<\/p>\n","protected":false},"author":2,"featured_media":738091,"comment_status":"open","ping_status":"open","sticky":false,"template":"","format":"standard","meta":{"_acf_changed":false,"_display_image":"","footnotes":""},"categories":[1081],"tags":[1107],"class_list":["post-738090","post","type-post","status-publish","format-standard","has-post-thumbnail","hentry","category-politik","tag-gesundheit"],"blocksy_meta":[],"acf":[],"author_username":"alk","telegram_post":"","public_post_metadata":{"breaking_news":"","important":"","csempe":"","center_tile":"","disable_thumbnail":"","target_lang":"","_featured_image_style":"","telegram_post":"","_xlat_group_id":""},"public_rank_math_data":{"title":"%title% %sep% %sitename%","description":"Das \u00f6ffentliche Gesundheitsprogramm der Regierung konzentriert sich auf die Pr\u00e4vention von Krankheiten und den Erhalt der Gesundheit und wird \u00fcber den Fortschritt der ungarischen Gesundheitsversorgung in den kommenden Jahrzehnten entscheiden, sagte Personalminister Mikl\u00f3s K\u00e1sler am Donnerstag im \u00f6ffentlichen Fernsehen.","focus_keyword":"Programm f\u00fcr \u00f6ffentliche Gesundheit","canonical_url":"","robots":"","primary_category":"1081","breadcrumb_title":"","facebook_title":"","facebook_description":"","facebook_image":"","facebook_image_id":"","twitter_title":"","twitter_description":"","twitter_image":"","twitter_image_id":"","twitter_card_type":"","twitter_use_facebook":"","advanced_robots":"","pillar_content":"","seo_score":"58","contentai_score":"","rich_snippet":""},"_links":{"self":[{"href":"https:\/\/dailynewshungary.com\/de\/wp-json\/wp\/v2\/posts\/738090","targetHints":{"allow":["GET"]}}],"collection":[{"href":"https:\/\/dailynewshungary.com\/de\/wp-json\/wp\/v2\/posts"}],"about":[{"href":"https:\/\/dailynewshungary.com\/de\/wp-json\/wp\/v2\/types\/post"}],"author":[{"embeddable":true,"href":"https:\/\/dailynewshungary.com\/de\/wp-json\/wp\/v2\/users\/2"}],"replies":[{"embeddable":true,"href":"https:\/\/dailynewshungary.com\/de\/wp-json\/wp\/v2\/comments?post=738090"}],"version-history":[{"count":0,"href":"https:\/\/dailynewshungary.com\/de\/wp-json\/wp\/v2\/posts\/738090\/revisions"}],"wp:featuredmedia":[{"embeddable":true,"href":"https:\/\/dailynewshungary.com\/de\/wp-json\/wp\/v2\/media\/738091"}],"wp:attachment":[{"href":"https:\/\/dailynewshungary.com\/de\/wp-json\/wp\/v2\/media?parent=738090"}],"wp:term":[{"taxonomy":"category","embeddable":true,"href":"https:\/\/dailynewshungary.com\/de\/wp-json\/wp\/v2\/categories?post=738090"},{"taxonomy":"post_tag","embeddable":true,"href":"https:\/\/dailynewshungary.com\/de\/wp-json\/wp\/v2\/tags?post=738090"}],"curies":[{"name":"wp","href":"https:\/\/api.w.org\/{rel}","templated":true}]}}