{"id":738105,"date":"2018-06-23T20:45:51","date_gmt":"2018-06-23T18:45:51","guid":{"rendered":"https:\/\/dailynewshungary.com\/de\/ungarns-weltweit-15-sicherstes-land-sagt-innenminister\/"},"modified":"2018-06-23T20:45:51","modified_gmt":"2018-06-23T18:45:51","slug":"ungarns-weltweit-15-sicherstes-land-sagt-innenminister","status":"publish","type":"post","link":"https:\/\/dailynewshungary.com\/de\/ungarns-weltweit-15-sicherstes-land-sagt-innenminister\/","title":{"rendered":"Ungarns weltweit 15. sicherstes Land, sagt Innenminister"},"content":{"rendered":"<p><strong>Ungarn w\u00e4re heute nicht das 15. sicherste Land der Welt ohne die Bem\u00fchungen seiner Streifenpolizisten der Zivilgarde, sagte der Innenminister am Samstag in Baja in S\u00fcdungarn.<\/strong><\/p>\n<p>Bei der Er\u00f6ffnung des 24. Tages der Nationalen Zivilgarde und der 7. Parade der Nationalen Berittenen Zivilgarde lobte S\u00e1ndor Pinteer, der auch als stellvertretender Ministerpr\u00e4sident f\u00fcr die nationale Sicherheit fungiert, die Zivilgarde f\u00fcr ihre Rolle bei der Gew\u00e4hrleistung und Wahrung der \u00f6ffentlichen Ordnung Ungarns.<\/p>\n<blockquote>\n<p>Die Beamten der Zivilgarde geh\u00f6rten zu den ersten, die die Gefahren der Migration erkannten und sofort darauf reagierten<\/p>\n<\/blockquote>\n<p>Sagte Pinteer.<\/p>\n<p>Der Minister lobte auch die Entscheidung der National Civil Guard Association (OPSZ), sich 2018 auf Kinder, Familien und Jugendliche zu konzentrieren, und sagte, dass junge Menschen heute immer mehr Bedrohungen ausgesetzt seien.<\/p>\n<p>OPSZ-Pr\u00e4sident Andr\u00e1s T\u00far\u00f3s sagte, die 63.000 Beamten der ungarischen Zivilgarde h\u00e4tten rund 9 Millionen Dienststunden absolviert, um die \u00f6ffentliche Ordnung und Sicherheit in rund 2.100 St\u00e4dten zu \u00fcberwachen.<\/p>\n<p>\u201cEs gibt keine Alternative zur Zivilgarde\u201d, sagte T\u00far\u00f3s.<\/p>\n<blockquote>\n<p>\u201cMit seinem kontinuierlichen und effektiven Betrieb ist es eines der herausragenden Verm\u00f6genswerte des Landes\u201d<\/p>\n<\/blockquote>\n<p>Der stellvertretende Parlamentspr\u00e4sident S\u00e1ndor Lezs\u00e1k begr\u00fc\u00dfte die Bem\u00fchungen der Zivilgarde zur Reaktion auf Naturkatastrophen und ihre Beitr\u00e4ge zum Schutz der ungarischen Grenzen.<\/p>\n<p style=\"text-align: center;\">[button link=\u201dhttps:\/\/dailynewshungary.com\/tag\/army\/\u201d type=\u201dbig\u201d color=\u201dteal\u201d newwindow=\u201d yes\u201d] Lesen Sie mehr News zu UNGARISCHEN VERTEIDIGUNGSKR\u00c4FTEN [\/button]<\/p>\n<p>Wie wir am Freitag schrieben, verf\u00fcgen Ungarns Regierung und Parlament \u00fcber alle Instrumente, die sie ben\u00f6tigen, um das Land vor Migration zu sch\u00fctzen, sagte Ministerpr\u00e4sident Viktor Orb\u00e1nEr sagte, dass Ungarn unabh\u00e4ngig von der Migrationsfrage immer noch ein gut ausger\u00fcstetes Milit\u00e4r braucheWenn Ungarn heute einer bewaffneten Bedrohung ausgesetzt w\u00e4re, h\u00e4tte sein Milit\u00e4r nur begrenzte M\u00f6glichkeiten, ihr entgegenzuwirken, argumentierte der Premierminister. <a href=\"https:\/\/dailynewshungary.com\/de\/orban-die-behorden-verfugen-uber-alles-was-zum-schutz-ungarns-erforderlich-ist-interview\/\" target=\"_blank\" rel=\"noopener\">Lesen Sie hier mehr<\/a>.<\/p>\n<p><em>Foto: MTI<\/em><\/p>\n","protected":false},"excerpt":{"rendered":"<p>Ungarn w\u00e4re heute nicht das 15. sicherste Land der Welt ohne die Bem\u00fchungen seiner Streifenpolizisten der Zivilgarde, sagte der Innenminister am Samstag in Baja in S\u00fcdungarn. Bei der Er\u00f6ffnung des 24. Tages der Nationalen Zivilgarde und der 7. Parade der Nationalen Berittenen Zivilgarde lobte S\u00e1ndor Pinteer, der auch als stellvertretender Ministerpr\u00e4sident f\u00fcr die nationale Sicherheit [&hellip;]<\/p>\n","protected":false},"author":2,"featured_media":738106,"comment_status":"open","ping_status":"open","sticky":false,"template":"","format":"standard","meta":{"_acf_changed":false,"_display_image":"","footnotes":""},"categories":[1081],"tags":[1203],"class_list":["post-738105","post","type-post","status-publish","format-standard","has-post-thumbnail","hentry","category-politik","tag-armee"],"blocksy_meta":[],"acf":[],"author_username":"alk","telegram_post":"","public_post_metadata":{"breaking_news":"","important":"","csempe":"","center_tile":"","disable_thumbnail":"","target_lang":"","_featured_image_style":"","telegram_post":"","_xlat_group_id":""},"public_rank_math_data":{"title":"%title% %sep% %sitename%","description":"Ungarn w\u00e4re heute nicht das 15. sicherste Land der Welt ohne die Bem\u00fchungen seiner Streifenpolizisten der Zivilgarde, sagte der Innenminister am Samstag in Baja in S\u00fcdungarn.","focus_keyword":"Sicherstes Land","canonical_url":"","robots":"","primary_category":"1081","breadcrumb_title":"","facebook_title":"","facebook_description":"","facebook_image":"","facebook_image_id":"","twitter_title":"","twitter_description":"","twitter_image":"","twitter_image_id":"","twitter_card_type":"","twitter_use_facebook":"","advanced_robots":"","pillar_content":"","seo_score":"","contentai_score":"","rich_snippet":""},"_links":{"self":[{"href":"https:\/\/dailynewshungary.com\/de\/wp-json\/wp\/v2\/posts\/738105","targetHints":{"allow":["GET"]}}],"collection":[{"href":"https:\/\/dailynewshungary.com\/de\/wp-json\/wp\/v2\/posts"}],"about":[{"href":"https:\/\/dailynewshungary.com\/de\/wp-json\/wp\/v2\/types\/post"}],"author":[{"embeddable":true,"href":"https:\/\/dailynewshungary.com\/de\/wp-json\/wp\/v2\/users\/2"}],"replies":[{"embeddable":true,"href":"https:\/\/dailynewshungary.com\/de\/wp-json\/wp\/v2\/comments?post=738105"}],"version-history":[{"count":0,"href":"https:\/\/dailynewshungary.com\/de\/wp-json\/wp\/v2\/posts\/738105\/revisions"}],"wp:featuredmedia":[{"embeddable":true,"href":"https:\/\/dailynewshungary.com\/de\/wp-json\/wp\/v2\/media\/738106"}],"wp:attachment":[{"href":"https:\/\/dailynewshungary.com\/de\/wp-json\/wp\/v2\/media?parent=738105"}],"wp:term":[{"taxonomy":"category","embeddable":true,"href":"https:\/\/dailynewshungary.com\/de\/wp-json\/wp\/v2\/categories?post=738105"},{"taxonomy":"post_tag","embeddable":true,"href":"https:\/\/dailynewshungary.com\/de\/wp-json\/wp\/v2\/tags?post=738105"}],"curies":[{"name":"wp","href":"https:\/\/api.w.org\/{rel}","templated":true}]}}