{"id":738124,"date":"2018-06-22T21:20:00","date_gmt":"2018-06-22T19:20:00","guid":{"rendered":"https:\/\/dailynewshungary.com\/de\/migration-eu-haushalt-im-fokus-auf-v4-osterreich-referententreffen\/"},"modified":"2018-06-22T21:20:00","modified_gmt":"2018-06-22T19:20:00","slug":"migration-eu-haushalt-im-fokus-auf-v4-osterreich-referententreffen","status":"publish","type":"post","link":"https:\/\/dailynewshungary.com\/de\/migration-eu-haushalt-im-fokus-auf-v4-osterreich-referententreffen\/","title":{"rendered":"Migration, EU-Haushalt im Fokus auf V4-\u00d6sterreich-Referententreffen"},"content":{"rendered":"<p><strong>Das Thema Migration und der n\u00e4chste Haushalt der Europ\u00e4ischen Union standen im Mittelpunkt der Gespr\u00e4che auf einem Treffen von <a href=\"https:\/\/dailynewshungary.com\/de\/der-grose-britische-zuguberfall-wie-eine-15-kopfige-bande-1963-26-millionen-pfund-stahl\/\" target=\"_blank\" rel=\"noopener\">Parlamentssprecher<\/a> von der Visegrad Gruppe und \u00d6sterreich am Freitag.<\/strong><\/p>\n<p>Ungarns L\u00e1szl\u00f3 K\u00f6v\u00e9r sagte MTI nach dem Treffen im westungarischen Balatonf\u00fcred, dass die Teilnehmer ihre Position bekr\u00e4ftigten, dass die Sicherheit der Nationen im Zusammenhang mit Migration gest\u00e4rkt werden m\u00fcsse und es notwendig sei, Brennpunkte au\u00dferhalb der EU-Grenzen zu errichten, an denen Fl\u00fcchtlinge und Wirtschaftsmigranten identifiziert werden k\u00f6nnen.<\/p>\n<blockquote>\n<p>Die <a href=\"https:\/\/dailynewshungary.com\/de\/der-grose-britische-zuguberfall-wie-eine-15-kopfige-bande-1963-26-millionen-pfund-stahl\/\" target=\"_blank\" rel=\"noopener\">V4-l\u00e4nder<\/a> Tschechien, Ungarn, Polen und die Slowakei halten den EU-Haushaltsentwurf f\u00fcr 2021-2027 f\u00fcr \u201cselbst f\u00fcr einen Ausgangspunkt weiterer Gespr\u00e4che minderwertig\u201d,<\/p>\n<\/blockquote>\n<p>K\u00f6v\u00e9r sagteEs wirkt sich nachteilig auf Mitteleuropa aus und beinhaltet eine Mittelk\u00fcrzung von \u00fcber 20 Prozent f\u00fcr die V4f\u00fcgte er hinzu.<\/p>\n<p>Die s\u00fcdlichen und westlichen Mitgliedsl\u00e4nder, die im Einklang mit dem neuen EU-Haushalt Vorteile genie\u00dfen, stehen offensichtlich vor Schwierigkeiten, sind aber auch f\u00fcr die sich entwickelnde Situation verantwortlich, sagte K\u00f6v\u00e9rDer Haushaltsentwurf stelle eine \u201cstrafrechtliche Ma\u00dfnahme dar, die auf politischer Voreingenommenheit der Europ\u00e4ischen Kommission beruht\u201d und<\/p>\n<blockquote>\n<p>Die V4-L\u00e4nder werden dagegen protestieren und es in der jetzigen Form f\u00fcr inakzeptabel halten, f\u00fcgte er hinzu.<\/p>\n<\/blockquote>\n<p>Die Teilnehmer des Treffens sagten, es sei eine begr\u00fc\u00dfenswerte Entwicklung, \u201edass aus Berlin \u00e4hnliche Ansichten zur Migration zu h\u00f6ren sind, wie sie die Visegrad-L\u00e4nder in den letzten Jahren ge\u00e4u\u00dfert haben\u201csagte er.<\/p>\n<p>Der \u00f6sterreichische Nationalratspr\u00e4sident Wolfgang Sobotka stellte in der Sitzung die Politik vor, die die kommende EU-Pr\u00e4sidentschaft verfolgen wird, wobei er auch die Frage der demokratischen Kontrolle \u00fcber die \u00f6ffentlichen Medien erw\u00e4hnte, sagte K\u00f6ver.<\/p>\n<p>Der Sprecher des Nationalrats der Slowakischen Republik, Andrej Danko, stellte die Pl\u00e4ne seines Landes vor, das die n\u00e4chste Pr\u00e4sidentschaft \u00fcbernehmen wird.<\/p>\n<p><em>Foto: MTI<\/em><\/p>\n","protected":false},"excerpt":{"rendered":"<p>Das Thema Migration und der n\u00e4chste Haushalt der Europ\u00e4ischen Union standen im Mittelpunkt der Gespr\u00e4che auf einem Treffen von Parlamentssprecher von der Visegrad Gruppe und \u00d6sterreich am Freitag. Ungarns L\u00e1szl\u00f3 K\u00f6v\u00e9r sagte MTI nach dem Treffen im westungarischen Balatonf\u00fcred, dass die Teilnehmer ihre Position bekr\u00e4ftigten, dass die Sicherheit der Nationen im Zusammenhang mit Migration gest\u00e4rkt [&hellip;]<\/p>\n","protected":false},"author":2,"featured_media":738125,"comment_status":"open","ping_status":"open","sticky":false,"template":"","format":"standard","meta":{"_acf_changed":false,"_display_image":"","footnotes":""},"categories":[1081],"tags":[1289,1082,1746,1445,1129,1923],"class_list":["post-738124","post","type-post","status-publish","format-standard","has-post-thumbnail","hentry","category-politik","tag-balaton","tag-europaische-union","tag-hausredner","tag-migration","tag-osterreich","tag-visegrad-vier"],"blocksy_meta":[],"acf":[],"author_username":"alk","telegram_post":"","public_post_metadata":{"breaking_news":"","important":"","csempe":"","center_tile":"","disable_thumbnail":"","target_lang":"","_featured_image_style":"","telegram_post":"","_xlat_group_id":""},"public_rank_math_data":{"title":"%title% %sep% %sitename%","description":"Das Thema Migration und der n\u00e4chste Haushalt der Europ\u00e4ischen Union standen am Freitag im Mittelpunkt der Gespr\u00e4che bei einem Treffen der Parlamentspr\u00e4sidenten der Visegrad-Fraktion und \u00d6sterreichs.","focus_keyword":"Migration","canonical_url":"","robots":"","primary_category":"1081","breadcrumb_title":"","facebook_title":"","facebook_description":"","facebook_image":"","facebook_image_id":"","twitter_title":"","twitter_description":"","twitter_image":"","twitter_image_id":"","twitter_card_type":"","twitter_use_facebook":"","advanced_robots":"","pillar_content":"","seo_score":"66","contentai_score":"","rich_snippet":""},"_links":{"self":[{"href":"https:\/\/dailynewshungary.com\/de\/wp-json\/wp\/v2\/posts\/738124","targetHints":{"allow":["GET"]}}],"collection":[{"href":"https:\/\/dailynewshungary.com\/de\/wp-json\/wp\/v2\/posts"}],"about":[{"href":"https:\/\/dailynewshungary.com\/de\/wp-json\/wp\/v2\/types\/post"}],"author":[{"embeddable":true,"href":"https:\/\/dailynewshungary.com\/de\/wp-json\/wp\/v2\/users\/2"}],"replies":[{"embeddable":true,"href":"https:\/\/dailynewshungary.com\/de\/wp-json\/wp\/v2\/comments?post=738124"}],"version-history":[{"count":0,"href":"https:\/\/dailynewshungary.com\/de\/wp-json\/wp\/v2\/posts\/738124\/revisions"}],"wp:featuredmedia":[{"embeddable":true,"href":"https:\/\/dailynewshungary.com\/de\/wp-json\/wp\/v2\/media\/738125"}],"wp:attachment":[{"href":"https:\/\/dailynewshungary.com\/de\/wp-json\/wp\/v2\/media?parent=738124"}],"wp:term":[{"taxonomy":"category","embeddable":true,"href":"https:\/\/dailynewshungary.com\/de\/wp-json\/wp\/v2\/categories?post=738124"},{"taxonomy":"post_tag","embeddable":true,"href":"https:\/\/dailynewshungary.com\/de\/wp-json\/wp\/v2\/tags?post=738124"}],"curies":[{"name":"wp","href":"https:\/\/api.w.org\/{rel}","templated":true}]}}