{"id":738145,"date":"2018-06-22T09:43:45","date_gmt":"2018-06-22T07:43:45","guid":{"rendered":"https:\/\/dailynewshungary.com\/de\/die-bewegung-des-ehemaligen-stellvertretenden-vorsitzenden-von-jobbik-strebt-die-grundung-einer-neuen-partei-an\/"},"modified":"2018-06-22T09:43:45","modified_gmt":"2018-06-22T07:43:45","slug":"die-bewegung-des-ehemaligen-stellvertretenden-vorsitzenden-von-jobbik-strebt-die-grundung-einer-neuen-partei-an","status":"publish","type":"post","link":"https:\/\/dailynewshungary.com\/de\/die-bewegung-des-ehemaligen-stellvertretenden-vorsitzenden-von-jobbik-strebt-die-grundung-einer-neuen-partei-an\/","title":{"rendered":"Die Bewegung des ehemaligen stellvertretenden Vorsitzenden von Jobbik strebt die Gr\u00fcndung einer neuen Partei an"},"content":{"rendered":"<p><strong>Eine unter dem Namen \u201cUnser Land\u201d gebildete Splittergruppe der Jobbik-Partei werde am 23. Juni ihre konstituierende Sitzung abhalten mit dem Ziel, als neue politische Partei weiterzumachen, sagte der Gr\u00fcnder der Bewegung am Freitag dem \u00f6ffentlich-rechtlichen Sender M1.<\/strong><\/p>\n<p>L\u00e1szl\u00f3 Toroczkai, ehemaliger stellvertretender Vorsitzender von Jobbik, sagte, \u201ewenn es genug Willen und Unterst\u00fctzung gibt\u201cwerden sie das Treffen mit der Vorstellung ihres Programms beenden.<\/p>\n<p>Toroczkai, der Hardliner-B\u00fcrgermeister von \u00c1sotthalom, einem Dorf nahe der serbischen Grenze, sagte, die Ereignisse rund um seine Plattform seien schneller vorangekommen, als er erwartet hatte, und h\u00e4tten ihnen die Chance gegeben, innerhalb eines Jahres oder sogar schneller noch st\u00e4rker als Jobbik zu werden.<\/p>\n<p>Bez\u00fcglich des Programms der neuen Bewegung sagte Toroczkai gegen\u00fcber M1, dass es sich mit gesellschaftlichen Themen wie Bankpraktiken, einschlie\u00dflich Forex-Hypothekendarlehen, sowie umfassenderen Themen wie Trianon, EU-Beziehungen, Migration und Auswanderung befassen wolle.<\/p>\n<blockquote>\n<p>Jobbiks Disziplinarausschuss beschloss am 8. Juni, Toroczkai aus der Partei auszuschlie\u00dfen<\/p>\n<\/blockquote>\n<p>Wer zuvor kandidiert hatte <a href=\"https:\/\/dailynewshungary.com\/de\/der-grose-britische-zuguberfall-wie-eine-15-kopfige-bande-1963-26-millionen-pfund-stahl\/\" target=\"_blank\" rel=\"noopener\">Jobbik<\/a>\u2018s F\u00fchrung erfolglos, dann versuchte er, eine eigene Plattform einzurichten.<\/p>\n","protected":false},"excerpt":{"rendered":"<p>Eine unter dem Namen \u201cUnser Land\u201d gebildete Splittergruppe der Jobbik-Partei werde am 23. Juni ihre konstituierende Sitzung abhalten mit dem Ziel, als neue politische Partei weiterzumachen, sagte der Gr\u00fcnder der Bewegung am Freitag dem \u00f6ffentlich-rechtlichen Sender M1. L\u00e1szl\u00f3 Toroczkai, ehemaliger stellvertretender Vorsitzender von Jobbik, sagte, \u201ewenn es genug Willen und Unterst\u00fctzung gibt\u201cwerden sie das Treffen [&hellip;]<\/p>\n","protected":false},"author":2,"featured_media":738146,"comment_status":"open","ping_status":"open","sticky":false,"template":"","format":"standard","meta":{"_acf_changed":false,"_display_image":"","footnotes":""},"categories":[1081],"tags":[1632],"class_list":["post-738145","post","type-post","status-publish","format-standard","has-post-thumbnail","hentry","category-politik","tag-jobbik"],"blocksy_meta":[],"acf":[],"author_username":"alk","telegram_post":"","public_post_metadata":{"breaking_news":"","important":"","csempe":"","center_tile":"","disable_thumbnail":"","target_lang":"","_featured_image_style":"","telegram_post":"","_xlat_group_id":""},"public_rank_math_data":{"title":"%title% %sep% %sitename%","description":"Eine Splittergruppe der Jobbik-Partei, die unter dem Namen \"Unser Land\" gebildet wurde, wird am 23. Juni ihre konstituierende Sitzung abhalten mit dem Ziel, als neue politische Partei weiterzumachen, sagte der Gr\u00fcnder der Bewegung am Freitag dem \u00f6ffentlich-rechtlichen Sender M1.","focus_keyword":"Jobbik","canonical_url":"","robots":"","primary_category":"1081","breadcrumb_title":"","facebook_title":"","facebook_description":"","facebook_image":"","facebook_image_id":"","twitter_title":"","twitter_description":"","twitter_image":"","twitter_image_id":"","twitter_card_type":"","twitter_use_facebook":"","advanced_robots":"","pillar_content":"","seo_score":"58","contentai_score":"","rich_snippet":""},"_links":{"self":[{"href":"https:\/\/dailynewshungary.com\/de\/wp-json\/wp\/v2\/posts\/738145","targetHints":{"allow":["GET"]}}],"collection":[{"href":"https:\/\/dailynewshungary.com\/de\/wp-json\/wp\/v2\/posts"}],"about":[{"href":"https:\/\/dailynewshungary.com\/de\/wp-json\/wp\/v2\/types\/post"}],"author":[{"embeddable":true,"href":"https:\/\/dailynewshungary.com\/de\/wp-json\/wp\/v2\/users\/2"}],"replies":[{"embeddable":true,"href":"https:\/\/dailynewshungary.com\/de\/wp-json\/wp\/v2\/comments?post=738145"}],"version-history":[{"count":0,"href":"https:\/\/dailynewshungary.com\/de\/wp-json\/wp\/v2\/posts\/738145\/revisions"}],"wp:featuredmedia":[{"embeddable":true,"href":"https:\/\/dailynewshungary.com\/de\/wp-json\/wp\/v2\/media\/738146"}],"wp:attachment":[{"href":"https:\/\/dailynewshungary.com\/de\/wp-json\/wp\/v2\/media?parent=738145"}],"wp:term":[{"taxonomy":"category","embeddable":true,"href":"https:\/\/dailynewshungary.com\/de\/wp-json\/wp\/v2\/categories?post=738145"},{"taxonomy":"post_tag","embeddable":true,"href":"https:\/\/dailynewshungary.com\/de\/wp-json\/wp\/v2\/tags?post=738145"}],"curies":[{"name":"wp","href":"https:\/\/api.w.org\/{rel}","templated":true}]}}