{"id":738202,"date":"2018-06-20T13:45:46","date_gmt":"2018-06-20T11:45:46","guid":{"rendered":"https:\/\/dailynewshungary.com\/de\/die-starkste-spaltung-der-ungarischen-oppositionspartei-wird-voraussichtlich-ausgeglichen-sein\/"},"modified":"2018-06-20T13:45:46","modified_gmt":"2018-06-20T11:45:46","slug":"die-starkste-spaltung-der-ungarischen-oppositionspartei-wird-voraussichtlich-ausgeglichen-sein","status":"publish","type":"post","link":"https:\/\/dailynewshungary.com\/de\/die-starkste-spaltung-der-ungarischen-oppositionspartei-wird-voraussichtlich-ausgeglichen-sein\/","title":{"rendered":"Die st\u00e4rkste Spaltung der ungarischen Oppositionspartei wird voraussichtlich ausgeglichen sein?"},"content":{"rendered":"<p><strong>Die Opposition <a href=\"https:\/\/dailynewshungary.com\/de\/der-grose-britische-zuguberfall-wie-eine-15-kopfige-bande-1963-26-millionen-pfund-stahl\/\" target=\"_blank\" rel=\"noopener\">Jobbik-party<\/a>, wenn es sich spaltet, wird wahrscheinlich in zwei \u00e4hnlich gro\u00dfe Lager fallen, da der \u00dcberl\u00e4ufer L\u00e1szl\u00f3 Toroczkai nach Angaben des N\u00e9z.pont-Instituts voraussichtlich die H\u00e4lfte der W\u00e4hler mitnehmen wird.<\/strong><\/p>\n<p>Der am Mittwoch ver\u00f6ffentlichte Bericht der Denkfabrik zeigt, dass 35 Prozent der Jobbik-Sympathisanten definitiv f\u00fcr eine neue Partei stimmen w\u00fcrden, die vom Hardliner-B\u00fcrgermeister von \u00c1sotthalom gegr\u00fcndet wurde, w\u00e4hrend 36 Prozent Toroczkai ablehnten. Fast ein Drittel war unsicher.<\/p>\n<blockquote>\n<p>Toroczkai steht kurz davor, bei den Europawahlen im n\u00e4chsten Jahr anzutreten, falls Jobbik sich spaltet.<\/p>\n<\/blockquote>\n<p>Eine neu gegr\u00fcndete Partei w\u00fcrde auch Jobbiks Vorbereitungen f\u00fcr die Kommunalwahlen behindern, indem sie ihre Basisorganisationen verw\u00e4ssert.<\/p>\n<p>Die Partei ist tief \u00fcber den ehemaligen Vorsitzenden G\u00e1bor Vona gespalten. Ganze 43 Prozent der Jobbik-Anh\u00e4nger stimmten Vona zu, der die Partei in eine gem\u00e4\u00dfigtere Richtung trieb, w\u00e4hrend 49 Prozent einen radikaleren Weg bef\u00fcrworteten.<\/p>\n<p>N\u00e9z.pont befragte vom 1. bis 6. Juni eine repr\u00e4sentative Stichprobe von 1.000 Erwachsenen.<\/p>\n<p>Wie wir vor zwei Wochen schrieben, beschloss der Disziplinarausschuss von Jobbik, den ehemaligen stellvertretenden Vorsitzenden L\u00e1szl\u00f3 Toroczkai, der zuvor erfolglos f\u00fcr Jobbiks F\u00fchrung kandidiert hatte, aus der Partei auszuschlie\u00dfen und versuchte dann, eine eigene Plattform zu gr\u00fcnden <a href=\"https:\/\/dailynewshungary.com\/de\/jobbik-weist-toroczkai-aus\/\" target=\"_blank\" rel=\"noopener\">Lesen Sie hier mehr<\/a>.<\/p>\n<p>Auch schon mal geschrieben <a href=\"https:\/\/dailynewshungary.com\/de\/der-jobbik-gesetzgeber-duro-bat-um-eine-ruckkehr-seines-mandats\/\" target=\"_blank\" rel=\"noopener\">Der Vorstand der Jobbik-Partei hat die Abgeordnete D\u00f3ra D\u00far\u00f3 gebeten, ihr Mandat zur\u00fcckzugeben<\/a>\u201esagte die Partei in einer Erkl\u00e4rung.<\/p>\n<p><em>Foto: MTI<\/em><\/p>\n","protected":false},"excerpt":{"rendered":"<p>Die Opposition Jobbik-party, wenn es sich spaltet, wird wahrscheinlich in zwei \u00e4hnlich gro\u00dfe Lager fallen, da der \u00dcberl\u00e4ufer L\u00e1szl\u00f3 Toroczkai nach Angaben des N\u00e9z.pont-Instituts voraussichtlich die H\u00e4lfte der W\u00e4hler mitnehmen wird. Der am Mittwoch ver\u00f6ffentlichte Bericht der Denkfabrik zeigt, dass 35 Prozent der Jobbik-Sympathisanten definitiv f\u00fcr eine neue Partei stimmen w\u00fcrden, die vom Hardliner-B\u00fcrgermeister von [&hellip;]<\/p>\n","protected":false},"author":2,"featured_media":738203,"comment_status":"open","ping_status":"open","sticky":false,"template":"","format":"standard","meta":{"_acf_changed":false,"_display_image":"","footnotes":""},"categories":[1081],"tags":[1632],"class_list":["post-738202","post","type-post","status-publish","format-standard","has-post-thumbnail","hentry","category-politik","tag-jobbik"],"blocksy_meta":[],"acf":[],"author_username":"alk","telegram_post":"","public_post_metadata":{"breaking_news":"","important":"","csempe":"","center_tile":"","disable_thumbnail":"","target_lang":"","_featured_image_style":"","telegram_post":"","_xlat_group_id":""},"public_rank_math_data":{"title":"%title% %sep% %sitename%","description":"Die oppositionelle Jobbik-Partei wird, wenn sie sich spaltet, wahrscheinlich in zwei \u00e4hnlich gro\u00dfe Lager fallen, da der \u00dcberl\u00e4ufer L\u00e1szl\u00f3 Toroczkai nach Angaben des Instituts Nez.pont voraussichtlich die H\u00e4lfte der W\u00e4hler mitnehmen wird.","focus_keyword":"Jobbik","canonical_url":"","robots":"","primary_category":"1081","breadcrumb_title":"","facebook_title":"","facebook_description":"","facebook_image":"","facebook_image_id":"","twitter_title":"","twitter_description":"","twitter_image":"","twitter_image_id":"","twitter_card_type":"","twitter_use_facebook":"","advanced_robots":"","pillar_content":"","seo_score":"16","contentai_score":"","rich_snippet":""},"_links":{"self":[{"href":"https:\/\/dailynewshungary.com\/de\/wp-json\/wp\/v2\/posts\/738202","targetHints":{"allow":["GET"]}}],"collection":[{"href":"https:\/\/dailynewshungary.com\/de\/wp-json\/wp\/v2\/posts"}],"about":[{"href":"https:\/\/dailynewshungary.com\/de\/wp-json\/wp\/v2\/types\/post"}],"author":[{"embeddable":true,"href":"https:\/\/dailynewshungary.com\/de\/wp-json\/wp\/v2\/users\/2"}],"replies":[{"embeddable":true,"href":"https:\/\/dailynewshungary.com\/de\/wp-json\/wp\/v2\/comments?post=738202"}],"version-history":[{"count":0,"href":"https:\/\/dailynewshungary.com\/de\/wp-json\/wp\/v2\/posts\/738202\/revisions"}],"wp:featuredmedia":[{"embeddable":true,"href":"https:\/\/dailynewshungary.com\/de\/wp-json\/wp\/v2\/media\/738203"}],"wp:attachment":[{"href":"https:\/\/dailynewshungary.com\/de\/wp-json\/wp\/v2\/media?parent=738202"}],"wp:term":[{"taxonomy":"category","embeddable":true,"href":"https:\/\/dailynewshungary.com\/de\/wp-json\/wp\/v2\/categories?post=738202"},{"taxonomy":"post_tag","embeddable":true,"href":"https:\/\/dailynewshungary.com\/de\/wp-json\/wp\/v2\/tags?post=738202"}],"curies":[{"name":"wp","href":"https:\/\/api.w.org\/{rel}","templated":true}]}}