{"id":738415,"date":"2018-06-12T10:35:30","date_gmt":"2018-06-12T08:35:30","guid":{"rendered":"https:\/\/dailynewshungary.com\/de\/opposition-jobbik-bestreitet-berichte-uber-abwanderung-von-parteimitgliedern\/"},"modified":"2018-06-12T10:35:30","modified_gmt":"2018-06-12T08:35:30","slug":"opposition-jobbik-bestreitet-berichte-uber-abwanderung-von-parteimitgliedern","status":"publish","type":"post","link":"https:\/\/dailynewshungary.com\/de\/opposition-jobbik-bestreitet-berichte-uber-abwanderung-von-parteimitgliedern\/","title":{"rendered":"Opposition Jobbik bestreitet Berichte \u00fcber Abwanderung von Parteimitgliedern"},"content":{"rendered":"<p><strong>Berichte \u00fcber einen Exodus von Parteimitgliedern hat Jobbiks Sprecher zur\u00fcckgewiesen.<\/strong><\/p>\n<p>P\u00e9ter Jakab sagte am Dienstag gegen\u00fcber dem \u00f6ffentlichen Fernsehen, es sei \u201cnat\u00fcrlich\u201d, dass Mitglieder, die mit den Entscheidungen der Parteimehrheit nicht einverstanden seien, nach einer F\u00fchrungsumbildung austreten.<\/p>\n<p>Seit dem Parteitag am 12. Mai, in dem <a href=\"https:\/\/dailynewshungary.com\/de\/jobbik-wahlt-gemasigt-zum-parteivorsitzenden\/\" target=\"_blank\" rel=\"noopener\">Tam\u00e1s Sneider wurde zum Vorsitzenden der patriotischen Volkspartei gew\u00e4hlt<\/a> 50 Prozent mehr Menschen seien Jobbik beigetreten als verlassen, sagte er und f\u00fcgte hinzu, dass die Mitgliederzahl keineswegs spalte, sondern stabil sei.<\/p>\n<blockquote>\n<p><span style=\"color: #0000ff;\">\u201cWir bestehen immer noch darauf, dass Jobbik das ganze Land repr\u00e4sentieren muss, Linke ebenso wie Rechte\u201d<\/span><\/p>\n<\/blockquote>\n<p>Jobbik-Abgeordnete D\u00f3ra D\u00far\u00f3 gab am Freitag ihre Entscheidung bekannt, die Partei zu verlassen. Zuvor hatte J<a href=\"https:\/\/dailynewshungary.com\/de\/jobbik-weist-toroczkai-aus\/\" target=\"_blank\" rel=\"noopener\">Obbiks Disziplinarausschuss hat den ehemaligen stellvertretenden Vorsitzenden L\u00e1szl\u00f3 Toroczkai eingefroren<\/a> Der erfolglos um die F\u00fchrung der Partei kandidiert hatte, bevor er versuchte, darin eine Plattform zu schaffen.<\/p>\n<p>Mehrere Mitglieder und Beamte, darunter Norbert Sz,cs, Jobbiks Anf\u00fchrer im Kreis Baranya, sagten<a href=\"https:\/\/dailynewshungary.com\/de\/jobbik-schliest-duro-aus-der-fraktion-aus\/\" target=\"_blank\" rel=\"noopener\"> Sie werden in D\u00far\u00f3s Fu\u00dfstapfen treten.<\/a><\/p>\n<p><em>Ausgew\u00e4hlte Bild: MTI<\/em><\/p>\n","protected":false},"excerpt":{"rendered":"<p>Berichte \u00fcber einen Exodus von Parteimitgliedern hat Jobbiks Sprecher zur\u00fcckgewiesen. P\u00e9ter Jakab sagte am Dienstag gegen\u00fcber dem \u00f6ffentlichen Fernsehen, es sei \u201cnat\u00fcrlich\u201d, dass Mitglieder, die mit den Entscheidungen der Parteimehrheit nicht einverstanden seien, nach einer F\u00fchrungsumbildung austreten. Seit dem Parteitag am 12. Mai, in dem Tam\u00e1s Sneider wurde zum Vorsitzenden der patriotischen Volkspartei gew\u00e4hlt 50 [&hellip;]<\/p>\n","protected":false},"author":7,"featured_media":738416,"comment_status":"open","ping_status":"open","sticky":false,"template":"","format":"standard","meta":{"_acf_changed":false,"_display_image":"","footnotes":""},"categories":[1081],"tags":[1632,1447],"class_list":["post-738415","post","type-post","status-publish","format-standard","has-post-thumbnail","hentry","category-politik","tag-jobbik","tag-wahl"],"blocksy_meta":[],"acf":[],"author_username":"Szandi","telegram_post":"","public_post_metadata":{"breaking_news":"","important":"","csempe":"","center_tile":"","disable_thumbnail":"","target_lang":"","_featured_image_style":"","telegram_post":"","_xlat_group_id":""},"public_rank_math_data":{"title":"%title% %sep% %sitename%","description":"Jobbiks Sprecher hat Berichte \u00fcber einen Exodus von Parteimitgliedern zur\u00fcckgewiesenP\u00e9ter Jakab sagte am Dienstag dem \u00f6ffentlichen Fernsehen, es sei \"nat\u00fcrlich\", dass Mitglieder, die mit den Entscheidungen der Parteimehrheit nicht einverstanden seien, nach einer F\u00fchrungsumbildung austreten.","focus_keyword":"Exodus","canonical_url":"","robots":"","primary_category":"1081","breadcrumb_title":"","facebook_title":"","facebook_description":"","facebook_image":"","facebook_image_id":"","twitter_title":"","twitter_description":"","twitter_image":"","twitter_image_id":"","twitter_card_type":"","twitter_use_facebook":"","advanced_robots":"","pillar_content":"","seo_score":"61","contentai_score":"","rich_snippet":""},"_links":{"self":[{"href":"https:\/\/dailynewshungary.com\/de\/wp-json\/wp\/v2\/posts\/738415","targetHints":{"allow":["GET"]}}],"collection":[{"href":"https:\/\/dailynewshungary.com\/de\/wp-json\/wp\/v2\/posts"}],"about":[{"href":"https:\/\/dailynewshungary.com\/de\/wp-json\/wp\/v2\/types\/post"}],"author":[{"embeddable":true,"href":"https:\/\/dailynewshungary.com\/de\/wp-json\/wp\/v2\/users\/7"}],"replies":[{"embeddable":true,"href":"https:\/\/dailynewshungary.com\/de\/wp-json\/wp\/v2\/comments?post=738415"}],"version-history":[{"count":0,"href":"https:\/\/dailynewshungary.com\/de\/wp-json\/wp\/v2\/posts\/738415\/revisions"}],"wp:featuredmedia":[{"embeddable":true,"href":"https:\/\/dailynewshungary.com\/de\/wp-json\/wp\/v2\/media\/738416"}],"wp:attachment":[{"href":"https:\/\/dailynewshungary.com\/de\/wp-json\/wp\/v2\/media?parent=738415"}],"wp:term":[{"taxonomy":"category","embeddable":true,"href":"https:\/\/dailynewshungary.com\/de\/wp-json\/wp\/v2\/categories?post=738415"},{"taxonomy":"post_tag","embeddable":true,"href":"https:\/\/dailynewshungary.com\/de\/wp-json\/wp\/v2\/tags?post=738415"}],"curies":[{"name":"wp","href":"https:\/\/api.w.org\/{rel}","templated":true}]}}