{"id":738425,"date":"2018-06-11T20:20:30","date_gmt":"2018-06-11T18:20:30","guid":{"rendered":"https:\/\/dailynewshungary.com\/de\/ungarischer-ausenminister-europas-grenzen-mussen-geschutzt-werden\/"},"modified":"2018-06-11T20:20:30","modified_gmt":"2018-06-11T18:20:30","slug":"ungarischer-ausenminister-europas-grenzen-mussen-geschutzt-werden","status":"publish","type":"post","link":"https:\/\/dailynewshungary.com\/de\/ungarischer-ausenminister-europas-grenzen-mussen-geschutzt-werden\/","title":{"rendered":"Ungarischer Au\u00dfenminister: Europas Grenzen m\u00fcssen gesch\u00fctzt werden"},"content":{"rendered":"<p><strong>Solange die Sicherheit Europas ausschlie\u00dflich vom guten Willen der T\u00fcrkei abh\u00e4ngt, ist ihre <a href=\"https:\/\/dailynewshungary.com\/de\/sicherheit-grenzschutz-hohe-prioritat-im-haushalt-ungarns-fur-das-nachste-jahr\/\" target=\"_blank\" rel=\"noopener\">Grenzen werden wehrlos bleiben<\/a> P\u00e9ter Szijj\u00e1rt\u00f3, Ungarns Au\u00dfenminister, sagte am Montag.<\/strong><\/p>\n<blockquote>\n<p><span style=\"color: #0000ff;\">Er sagte, die T\u00fcrkei habe ihr Abkommen mit Griechenland zur R\u00fccknahme von Migranten gek\u00fcndigt.<\/span><\/p>\n<\/blockquote>\n<p>\u201cDas zeigt, wie fragil die Lage an Europas S\u00fcdgrenze geworden ist\u201d, sagte Szijj\u00e1rt\u00f3 telefonisch gegen\u00fcber MTI, nachdem er an einem Treffen der Au\u00dfenminister der Mitteleurop\u00e4ischen Initiative in Split teilgenommen hatte.<\/p>\n<p>\u201cWenn das EU-T\u00fcrkische Abkommen genauso verl\u00e4uft wie das griechisch-t\u00fcrkische Abkommen, ist mit einer neuen Welle von Migranten auf der Westbalkanroute zu rechnen, und Hunderttausende illegale Migranten k\u00f6nnten im Handumdrehen an Ungarns S\u00fcdgrenze ankommen\u201d.<\/p>\n<blockquote>\n<p><span style=\"color: #0000ff;\">Szijj\u00e1rt\u00f3 sagte, der Westbalkan sei <a href=\"https:\/\/dailynewshungary.com\/de\/die-uberwiegende-mehrheit-der-ungarn-unterstutzt-die-grenzumfrage\/\" target=\"_blank\" rel=\"noopener\">Die einzige verbliebene Verteidigungslinie und Ungarns Zaun \u201cfunktioniert wirklich\u201d.<\/a><\/span><\/p>\n<\/blockquote>\n<p>Er sagte, dass \u201csehr alarmierende\u201d Entwicklungen im S\u00fcden Europas stattfinden, und f\u00fcgte hinzu, dass es \u201cklar\u201d sei, dass Br\u00fcssel es in den vergangenen dreieinhalb Jahren nicht geschafft habe, eine s\u00fcdliche Verteidigungslinie aufzubauen.<\/p>\n<p>\u201cDie Gefahr ist da und sie w\u00e4chst\u201d<\/p>\n<p>Die Teilnehmer des Treffens waren sich einig \u00fcber die Notwendigkeit einer gemeinsamen Politik, die Migranten nicht dazu ermutigt, nach Europa zu ziehen \u201cMigration muss an der Wurzel gepackt werden\u201d, sagte er.<\/p>\n<blockquote>\n<p><span style=\"color: #0000ff;\">Herkunftsl\u00e4nder f\u00fcr Migranten sollten enger zusammenarbeiten, um dem Abfluss Einhalt zu gebieten, f\u00fcgte er hinzu.<\/span><\/p>\n<\/blockquote>\n<p>Er wies darauf hin, dass die Erweiterung der Europ\u00e4ischen Union und die Migration auf der Tagesordnung des Treffens st\u00fcnden, aber alle sprachen \u00fcber die neue Migrationsroute im Westbalkan.<\/p>\n<p>Auf der eint\u00e4gigen Konferenz hielt Szijj\u00e1rt\u00f3 ein bilaterales Treffen mit dem italienischen Amtskollegen Enzo Moavero Milanesi und Ivica Dacic, dem serbischen Au\u00dfenminister, ab.<\/p>\n<p>Die Mitteleurop\u00e4ische Initiative ist der gr\u00f6\u00dfte nicht-institutionalisierte Rahmen der Region f\u00fcr zwischenstaatliche Beziehungen Kroatien steht in diesem Jahr an der Spitze der Organisation Regierungschefs treffen sich einmal im Jahr, Au\u00dfenminister treffen sich alle sechs Monate.<\/p>\n<p><em>Ausgew\u00e4hlte Bild: www.kormany.hu<\/em><\/p>\n","protected":false},"excerpt":{"rendered":"<p>Solange die Sicherheit Europas ausschlie\u00dflich vom guten Willen der T\u00fcrkei abh\u00e4ngt, ist ihre Grenzen werden wehrlos bleiben P\u00e9ter Szijj\u00e1rt\u00f3, Ungarns Au\u00dfenminister, sagte am Montag. Er sagte, die T\u00fcrkei habe ihr Abkommen mit Griechenland zur R\u00fccknahme von Migranten gek\u00fcndigt. \u201cDas zeigt, wie fragil die Lage an Europas S\u00fcdgrenze geworden ist\u201d, sagte Szijj\u00e1rt\u00f3 telefonisch gegen\u00fcber MTI, nachdem [&hellip;]<\/p>\n","protected":false},"author":7,"featured_media":738426,"comment_status":"open","ping_status":"open","sticky":false,"template":"","format":"standard","meta":{"_acf_changed":false,"_display_image":"","footnotes":""},"categories":[1081],"tags":[1470,1243,1445,2251],"class_list":["post-738425","post","type-post","status-publish","format-standard","has-post-thumbnail","hentry","category-politik","tag-ausenministerium-fur-ungarn","tag-balkan","tag-migration","tag-mitteleuropa"],"blocksy_meta":[],"acf":[],"author_username":"Szandi","telegram_post":"","public_post_metadata":{"breaking_news":"","important":"","csempe":"","center_tile":"","disable_thumbnail":"","target_lang":"","_featured_image_style":"","telegram_post":"","_xlat_group_id":""},"public_rank_math_data":{"title":"%title% %sep% %sitename%","description":"Solange Europas Sicherheit ausschlie\u00dflich vom guten Willen der T\u00fcrkei abh\u00e4ngt, werden ihre Grenzen wehrlos bleiben, sagte P\u00e9ter Szijj\u00e1rt\u00f3, Ungarns Au\u00dfenminister, am Montag.","focus_keyword":"Grenzen","canonical_url":"","robots":"","primary_category":"1081","breadcrumb_title":"","facebook_title":"","facebook_description":"","facebook_image":"","facebook_image_id":"","twitter_title":"","twitter_description":"","twitter_image":"","twitter_image_id":"","twitter_card_type":"","twitter_use_facebook":"","advanced_robots":"","pillar_content":"","seo_score":"60","contentai_score":"","rich_snippet":""},"_links":{"self":[{"href":"https:\/\/dailynewshungary.com\/de\/wp-json\/wp\/v2\/posts\/738425","targetHints":{"allow":["GET"]}}],"collection":[{"href":"https:\/\/dailynewshungary.com\/de\/wp-json\/wp\/v2\/posts"}],"about":[{"href":"https:\/\/dailynewshungary.com\/de\/wp-json\/wp\/v2\/types\/post"}],"author":[{"embeddable":true,"href":"https:\/\/dailynewshungary.com\/de\/wp-json\/wp\/v2\/users\/7"}],"replies":[{"embeddable":true,"href":"https:\/\/dailynewshungary.com\/de\/wp-json\/wp\/v2\/comments?post=738425"}],"version-history":[{"count":0,"href":"https:\/\/dailynewshungary.com\/de\/wp-json\/wp\/v2\/posts\/738425\/revisions"}],"wp:featuredmedia":[{"embeddable":true,"href":"https:\/\/dailynewshungary.com\/de\/wp-json\/wp\/v2\/media\/738426"}],"wp:attachment":[{"href":"https:\/\/dailynewshungary.com\/de\/wp-json\/wp\/v2\/media?parent=738425"}],"wp:term":[{"taxonomy":"category","embeddable":true,"href":"https:\/\/dailynewshungary.com\/de\/wp-json\/wp\/v2\/categories?post=738425"},{"taxonomy":"post_tag","embeddable":true,"href":"https:\/\/dailynewshungary.com\/de\/wp-json\/wp\/v2\/tags?post=738425"}],"curies":[{"name":"wp","href":"https:\/\/api.w.org\/{rel}","templated":true}]}}