{"id":738627,"date":"2018-06-04T07:30:30","date_gmt":"2018-06-04T05:30:30","guid":{"rendered":"https:\/\/dailynewshungary.com\/de\/parlament-zur-erorterung-von-stop-soros-verfassungsanderung\/"},"modified":"2018-06-04T07:30:30","modified_gmt":"2018-06-04T05:30:30","slug":"parlament-zur-erorterung-von-stop-soros-verfassungsanderung","status":"publish","type":"post","link":"https:\/\/dailynewshungary.com\/de\/parlament-zur-erorterung-von-stop-soros-verfassungsanderung\/","title":{"rendered":"Parlament zur Er\u00f6rterung von \u2018Stop Soros\u2019, Verfassungs\u00e4nderung"},"content":{"rendered":"<p><strong><a href=\"https:\/\/dailynewshungary.com\/de\/der-grose-britische-zuguberfall-wie-eine-15-kopfige-bande-1963-26-millionen-pfund-stahl\/\" target=\"_blank\" rel=\"noopener\">Ungarns Parlament<\/a> Montagnachmittag eine zweit\u00e4gige Sitzung beginnen wird, mit einem Entwurf zur \u00c4nderung der Verfassung und <a href=\"https:\/\/dailynewshungary.com\/de\/kabinett-orban-dem-parlament-das-paket-stop-soros-vorzulegen\/\" target=\"_blank\" rel=\"noopener\">Gesetzespaket \u201cStop Soros\u201d der Regierung<\/a> Ganz oben auf der Tagesordnung des zweiten Tages.<\/strong><\/p>\n<p>Auf der Tagesordnung f\u00fcr Montag stehen laut der Website des Parlaments ein Gedenken an den am 4. Juni 1920 unterzeichneten Friedensvertrag von Trianon nach dem WWI sowie eine Sitzung mit Fragen der Abgeordneten an die Mitglieder der neuen Regierung.<\/p>\n<blockquote>\n<p><span style=\"color: #0000ff;\">Die von der Regierung gef\u00f6rderte Verfassungs\u00e4nderung sollte \u201cdie Souver\u00e4nit\u00e4t Ungarns sch\u00fctzen und die Ansiedlung ausl\u00e4ndischer Bev\u00f6lkerung im Land verbieten\u201d.<\/span><\/p>\n<\/blockquote>\n<p>Am Dienstag wird der Entwurf der Nationalversammlung vorgelegt und die Fraktionen werden sich mit dem Vorschlag befassen, w\u00e4hrend zu einem sp\u00e4teren Zeitpunkt eine Plenardebatte folgt.<\/p>\n<p>Anschlie\u00dfend werden die Abgeordneten \u00fcber die von der Regierung initiierten \u201cStop Soros\u201d &#8211; Gesetze beraten, die darauf abzielen, \u201czu verhindern, dass Ungarn ein Ziel f\u00fcr Migranten wird\u201d.<\/p>\n","protected":false},"excerpt":{"rendered":"<p>Ungarns Parlament Montagnachmittag eine zweit\u00e4gige Sitzung beginnen wird, mit einem Entwurf zur \u00c4nderung der Verfassung und Gesetzespaket \u201cStop Soros\u201d der Regierung Ganz oben auf der Tagesordnung des zweiten Tages. Auf der Tagesordnung f\u00fcr Montag stehen laut der Website des Parlaments ein Gedenken an den am 4. Juni 1920 unterzeichneten Friedensvertrag von Trianon nach dem WWI [&hellip;]<\/p>\n","protected":false},"author":7,"featured_media":738628,"comment_status":"open","ping_status":"open","sticky":false,"template":"","format":"standard","meta":{"_acf_changed":false,"_display_image":"","footnotes":""},"categories":[1081],"tags":[1445,1658,1423,1702],"class_list":["post-738627","post","type-post","status-publish","format-standard","has-post-thumbnail","hentry","category-politik","tag-migration","tag-parlament","tag-recht","tag-soros"],"blocksy_meta":[],"acf":[],"author_username":"Szandi","telegram_post":"","public_post_metadata":{"breaking_news":"","important":"","csempe":"","center_tile":"","disable_thumbnail":"","target_lang":"","_featured_image_style":"","telegram_post":"","_xlat_group_id":""},"public_rank_math_data":{"title":"%title% %sep% %sitename%","description":"Ungarns Parlament wird am Montagnachmittag eine zweit\u00e4gige Sitzungsperiode beginnen, wobei ein Entwurf zur \u00c4nderung der Verfassung und das Gesetzespaket \"Stop Soros\" der Regierung ganz oben auf der Tagesordnung des zweiten Tages stehen.","focus_keyword":"Verfassungs\u00e4nderung","canonical_url":"","robots":"","primary_category":"1081","breadcrumb_title":"","facebook_title":"","facebook_description":"","facebook_image":"","facebook_image_id":"","twitter_title":"","twitter_description":"","twitter_image":"","twitter_image_id":"","twitter_card_type":"","twitter_use_facebook":"","advanced_robots":"","pillar_content":"","seo_score":"58","contentai_score":"","rich_snippet":""},"_links":{"self":[{"href":"https:\/\/dailynewshungary.com\/de\/wp-json\/wp\/v2\/posts\/738627","targetHints":{"allow":["GET"]}}],"collection":[{"href":"https:\/\/dailynewshungary.com\/de\/wp-json\/wp\/v2\/posts"}],"about":[{"href":"https:\/\/dailynewshungary.com\/de\/wp-json\/wp\/v2\/types\/post"}],"author":[{"embeddable":true,"href":"https:\/\/dailynewshungary.com\/de\/wp-json\/wp\/v2\/users\/7"}],"replies":[{"embeddable":true,"href":"https:\/\/dailynewshungary.com\/de\/wp-json\/wp\/v2\/comments?post=738627"}],"version-history":[{"count":0,"href":"https:\/\/dailynewshungary.com\/de\/wp-json\/wp\/v2\/posts\/738627\/revisions"}],"wp:featuredmedia":[{"embeddable":true,"href":"https:\/\/dailynewshungary.com\/de\/wp-json\/wp\/v2\/media\/738628"}],"wp:attachment":[{"href":"https:\/\/dailynewshungary.com\/de\/wp-json\/wp\/v2\/media?parent=738627"}],"wp:term":[{"taxonomy":"category","embeddable":true,"href":"https:\/\/dailynewshungary.com\/de\/wp-json\/wp\/v2\/categories?post=738627"},{"taxonomy":"post_tag","embeddable":true,"href":"https:\/\/dailynewshungary.com\/de\/wp-json\/wp\/v2\/tags?post=738627"}],"curies":[{"name":"wp","href":"https:\/\/api.w.org\/{rel}","templated":true}]}}