{"id":738701,"date":"2018-05-31T13:40:26","date_gmt":"2018-05-31T11:40:26","guid":{"rendered":"https:\/\/dailynewshungary.com\/de\/toroczkai-parteifuhrer-arbeiten-daran-jobbik-aufzulosen\/"},"modified":"2018-05-31T13:40:26","modified_gmt":"2018-05-31T11:40:26","slug":"toroczkai-parteifuhrer-arbeiten-daran-jobbik-aufzulosen","status":"publish","type":"post","link":"https:\/\/dailynewshungary.com\/de\/toroczkai-parteifuhrer-arbeiten-daran-jobbik-aufzulosen\/","title":{"rendered":"Toroczkai: Parteif\u00fchrer arbeiten daran, Jobbik aufzul\u00f6sen"},"content":{"rendered":"<p><strong><a href=\"https:\/\/dailynewshungary.com\/de\/toroczkai-soll-eine-plattform-innerhalb-von-jobbik-schaffen\/\" target=\"_blank\" rel=\"noopener\">L\u00e1szl\u00f3 Toroczkai, ein ehemaliger stellvertretender F\u00fchrer des patriotischen Volkspatriotischen Jobbik<\/a> sagte am Donnerstag, dass die derzeitige F\u00fchrung f\u00fcr den Zerfall der Partei verantwortlich sei, den er als unvermeidliche Entwicklung ansehe.<\/strong><\/p>\n<p>Eine unethische F\u00fchrung der Angelegenheiten sei in allen Oppositionsparteien \u00fcberw\u00e4ltigend gewordenSie seien in einen internen Kampf um die Macht verstrickt worden, anstatt sich auf konstruktive Pl\u00e4ne zu konzentrieren, sagte Toroczkai dem \u00f6ffentlich-rechtlichen Sender M1.<\/p>\n<blockquote>\n<p><span style=\"color: #0000ff;\">Toroczkai, von vielen als Hardliner angesehen <a href=\"https:\/\/dailynewshungary.com\/de\/jobbik-wahlt-gemasigt-zum-parteivorsitzenden\/\" target=\"_blank\" rel=\"noopener\">Bei einer F\u00fchrungswahl am 12. Mai unterlag Jobbik.<\/a><\/span><\/p>\n<\/blockquote>\n<p>Anstatt eine Alternative als Oppositionspartei anzubieten, habe Jobbik in den letzten Wochen nichts anderes als Rache betrieben, sagte er der Sendung.<\/p>\n<p>Das Wichtigste f\u00fcr die Partei sollte jedoch darin bestehen, ihre urspr\u00fcnglichen ideologischen und moralischen Grundlagen beizubehalten, sagte Toroczkai und f\u00fcgte hinzu, dass diese Idee auch von einem Abgeordneten unterst\u00fctzt wurde, der gerade aus Jobbiks Fraktion ausgeschlossen wurde.<\/p>\n<blockquote>\n<p><span style=\"color: #0000ff;\"><a href=\"https:\/\/dailynewshungary.com\/de\/der-jobbik-gesetzgeber-duro-bat-um-eine-ruckkehr-seines-mandats\/\" target=\"_blank\" rel=\"noopener\">Die Partei beschloss am Dienstag, D\u00f3ra D\u00far\u00f3 auszuschlie\u00dfen<\/a> \u00dcber ihren Beitritt zu einer Plattform, die letzte Woche von Toroczkai geschaffen wurde.<\/span><\/p>\n<\/blockquote>\n<p>Im Gespr\u00e4ch mit Reportern sagte D\u00far\u00f3 am Donnerstag, dass sie sich als Mitglied von Jobbik nicht vorstellen k\u00f6nne, dies zu tun, selbst wenn sie sich am Ende entschlie\u00dfen w\u00fcrde, ihre Karriere \u201eim \u00f6ffentlichen Raum\u201cfortzusetzen.<\/p>\n<blockquote>\n<p><span style=\"color: #0000ff;\">\u201cIn Jobbik findet eine politische Rache statt\u201d, sagte sie und f\u00fcgte hinzu, dass dieser Weg letztendlich zu einer Spaltung der Partei f\u00fchren w\u00fcrde.<\/span><\/p>\n<\/blockquote>\n<p>Auf die j\u00fcngste Bitte des Jobbik-Vorstands, ihr Mandat zur\u00fcckzugeben, antwortete D\u00far\u00f3, sie wolle keine voreilige Entscheidung treffen, und zwar vor dem 23. Juni, wenn die von L\u00e1szl\u00f3 Toroczkai geschaffene Plattform ihre Gr\u00fcndungskundgebung abhalten werde.<\/p>\n<p><em>Ausgew\u00e4hlte Bild: www.facebook.com\/ToroczkaiL\u00e1szl\u00f3<\/em><\/p>\n","protected":false},"excerpt":{"rendered":"<p>L\u00e1szl\u00f3 Toroczkai, ein ehemaliger stellvertretender F\u00fchrer des patriotischen Volkspatriotischen Jobbik sagte am Donnerstag, dass die derzeitige F\u00fchrung f\u00fcr den Zerfall der Partei verantwortlich sei, den er als unvermeidliche Entwicklung ansehe. Eine unethische F\u00fchrung der Angelegenheiten sei in allen Oppositionsparteien \u00fcberw\u00e4ltigend gewordenSie seien in einen internen Kampf um die Macht verstrickt worden, anstatt sich auf konstruktive [&hellip;]<\/p>\n","protected":false},"author":7,"featured_media":738702,"comment_status":"open","ping_status":"open","sticky":false,"template":"","format":"standard","meta":{"_acf_changed":false,"_display_image":"","footnotes":""},"categories":[1081],"tags":[1632,1658],"class_list":["post-738701","post","type-post","status-publish","format-standard","has-post-thumbnail","hentry","category-politik","tag-jobbik","tag-parlament"],"blocksy_meta":[],"acf":[],"author_username":"Szandi","telegram_post":"","public_post_metadata":{"breaking_news":"","important":"","csempe":"","center_tile":"","disable_thumbnail":"","target_lang":"","_featured_image_style":"","telegram_post":"","_xlat_group_id":""},"public_rank_math_data":{"title":"%title% %sep% %sitename%","description":"L\u00e1szl\u00f3 Toroczkai, ein ehemaliger stellvertretender Vorsitzender des patriotischen Volksjobbik, sagte am Donnerstag, dass die derzeitige F\u00fchrung f\u00fcr den Zerfall der Partei verantwortlich sei, den er als unvermeidliche Entwicklung ansehe.","focus_keyword":"Zerfallen","canonical_url":"","robots":"","primary_category":"1081","breadcrumb_title":"","facebook_title":"","facebook_description":"","facebook_image":"","facebook_image_id":"","twitter_title":"","twitter_description":"","twitter_image":"","twitter_image_id":"","twitter_card_type":"","twitter_use_facebook":"","advanced_robots":"","pillar_content":"","seo_score":"50","contentai_score":"","rich_snippet":""},"_links":{"self":[{"href":"https:\/\/dailynewshungary.com\/de\/wp-json\/wp\/v2\/posts\/738701","targetHints":{"allow":["GET"]}}],"collection":[{"href":"https:\/\/dailynewshungary.com\/de\/wp-json\/wp\/v2\/posts"}],"about":[{"href":"https:\/\/dailynewshungary.com\/de\/wp-json\/wp\/v2\/types\/post"}],"author":[{"embeddable":true,"href":"https:\/\/dailynewshungary.com\/de\/wp-json\/wp\/v2\/users\/7"}],"replies":[{"embeddable":true,"href":"https:\/\/dailynewshungary.com\/de\/wp-json\/wp\/v2\/comments?post=738701"}],"version-history":[{"count":0,"href":"https:\/\/dailynewshungary.com\/de\/wp-json\/wp\/v2\/posts\/738701\/revisions"}],"wp:featuredmedia":[{"embeddable":true,"href":"https:\/\/dailynewshungary.com\/de\/wp-json\/wp\/v2\/media\/738702"}],"wp:attachment":[{"href":"https:\/\/dailynewshungary.com\/de\/wp-json\/wp\/v2\/media?parent=738701"}],"wp:term":[{"taxonomy":"category","embeddable":true,"href":"https:\/\/dailynewshungary.com\/de\/wp-json\/wp\/v2\/categories?post=738701"},{"taxonomy":"post_tag","embeddable":true,"href":"https:\/\/dailynewshungary.com\/de\/wp-json\/wp\/v2\/tags?post=738701"}],"curies":[{"name":"wp","href":"https:\/\/api.w.org\/{rel}","templated":true}]}}