{"id":738750,"date":"2018-05-29T20:00:08","date_gmt":"2018-05-29T18:00:08","guid":{"rendered":"https:\/\/dailynewshungary.com\/de\/budapester-innenstadtbezirk-segways-und-andere-e-fahrzeuge-vom-strasenbelag-zu-verbannen\/"},"modified":"2018-05-29T20:00:08","modified_gmt":"2018-05-29T18:00:08","slug":"budapester-innenstadtbezirk-segways-und-andere-e-fahrzeuge-vom-strasenbelag-zu-verbannen","status":"publish","type":"post","link":"https:\/\/dailynewshungary.com\/de\/budapester-innenstadtbezirk-segways-und-andere-e-fahrzeuge-vom-strasenbelag-zu-verbannen\/","title":{"rendered":"Budapester Innenstadtbezirk, Segways und andere E-Fahrzeuge vom Stra\u00dfenbelag zu verbannen"},"content":{"rendered":"<p><strong>Segways, Elektrofahrr\u00e4der, E-Scooter und \u00e4hnliches, sowie \u201cBierr\u00e4der\u201d werden ab Mitte Juni aus Fu\u00dfg\u00e4ngerzonen des 5. Budapester Bezirksrates verbannt.<\/strong><\/p>\n<p>In der Innenstadt von Budapest seien viele Beschwerden \u00fcber gef\u00e4hrliche Ger\u00e4te laut geworden, die fast lautlos \u00fcber die Gehwege sausen, teilte der Gemeinderat am Dienstag in einer Erkl\u00e4rung mit.<\/p>\n<blockquote>\n<p>Bierr\u00e4der seien aufgrund ihrer Gr\u00f6\u00dfe f\u00fcr Fu\u00dfg\u00e4ngerzonen ungeeignet, hie\u00df es weiter.<\/p>\n<\/blockquote>\n<p>Nutzer m\u00fcssen ihre E-Bikes und Motorroller in Fu\u00dfg\u00e4ngerzonen und Parks abholen oder vor Ort eine Geldstrafe von 50.000 Forint (155 EUR) bzw. 150.000 Forint zahlen, wenn sie zu einem sp\u00e4teren Zeitpunkt abgerechnet werden.<\/p>\n<blockquote>\n<p>Unternehmen, die die Fahrzeuge vermieten, sind verpflichtet, Kunden \u00fcber das Verbot zu informieren.<\/p>\n<\/blockquote>\n<p>Wie wir gestern geschrieben haben, hat CNN Travel k\u00fcrzlich einen Artikel ver\u00f6ffentlicht, geschrieben von Pavlo Fedykovych, \u00fcber 9 versteckte Orte in Budapest, die es wert sind, entdeckt zu werden, wenn man die ungarische Hauptstadt besucht Der Autor behauptet, dass diese versteckten Orte die Orte sind, die wirklich den wahren Charakter von Budapest zeigen Lesen Sie HIER mehr.<\/p>\n<blockquote class=\"wp-embedded-content\" data-secret=\"xzHqCuFOqL\">\n<p><a href=\"https:\/\/dailynewshungary.com\/de\/fusganger-ubernehmen-im-sommer-wieder-die-budapester-freiheitsbrucke\/\">Fu\u00dfg\u00e4nger \u00fcbernehmen im Sommer wieder die Budapester Freiheitsbr\u00fccke<\/a><\/p>\n<\/blockquote>\n<p><iframe loading=\"lazy\" class=\"wp-embedded-content\" sandbox=\"allow-scripts\" security=\"restricted\" style=\"position: absolute; visibility: hidden;\" title=\"\u201cPedestrians to take over Budapest\u2019s Liberty Bridge again in the summer\u201d \u2014 DailyNewsHungary\" src=\"https:\/\/dailynewshungary.com\/de\/fusganger-ubernehmen-im-sommer-wieder-die-budapester-freiheitsbrucke\/embed\/#?secret=DMuxIwTcRg#?secret=xzHqCuFOqL\" data-secret=\"xzHqCuFOqL\" width=\"600\" height=\"338\" frameborder=\"0\" marginwidth=\"0\" marginheight=\"0\" scrolling=\"no\"><\/iframe><\/p>\n<p><em>Foto: facebook.com\/getsegwaytours<\/em><\/p>\n","protected":false},"excerpt":{"rendered":"<p>Segways, Elektrofahrr\u00e4der, E-Scooter und \u00e4hnliches, sowie \u201cBierr\u00e4der\u201d werden ab Mitte Juni aus Fu\u00dfg\u00e4ngerzonen des 5. Budapester Bezirksrates verbannt. In der Innenstadt von Budapest seien viele Beschwerden \u00fcber gef\u00e4hrliche Ger\u00e4te laut geworden, die fast lautlos \u00fcber die Gehwege sausen, teilte der Gemeinderat am Dienstag in einer Erkl\u00e4rung mit. Bierr\u00e4der seien aufgrund ihrer Gr\u00f6\u00dfe f\u00fcr Fu\u00dfg\u00e4ngerzonen ungeeignet, [&hellip;]<\/p>\n","protected":false},"author":2,"featured_media":738751,"comment_status":"open","ping_status":"open","sticky":false,"template":"","format":"standard","meta":{"_acf_changed":false,"_display_image":"","footnotes":""},"categories":[1098],"tags":[1111,1089,1706,1079],"class_list":["post-738750","post","type-post","status-publish","format-standard","has-post-thumbnail","hentry","category-gesellschaft","tag-budapest","tag-nutzlich","tag-stadtzentrum","tag-tourismus"],"blocksy_meta":[],"acf":[],"author_username":"alk","telegram_post":"","public_post_metadata":{"breaking_news":"","important":"","csempe":"","center_tile":"","disable_thumbnail":"","target_lang":"","_featured_image_style":"","telegram_post":"","_xlat_group_id":""},"public_rank_math_data":{"title":"%title% %sep% %sitename%","description":"Segways, Elektrofahrr\u00e4der, E-Scooter und dergleichen, sowie \"Bierr\u00e4der\" werden ab Mitte Juni aus Fu\u00dfg\u00e4ngerzonen des 5. Budapester Bezirksrates verbannt.","focus_keyword":"Segways","canonical_url":"","robots":"","primary_category":"1098","breadcrumb_title":"","facebook_title":"","facebook_description":"","facebook_image":"","facebook_image_id":"","twitter_title":"","twitter_description":"","twitter_image":"","twitter_image_id":"","twitter_card_type":"","twitter_use_facebook":"","advanced_robots":"","pillar_content":"","seo_score":"61","contentai_score":"","rich_snippet":""},"_links":{"self":[{"href":"https:\/\/dailynewshungary.com\/de\/wp-json\/wp\/v2\/posts\/738750","targetHints":{"allow":["GET"]}}],"collection":[{"href":"https:\/\/dailynewshungary.com\/de\/wp-json\/wp\/v2\/posts"}],"about":[{"href":"https:\/\/dailynewshungary.com\/de\/wp-json\/wp\/v2\/types\/post"}],"author":[{"embeddable":true,"href":"https:\/\/dailynewshungary.com\/de\/wp-json\/wp\/v2\/users\/2"}],"replies":[{"embeddable":true,"href":"https:\/\/dailynewshungary.com\/de\/wp-json\/wp\/v2\/comments?post=738750"}],"version-history":[{"count":0,"href":"https:\/\/dailynewshungary.com\/de\/wp-json\/wp\/v2\/posts\/738750\/revisions"}],"wp:featuredmedia":[{"embeddable":true,"href":"https:\/\/dailynewshungary.com\/de\/wp-json\/wp\/v2\/media\/738751"}],"wp:attachment":[{"href":"https:\/\/dailynewshungary.com\/de\/wp-json\/wp\/v2\/media?parent=738750"}],"wp:term":[{"taxonomy":"category","embeddable":true,"href":"https:\/\/dailynewshungary.com\/de\/wp-json\/wp\/v2\/categories?post=738750"},{"taxonomy":"post_tag","embeddable":true,"href":"https:\/\/dailynewshungary.com\/de\/wp-json\/wp\/v2\/tags?post=738750"}],"curies":[{"name":"wp","href":"https:\/\/api.w.org\/{rel}","templated":true}]}}