{"id":738807,"date":"2018-05-28T07:30:24","date_gmt":"2018-05-28T05:30:24","guid":{"rendered":"https:\/\/dailynewshungary.com\/de\/kocsis-cake-ubernimmt-den-parlamentssitz-von-karacsony\/"},"modified":"2018-05-28T07:30:24","modified_gmt":"2018-05-28T05:30:24","slug":"kocsis-cake-ubernimmt-den-parlamentssitz-von-karacsony","status":"publish","type":"post","link":"https:\/\/dailynewshungary.com\/de\/kocsis-cake-ubernimmt-den-parlamentssitz-von-karacsony\/","title":{"rendered":"Kocsis-Cake \u00fcbernimmt den Parlamentssitz von Kar\u00e1csony"},"content":{"rendered":"<p><strong>Der parbeszierte Parteivorstand Olivio Kocsis-Cake soll das Parlamentsmandat von Gergely Kar\u00e1csony \u00fcbernehmen, da sich der Partei-Co-Vorsitzende auf die bevorstehende Kommunalwahl und seine Arbeit als B\u00fcrgermeister des Budapester Bezirks 14 konzentrieren wolle, sagten Parteif\u00fchrer auf einer Pressekonferenz nach der Parteiversammlung am Sonntag.<\/strong><\/p>\n<p>Kar\u00e1csony sagte, dass sich die Versammlung auf zwei Themen konzentriere, eine strategische Diskussion \u00fcber die weiteren Pl\u00e4ne der Partei im Lichte von <a href=\"https:\/\/dailynewshungary.com\/de\/der-grose-britische-zuguberfall-wie-eine-15-kopfige-bande-1963-26-millionen-pfund-stahl\/\" target=\"_blank\" rel=\"noopener\">Parlamentswahl im April<\/a> und die Neuzuweisung seines Mandats Die Versammlung hat in ersterem keine Entscheidung getroffen, aber sie bleiben bei ihren urspr\u00fcnglichen Zielen, sagte er.<\/p>\n<blockquote>\n<p>Die linke Politik in Ungarn sollte erneuert und B\u00fcndnisse geschmiedet werden, um die Orb\u00e1n-Regierung zu st\u00fcrzen, sagte er.<\/p>\n<\/blockquote>\n<p>Kocsis-Cake sagte, er freue sich auf die Arbeit im Parlament und wolle die innovativen Vorschl\u00e4ge von P\u00e1rbesz\u00e9d in die Praxis umsetzen. Auch Gleichstellung, soziale Fragen, EU-Angelegenheiten und Politik gegen\u00fcber ethnischen Ungarn w\u00fcrden auf seiner Agenda stehen, sagte er.<\/p>\n<blockquote>\n<p>\u201cIch sehe P\u00e1rbesz\u00e9d als Katalysator einer oppositionellen Zusammenarbeit, die die Regierung im Jahr 2022 st\u00fcrzen kann. \u201eDaran m\u00f6chte ich arbeiten\u201csagte er\u201d.<\/p>\n<\/blockquote>\n<p>Partei-Co-Vorsitzende T\u00edmea Szab\u00f3 sagte, dass die Partei an der Schaffung einer Sozialdemokratie arbeite <a href=\"https:\/\/dailynewshungary.com\/de\/der-grose-britische-zuguberfall-wie-eine-15-kopfige-bande-1963-26-millionen-pfund-stahl\/\" target=\"_blank\" rel=\"noopener\">Parlament<\/a>\u201cSie wollen eine linke Alternative aufzeigen, die \u201cdie Menschen von Unterdr\u00fcckung befreien kann\u201d, sagte sie \u201cWir haben kein Interesse daran, Gr\u00e4ben zu schaffen, an Diskriminierung oder HassmachereiWir wollen Solidarit\u00e4t, Zusammenarbeit und Zusammenarbeit,\u201d sagte sie.<\/p>\n","protected":false},"excerpt":{"rendered":"<p>Der parbeszierte Parteivorstand Olivio Kocsis-Cake soll das Parlamentsmandat von Gergely Kar\u00e1csony \u00fcbernehmen, da sich der Partei-Co-Vorsitzende auf die bevorstehende Kommunalwahl und seine Arbeit als B\u00fcrgermeister des Budapester Bezirks 14 konzentrieren wolle, sagten Parteif\u00fchrer auf einer Pressekonferenz nach der Parteiversammlung am Sonntag. Kar\u00e1csony sagte, dass sich die Versammlung auf zwei Themen konzentriere, eine strategische Diskussion \u00fcber [&hellip;]<\/p>\n","protected":false},"author":2,"featured_media":738808,"comment_status":"open","ping_status":"open","sticky":false,"template":"","format":"standard","meta":{"_acf_changed":false,"_display_image":"","footnotes":""},"categories":[1081],"tags":[1661,1658,3695],"class_list":["post-738807","post","type-post","status-publish","format-standard","has-post-thumbnail","hentry","category-politik","tag-dialog-fur-ungarn","tag-parlament","tag-wahl-2018"],"blocksy_meta":[],"acf":[],"author_username":"alk","telegram_post":"","public_post_metadata":{"breaking_news":"","important":"","csempe":"","center_tile":"","disable_thumbnail":"","target_lang":"","_featured_image_style":"","telegram_post":"","_xlat_group_id":""},"public_rank_math_data":{"title":"%title% %sep% %sitename%","description":"Der parbeszierte Parteivorstand Olivio Kocsis-Cake soll das Parlamentsmandat von Gergely Kar\u00e1csony \u00fcbernehmen, da sich der Partei-Co-Vorsitzende auf die bevorstehenden Kommunalwahlen und seine Arbeit als B\u00fcrgermeister des Budapester Bezirks 14 konzentrieren wolle, sagten Parteif\u00fchrer auf einer Pressekonferenz nach der Parteiversammlung am Sonntag.","focus_keyword":"Parlament","canonical_url":"","robots":"","primary_category":"1081","breadcrumb_title":"","facebook_title":"","facebook_description":"","facebook_image":"","facebook_image_id":"","twitter_title":"","twitter_description":"","twitter_image":"","twitter_image_id":"","twitter_card_type":"","twitter_use_facebook":"","advanced_robots":"","pillar_content":"","seo_score":"63","contentai_score":"","rich_snippet":""},"_links":{"self":[{"href":"https:\/\/dailynewshungary.com\/de\/wp-json\/wp\/v2\/posts\/738807","targetHints":{"allow":["GET"]}}],"collection":[{"href":"https:\/\/dailynewshungary.com\/de\/wp-json\/wp\/v2\/posts"}],"about":[{"href":"https:\/\/dailynewshungary.com\/de\/wp-json\/wp\/v2\/types\/post"}],"author":[{"embeddable":true,"href":"https:\/\/dailynewshungary.com\/de\/wp-json\/wp\/v2\/users\/2"}],"replies":[{"embeddable":true,"href":"https:\/\/dailynewshungary.com\/de\/wp-json\/wp\/v2\/comments?post=738807"}],"version-history":[{"count":0,"href":"https:\/\/dailynewshungary.com\/de\/wp-json\/wp\/v2\/posts\/738807\/revisions"}],"wp:featuredmedia":[{"embeddable":true,"href":"https:\/\/dailynewshungary.com\/de\/wp-json\/wp\/v2\/media\/738808"}],"wp:attachment":[{"href":"https:\/\/dailynewshungary.com\/de\/wp-json\/wp\/v2\/media?parent=738807"}],"wp:term":[{"taxonomy":"category","embeddable":true,"href":"https:\/\/dailynewshungary.com\/de\/wp-json\/wp\/v2\/categories?post=738807"},{"taxonomy":"post_tag","embeddable":true,"href":"https:\/\/dailynewshungary.com\/de\/wp-json\/wp\/v2\/tags?post=738807"}],"curies":[{"name":"wp","href":"https:\/\/api.w.org\/{rel}","templated":true}]}}