{"id":738829,"date":"2018-05-26T20:55:27","date_gmt":"2018-05-26T18:55:27","guid":{"rendered":"https:\/\/dailynewshungary.com\/de\/sozialisten-aprils-wahlniederlage-tragischer-aber-nicht-todlicher-schlag\/"},"modified":"2018-05-26T20:55:27","modified_gmt":"2018-05-26T18:55:27","slug":"sozialisten-aprils-wahlniederlage-tragischer-aber-nicht-todlicher-schlag","status":"publish","type":"post","link":"https:\/\/dailynewshungary.com\/de\/sozialisten-aprils-wahlniederlage-tragischer-aber-nicht-todlicher-schlag\/","title":{"rendered":"Sozialisten: Aprils Wahlniederlage tragischer, aber nicht \u2018t\u00f6dlicher Schlag\u2019"},"content":{"rendered":"<p><strong>Die Niederlage des linken Fl\u00fcgels bei den Parlamentswahlen im April sei eine tragische Entwicklung, aber kein t\u00f6dlicher Schlag f\u00fcr die oppositionellen Sozialisten gewesen, sagte der Parteivorstandschef am Samstag nach einer Sitzung des Gremiums.<\/strong><\/p>\n<p>Istv\u00e1n Hiller sagte, f\u00fcnf Personen st\u00fcnden im Wettbewerb um den Posten des sozialistischen F\u00fchrers, aber er sei nicht darunter.<\/p>\n<p>Die Vorstandssitzung beurteilte <a href=\"https:\/\/dailynewshungary.com\/de\/der-grose-britische-zuguberfall-wie-eine-15-kopfige-bande-1963-26-millionen-pfund-stahl\/\" target=\"_blank\" rel=\"noopener\">Wahlergebnisse vom April<\/a> und stellte fest, dass die Sozialisten ihren Platz im Parlament behielten und die Mehrheit der Sozialisten bei dem Treffen die Ansicht unterst\u00fctzte, dass sie ein B\u00fcndnis mit der oppositionellen P\u00e1rbesz\u00e9d aufrechterhalten sollten, sagte Hiller.<\/p>\n<blockquote>\n<p>Am meisten <a href=\"https:\/\/dailynewshungary.com\/de\/der-grose-britische-zuguberfall-wie-eine-15-kopfige-bande-1963-26-millionen-pfund-stahl\/\" target=\"_blank\" rel=\"noopener\">Sozialisten<\/a> \u201eSind auch der Ansicht, dass Parteiorganisationen in kleinen und mittleren St\u00e4dten in ganz Ungarn wieder aufgebaut werden m\u00fcssen, um die Partei zu st\u00e4rken, f\u00fcgte er hinzu.<\/p>\n<\/blockquote>\n<p>Hiller sagte, dass Parteivorstandsmitglied G\u00e1bor Br\u00f3dy, der ehemalige Budapester Vorsitzende \u00c1gnes Kunhalmi, der ehemalige Parteivorsitzende Attila Mesterh\u00e1zy, der Europaabgeordnete Tibor Szanyi und der Fraktionsvorsitzende Bertalan T\u00f3th planen, auf einem Kongress am 17. Juni f\u00fcr das Amt des Parteivorsitzenden zu kandidieren.<\/p>\n<p><em>Foto: MTI<\/em><\/p>\n","protected":false},"excerpt":{"rendered":"<p>Die Niederlage des linken Fl\u00fcgels bei den Parlamentswahlen im April sei eine tragische Entwicklung, aber kein t\u00f6dlicher Schlag f\u00fcr die oppositionellen Sozialisten gewesen, sagte der Parteivorstandschef am Samstag nach einer Sitzung des Gremiums. Istv\u00e1n Hiller sagte, f\u00fcnf Personen st\u00fcnden im Wettbewerb um den Posten des sozialistischen F\u00fchrers, aber er sei nicht darunter. Die Vorstandssitzung beurteilte [&hellip;]<\/p>\n","protected":false},"author":2,"featured_media":738830,"comment_status":"open","ping_status":"open","sticky":false,"template":"","format":"standard","meta":{"_acf_changed":false,"_display_image":"","footnotes":""},"categories":[1081],"tags":[1695,3695],"class_list":["post-738829","post","type-post","status-publish","format-standard","has-post-thumbnail","hentry","category-politik","tag-sozialisten","tag-wahl-2018"],"blocksy_meta":[],"acf":[],"author_username":"alk","telegram_post":"","public_post_metadata":{"breaking_news":"","important":"","csempe":"","center_tile":"","disable_thumbnail":"","target_lang":"","_featured_image_style":"","telegram_post":"","_xlat_group_id":""},"public_rank_math_data":{"title":"%title% %sep% %sitename%","description":"Die Niederlage des linken Fl\u00fcgels bei den Parlamentswahlen im April sei eine tragische Entwicklung, aber kein t\u00f6dlicher Schlag f\u00fcr die oppositionellen Sozialisten gewesen, sagte der Vorsitzende des Parteivorstands am Samstag nach einer Sitzung des Gremiums.","focus_keyword":"Sozialisten","canonical_url":"","robots":"","primary_category":"1081","breadcrumb_title":"","facebook_title":"","facebook_description":"","facebook_image":"","facebook_image_id":"","twitter_title":"","twitter_description":"","twitter_image":"","twitter_image_id":"","twitter_card_type":"","twitter_use_facebook":"","advanced_robots":"","pillar_content":"","seo_score":"68","contentai_score":"","rich_snippet":""},"_links":{"self":[{"href":"https:\/\/dailynewshungary.com\/de\/wp-json\/wp\/v2\/posts\/738829","targetHints":{"allow":["GET"]}}],"collection":[{"href":"https:\/\/dailynewshungary.com\/de\/wp-json\/wp\/v2\/posts"}],"about":[{"href":"https:\/\/dailynewshungary.com\/de\/wp-json\/wp\/v2\/types\/post"}],"author":[{"embeddable":true,"href":"https:\/\/dailynewshungary.com\/de\/wp-json\/wp\/v2\/users\/2"}],"replies":[{"embeddable":true,"href":"https:\/\/dailynewshungary.com\/de\/wp-json\/wp\/v2\/comments?post=738829"}],"version-history":[{"count":0,"href":"https:\/\/dailynewshungary.com\/de\/wp-json\/wp\/v2\/posts\/738829\/revisions"}],"wp:featuredmedia":[{"embeddable":true,"href":"https:\/\/dailynewshungary.com\/de\/wp-json\/wp\/v2\/media\/738830"}],"wp:attachment":[{"href":"https:\/\/dailynewshungary.com\/de\/wp-json\/wp\/v2\/media?parent=738829"}],"wp:term":[{"taxonomy":"category","embeddable":true,"href":"https:\/\/dailynewshungary.com\/de\/wp-json\/wp\/v2\/categories?post=738829"},{"taxonomy":"post_tag","embeddable":true,"href":"https:\/\/dailynewshungary.com\/de\/wp-json\/wp\/v2\/tags?post=738829"}],"curies":[{"name":"wp","href":"https:\/\/api.w.org\/{rel}","templated":true}]}}