{"id":738840,"date":"2018-05-26T13:00:34","date_gmt":"2018-05-26T11:00:34","guid":{"rendered":"https:\/\/dailynewshungary.com\/de\/die-zukunft-der-ceu-sei-noch-unklar-sagt-lmp-beamter\/"},"modified":"2018-05-26T13:00:34","modified_gmt":"2018-05-26T11:00:34","slug":"die-zukunft-der-ceu-sei-noch-unklar-sagt-lmp-beamter","status":"publish","type":"post","link":"https:\/\/dailynewshungary.com\/de\/die-zukunft-der-ceu-sei-noch-unklar-sagt-lmp-beamter\/","title":{"rendered":"Die Zukunft der CEU sei noch unklar, sagt LMP-Beamter"},"content":{"rendered":"<p><strong>Die oppositionelle LMP-Partei kritisierte am Freitag die Regierung f\u00fcr die ihrer Meinung nach unklare Zukunft der <a href=\"https:\/\/dailynewshungary.com\/tag\/ceu\/\" target=\"_blank\" rel=\"noopener\">Mitteleurop\u00e4ische Universit\u00e4t (CEU)<\/a> In Ungarn.<\/strong><\/p>\n<p>Der Abgeordnete P\u00e9ter Ung\u00e1r stellte fest, dass eine dreik\u00f6pfige Delegation vor \u00fcber einem Monat den Staat New York besucht hatte, um zu pr\u00fcfen, ob die Universit\u00e4t dort \u00fcber einen Campus und Kurse verf\u00fcgte, der Au\u00dfenminister jedoch immer noch keine Entscheidung in dieser Angelegenheit getroffen hatte.<\/p>\n<p>Das sagte der Gesetzgeber<\/p>\n<blockquote>\n<p>Es w\u00fcrde nationalen Interessen dienen, wenn die Universit\u00e4t weiterhin in Budapest t\u00e4tig w\u00e4re.<\/p>\n<\/blockquote>\n<p>Das Parlament hat im Fr\u00fchjahr 2017 \u00c4nderungen des Hochschulgesetzes gebilligt, die ausl\u00e4ndische Hochschulen und Universit\u00e4ten in Ungarn dazu verpflichten, auf der Grundlage einer zwischenstaatlichen Vereinbarung zu arbeiten und einen Campus in dem Land zu haben, in dem sie ihren Sitz haben.<\/p>\n<blockquote>\n<p>CEU beschwerte sich dar\u00fcber, dass es von der ge\u00e4nderten Gesetzgebung betroffen sei, weil es in den Vereinigten Staaten keinen Campus gebe.<\/p>\n<\/blockquote>\n<p>Im Herbst gab die Universit\u00e4t jedoch bekannt, dass sie mit dem Bard College eine Absichtserkl\u00e4rung unterzeichnet habe, um Bildungsaktivit\u00e4ten in New York anzubieten.<\/p>\n<p>Wie wir im April geschrieben haben, hat Wien k\u00fcrzlich mit der Central European University eine Vereinbarung \u00fcber die Einrichtung eines neuen Campus unterzeichnet, dem Dokument zufolge wird ein historisches Geb\u00e4ude von der CEU f\u00fcr 99 Jahre gemietet Die von George Soros gegr\u00fcndete private Universit\u00e4t hat sich au\u00dferdem verpflichtet, das Geb\u00e4ude in seinem jetzigen ordnungsgem\u00e4\u00dfen Zustand zu erhalten. <a href=\"https:\/\/dailynewshungary.com\/decision-made-new-ceu-campus-opened-vienna\/\" target=\"_blank\" rel=\"noopener\">Lesen Sie hier mehr<\/a>.<\/p>\n","protected":false},"excerpt":{"rendered":"<p>Die oppositionelle LMP-Partei kritisierte am Freitag die Regierung f\u00fcr die ihrer Meinung nach unklare Zukunft der Mitteleurop\u00e4ische Universit\u00e4t (CEU) In Ungarn. Der Abgeordnete P\u00e9ter Ung\u00e1r stellte fest, dass eine dreik\u00f6pfige Delegation vor \u00fcber einem Monat den Staat New York besucht hatte, um zu pr\u00fcfen, ob die Universit\u00e4t dort \u00fcber einen Campus und Kurse verf\u00fcgte, der [&hellip;]<\/p>\n","protected":false},"author":2,"featured_media":738841,"comment_status":"open","ping_status":"open","sticky":false,"template":"","format":"standard","meta":{"_acf_changed":false,"_display_image":"","footnotes":""},"categories":[1081],"tags":[2113,2343,1873,1658,1157],"class_list":["post-738840","post","type-post","status-publish","format-standard","has-post-thumbnail","hentry","category-politik","tag-ceu","tag-hochschulrecht","tag-lmp","tag-parlament","tag-vereinigte-staaten"],"blocksy_meta":[],"acf":[],"author_username":"alk","telegram_post":"","public_post_metadata":{"breaking_news":"","important":"","csempe":"","center_tile":"","disable_thumbnail":"","target_lang":"","_featured_image_style":"","telegram_post":"","_xlat_group_id":""},"public_rank_math_data":{"title":"%title% %sep% %sitename%","description":"Die oppositionelle LMP-Partei kritisierte am Freitag die Regierung f\u00fcr die ihrer Meinung nach unklare Zukunft der Central European University (CEU) in Ungarn. Der Abgeordnete P\u00e9ter Ung\u00e1r stellte fest, dass eine dreik\u00f6pfige Delegation vor \u00fcber einem Monat den Staat New York besucht habe, um zu pr\u00fcfen, ob die Universit\u00e4t dort \u00fcber einen Campus und Kurse verf\u00fcge.","focus_keyword":"CEU","canonical_url":"","robots":"","primary_category":"1081","breadcrumb_title":"","facebook_title":"","facebook_description":"","facebook_image":"","facebook_image_id":"","twitter_title":"","twitter_description":"","twitter_image":"","twitter_image_id":"","twitter_card_type":"","twitter_use_facebook":"","advanced_robots":"","pillar_content":"","seo_score":"70","contentai_score":"","rich_snippet":""},"_links":{"self":[{"href":"https:\/\/dailynewshungary.com\/de\/wp-json\/wp\/v2\/posts\/738840","targetHints":{"allow":["GET"]}}],"collection":[{"href":"https:\/\/dailynewshungary.com\/de\/wp-json\/wp\/v2\/posts"}],"about":[{"href":"https:\/\/dailynewshungary.com\/de\/wp-json\/wp\/v2\/types\/post"}],"author":[{"embeddable":true,"href":"https:\/\/dailynewshungary.com\/de\/wp-json\/wp\/v2\/users\/2"}],"replies":[{"embeddable":true,"href":"https:\/\/dailynewshungary.com\/de\/wp-json\/wp\/v2\/comments?post=738840"}],"version-history":[{"count":0,"href":"https:\/\/dailynewshungary.com\/de\/wp-json\/wp\/v2\/posts\/738840\/revisions"}],"wp:featuredmedia":[{"embeddable":true,"href":"https:\/\/dailynewshungary.com\/de\/wp-json\/wp\/v2\/media\/738841"}],"wp:attachment":[{"href":"https:\/\/dailynewshungary.com\/de\/wp-json\/wp\/v2\/media?parent=738840"}],"wp:term":[{"taxonomy":"category","embeddable":true,"href":"https:\/\/dailynewshungary.com\/de\/wp-json\/wp\/v2\/categories?post=738840"},{"taxonomy":"post_tag","embeddable":true,"href":"https:\/\/dailynewshungary.com\/de\/wp-json\/wp\/v2\/tags?post=738840"}],"curies":[{"name":"wp","href":"https:\/\/api.w.org\/{rel}","templated":true}]}}