{"id":738870,"date":"2018-05-25T09:30:26","date_gmt":"2018-05-25T07:30:26","guid":{"rendered":"https:\/\/dailynewshungary.com\/de\/trumps-ehemaliger-chefstratege-bannon-orban-wird-angegriffen-seit-er-weltpolitische-personlichkeit-geworden-ist\/"},"modified":"2018-05-25T09:30:26","modified_gmt":"2018-05-25T07:30:26","slug":"trumps-ehemaliger-chefstratege-bannon-orban-wird-angegriffen-seit-er-weltpolitische-personlichkeit-geworden-ist","status":"publish","type":"post","link":"https:\/\/dailynewshungary.com\/de\/trumps-ehemaliger-chefstratege-bannon-orban-wird-angegriffen-seit-er-weltpolitische-personlichkeit-geworden-ist\/","title":{"rendered":"Trumps ehemaliger Chefstratege Bannon: Orb\u00e1n wird angegriffen, seit er \u2018weltpolitische Pers\u00f6nlichkeit\u2019 geworden ist"},"content":{"rendered":"<p><strong>Die Europ\u00e4er h\u00e4tten es satt, von Br\u00fcsselern diktiert zu werden, sagte Steve Bannon, der ehemalige Chefstratege und Wahlkampfberater von US-Pr\u00e4sident Donald Trump, in einem Interview mit dem \u00f6ffentlichen Nachrichtensender M1 und f\u00fcgte hinzu, dass Premierminister Viktor Orb\u00e1n \u201eeine Welt geworden sei.&#8217; politische Pers\u00f6nlichkeit, und das ist der Grund, warum er angegriffen wurde.<\/strong><\/p>\n<p>\u201c<a href=\"https:\/\/dailynewshungary.com\/de\/der-grose-britische-zuguberfall-wie-eine-15-kopfige-bande-1963-26-millionen-pfund-stahl\/\" target=\"_blank\" rel=\"noopener\">Viktor Orb\u00e1n<\/a>\u201eDas Ausma\u00df des Sieges und insbesondere, dass er da drau\u00dfen und vorne war, besteht darin, den j\u00fcdisch-christlichen Westen zu verteidigen, und das hei\u00dft, das Ausma\u00df des bisherigen Sieges \u201ein Amerika, England und dem Rest Westeuropas als wirklich \u201eein revolution\u00e4rer Moment\u201cbetrachtet\u201d, sagte er.<\/p>\n<p>\u201cOrb\u00e1n ist jetzt eine weltpolitische Pers\u00f6nlichkeit und wird heftig angegriffen,\u201d sagte Bannon.<\/p>\n<p>Im Zaun an der S\u00fcdgrenze Ungarns kommentierte er:<\/p>\n<blockquote>\n<p>\u201cIhr habt die Mauer gebaut, bevor wir es getan haben, wir h\u00e4tten gerne eure Mauer\u201d.<\/p>\n<\/blockquote>\n<p>\u201cWenn Sie Ihre Grenzen nicht verteidigen k\u00f6nnen, haben Sie keine Souver\u00e4nit\u00e4t\u201d, sagte Bannon und f\u00fcgte hinzu, dass \u201cdie S\u00fcdgrenze der USA ein totaler Witz ist und Pr\u00e4sident Trump wei\u00df, dass es zwingend notwendig ist, dass er eine S\u00fcdmauer bauen muss\u201d.<\/p>\n<p>Er fuhr fort, dass die Ablehnung der Elite in den USA in Europa bereits im Gange sei.<\/p>\n<p>\u201cDie Arbeiterklasse, Arbeiter in den USA und die Mittelschicht wurden von der globalistischen Elite, die das Land in den letzten zwanzig oder drei\u00dfig Jahren regierte, v\u00f6llig misshandelt und Trumps Sieg war eine v\u00f6llige Ablehnung davon\u201d, sagte Bannon.<\/p>\n<blockquote>\n<p>\u201cDer Brexit war ein Vorgeschmack auf den Trump-Sieg 2016 und die populistische nationalistische Revolte liegt in Europa etwa ein Jahr vor uns als in der <a href=\"https:\/\/dailynewshungary.com\/de\/der-grose-britische-zuguberfall-wie-eine-15-kopfige-bande-1963-26-millionen-pfund-stahl\/\" target=\"_blank\" rel=\"noopener\">Vereinigten Staaten<\/a>\u201e\u201d, f\u00fcgte er hinzu.<\/p>\n<\/blockquote>\n<p>Er wies auch darauf hin, dass sie in Italien \u201eheute und in den letzten Tagen eine rechtspopulistische Partei und eine linkspopulistische Partei hatten und ihre Differenzen in Bezug auf die Wirtschaft, die alte traditionelle Linke, beiseite legten.\u201cRechtskluft und sie sagten, wir w\u00fcrden eine Einheitsregierung bilden&#8230; und das traditionelle Links-Rechts-Paradigma beiseite lassen.\u201d Das sei ein wichtiger Moment in der europ\u00e4ischen Geschichte, sagte er.<\/p>\n<p>Bannon sagte auch, dass \u201edie Menschen es satt haben, von Menschen aus Br\u00fcssel diktiert zu werden, von einer Art F\u00fchrungs-, Wissenschafts- und Ingenieurelite, die ihnen sagt, wie sie ihr Leben am besten leben k\u00f6nnen.\u201c\u201d<\/p>\n<p><em>Foto: MTI<\/em><\/p>\n","protected":false},"excerpt":{"rendered":"<p>Die Europ\u00e4er h\u00e4tten es satt, von Br\u00fcsselern diktiert zu werden, sagte Steve Bannon, der ehemalige Chefstratege und Wahlkampfberater von US-Pr\u00e4sident Donald Trump, in einem Interview mit dem \u00f6ffentlichen Nachrichtensender M1 und f\u00fcgte hinzu, dass Premierminister Viktor Orb\u00e1n \u201eeine Welt geworden sei.&#8217; politische Pers\u00f6nlichkeit, und das ist der Grund, warum er angegriffen wurde. \u201cViktor Orb\u00e1n\u201eDas Ausma\u00df [&hellip;]<\/p>\n","protected":false},"author":2,"featured_media":738871,"comment_status":"open","ping_status":"open","sticky":false,"template":"","format":"standard","meta":{"_acf_changed":false,"_display_image":"","footnotes":""},"categories":[1081],"tags":[1577,1128],"class_list":["post-738870","post","type-post","status-publish","format-standard","has-post-thumbnail","hentry","category-politik","tag-vereinigten-staaten","tag-viktor-orban"],"blocksy_meta":[],"acf":[],"author_username":"alk","telegram_post":"","public_post_metadata":{"breaking_news":"","important":"","csempe":"","center_tile":"","disable_thumbnail":"","target_lang":"","_featured_image_style":"","telegram_post":"","_xlat_group_id":""},"public_rank_math_data":{"title":"%title% %sep% %sitename%","description":"Die Europ\u00e4er haben es satt, von Br\u00fcsselern diktiert zu werden, sagte Steve Bannon, der ehemalige Chefstratege und Wahlkampfberater von US-Pr\u00e4sident Donald Trump, und f\u00fcgte hinzu, dass Premierminister Viktor Orb\u00e1n \u201eeine weltpolitische Pers\u00f6nlichkeit' geworden sei, und das ist der Grund warum er angegriffen worden war.","focus_keyword":"Bannon","canonical_url":"","robots":"","primary_category":"1081","breadcrumb_title":"","facebook_title":"","facebook_description":"","facebook_image":"","facebook_image_id":"","twitter_title":"","twitter_description":"","twitter_image":"","twitter_image_id":"","twitter_card_type":"","twitter_use_facebook":"","advanced_robots":"","pillar_content":"","seo_score":"","contentai_score":"","rich_snippet":""},"_links":{"self":[{"href":"https:\/\/dailynewshungary.com\/de\/wp-json\/wp\/v2\/posts\/738870","targetHints":{"allow":["GET"]}}],"collection":[{"href":"https:\/\/dailynewshungary.com\/de\/wp-json\/wp\/v2\/posts"}],"about":[{"href":"https:\/\/dailynewshungary.com\/de\/wp-json\/wp\/v2\/types\/post"}],"author":[{"embeddable":true,"href":"https:\/\/dailynewshungary.com\/de\/wp-json\/wp\/v2\/users\/2"}],"replies":[{"embeddable":true,"href":"https:\/\/dailynewshungary.com\/de\/wp-json\/wp\/v2\/comments?post=738870"}],"version-history":[{"count":0,"href":"https:\/\/dailynewshungary.com\/de\/wp-json\/wp\/v2\/posts\/738870\/revisions"}],"wp:featuredmedia":[{"embeddable":true,"href":"https:\/\/dailynewshungary.com\/de\/wp-json\/wp\/v2\/media\/738871"}],"wp:attachment":[{"href":"https:\/\/dailynewshungary.com\/de\/wp-json\/wp\/v2\/media?parent=738870"}],"wp:term":[{"taxonomy":"category","embeddable":true,"href":"https:\/\/dailynewshungary.com\/de\/wp-json\/wp\/v2\/categories?post=738870"},{"taxonomy":"post_tag","embeddable":true,"href":"https:\/\/dailynewshungary.com\/de\/wp-json\/wp\/v2\/tags?post=738870"}],"curies":[{"name":"wp","href":"https:\/\/api.w.org\/{rel}","templated":true}]}}