{"id":738892,"date":"2018-05-24T13:30:27","date_gmt":"2018-05-24T11:30:27","guid":{"rendered":"https:\/\/dailynewshungary.com\/de\/die-konferenz-zukunft-europas-fand-in-budapest-statt\/"},"modified":"2018-05-24T13:30:27","modified_gmt":"2018-05-24T11:30:27","slug":"die-konferenz-zukunft-europas-fand-in-budapest-statt","status":"publish","type":"post","link":"https:\/\/dailynewshungary.com\/de\/die-konferenz-zukunft-europas-fand-in-budapest-statt\/","title":{"rendered":"Die Konferenz Zukunft Europas fand in Budapest statt"},"content":{"rendered":"<p>Facebook \u2013 Dobrev Kl\u00e1ra<\/p>\n","protected":false},"excerpt":{"rendered":"<p>Facebook \u2013 Dobrev Kl\u00e1ra<\/p>\n","protected":false},"author":2,"featured_media":738893,"comment_status":"open","ping_status":"open","sticky":false,"template":"","format":"standard","meta":{"_acf_changed":false,"_display_image":"","footnotes":""},"categories":[1081],"tags":[1597,1157],"class_list":["post-738892","post","type-post","status-publish","format-standard","has-post-thumbnail","hentry","category-politik","tag-konferenz","tag-vereinigte-staaten"],"blocksy_meta":[],"acf":[],"author_username":"alk","telegram_post":"","public_post_metadata":{"breaking_news":"no","important":"no","csempe":"no","center_tile":"no","disable_thumbnail":"","target_lang":"","_featured_image_style":"","telegram_post":"","_xlat_group_id":""},"public_rank_math_data":{"title":"%title% %sep% %sitename%","description":"Die Freiheit sei heute bedroht, da die Globalisierung und die dahinter stehenden Gesch\u00e4ftsinteressen der Gemeinschaft den Krieg erkl\u00e4rt h\u00e4tten, was zu einem \u201eharten Kulturkrieg\" gef\u00fchrt habe, sagte Gergely Guly\u00e1s, Leiter des B\u00fcros des Premierministers, am sp\u00e4ten Mittwoch.","focus_keyword":"Kopf","canonical_url":"","robots":"","primary_category":"1081","breadcrumb_title":"","facebook_title":"","facebook_description":"","facebook_image":"","facebook_image_id":"","twitter_title":"","twitter_description":"","twitter_image":"","twitter_image_id":"","twitter_card_type":"","twitter_use_facebook":"","advanced_robots":"","pillar_content":"","seo_score":"","contentai_score":"","rich_snippet":""},"_links":{"self":[{"href":"https:\/\/dailynewshungary.com\/de\/wp-json\/wp\/v2\/posts\/738892","targetHints":{"allow":["GET"]}}],"collection":[{"href":"https:\/\/dailynewshungary.com\/de\/wp-json\/wp\/v2\/posts"}],"about":[{"href":"https:\/\/dailynewshungary.com\/de\/wp-json\/wp\/v2\/types\/post"}],"author":[{"embeddable":true,"href":"https:\/\/dailynewshungary.com\/de\/wp-json\/wp\/v2\/users\/2"}],"replies":[{"embeddable":true,"href":"https:\/\/dailynewshungary.com\/de\/wp-json\/wp\/v2\/comments?post=738892"}],"version-history":[{"count":0,"href":"https:\/\/dailynewshungary.com\/de\/wp-json\/wp\/v2\/posts\/738892\/revisions"}],"wp:featuredmedia":[{"embeddable":true,"href":"https:\/\/dailynewshungary.com\/de\/wp-json\/wp\/v2\/media\/738893"}],"wp:attachment":[{"href":"https:\/\/dailynewshungary.com\/de\/wp-json\/wp\/v2\/media?parent=738892"}],"wp:term":[{"taxonomy":"category","embeddable":true,"href":"https:\/\/dailynewshungary.com\/de\/wp-json\/wp\/v2\/categories?post=738892"},{"taxonomy":"post_tag","embeddable":true,"href":"https:\/\/dailynewshungary.com\/de\/wp-json\/wp\/v2\/tags?post=738892"}],"curies":[{"name":"wp","href":"https:\/\/api.w.org\/{rel}","templated":true}]}}