{"id":739004,"date":"2018-05-19T07:20:38","date_gmt":"2018-05-19T05:20:38","guid":{"rendered":"https:\/\/dailynewshungary.com\/de\/liberaler-abgeordneter-tritt-aus-der-parbeszed-fraktion-aus\/"},"modified":"2018-05-19T07:20:38","modified_gmt":"2018-05-19T05:20:38","slug":"liberaler-abgeordneter-tritt-aus-der-parbeszed-fraktion-aus","status":"publish","type":"post","link":"https:\/\/dailynewshungary.com\/de\/liberaler-abgeordneter-tritt-aus-der-parbeszed-fraktion-aus\/","title":{"rendered":"Liberaler Abgeordneter tritt aus der P\u00e1rbesz\u00e9d-Fraktion aus"},"content":{"rendered":"<p><strong>Anett B.sz, Mitglied der Liberalen Partei, die sich der Fraktion von P\u00e1rbesz\u00e9d angeschlossen hatte, k\u00fcndigte am Freitag an, dass sie die Fraktion verlassen und als Unabh\u00e4ngige weitermachen werde.<\/strong><\/p>\n<p>Die Hausordnung sieht vor, dass mindestens f\u00fcnf Abgeordnete f\u00fcr die Bildung einer Fraktion erforderlich sind. Mit dem Austritt von B.sz wird die Fraktion von P\u00e1rbesz\u00e9d auf vier reduziert und k\u00f6nnte dadurch aufgel\u00f6st werden, wodurch ihren Mitgliedern Ausschussmitgliedschaften und Finanzierung entzogen werden.<\/p>\n<p>Das sagte B,sz am Freitag auf einer Pressekonferenz<\/p>\n<blockquote>\n<p>Ihre \u201cpolitischen Verb\u00fcndeten haben in den vergangenen Wochen deutliche Anzeichen f\u00fcr einen Versto\u00df gegen die schriftlichen und m\u00fcndlichen Vereinbarungen mit der Liberalen Partei gegeben\u201d<\/p>\n<\/blockquote>\n<p>In den letzten zwei Wochen haben die alliierten Parteien deutlich gemacht, dass sie nicht die Absicht haben, wirklich mit ihnen zusammenzuarbeiten <a href=\"https:\/\/dailynewshungary.com\/de\/der-grose-britische-zuguberfall-wie-eine-15-kopfige-bande-1963-26-millionen-pfund-stahl\/\" target=\"_blank\" rel=\"noopener\">Liberalen<\/a>\u201esagte sie.<\/p>\n<p>Der stellvertretende liberale F\u00fchrer \u00c1d\u00e1m Sermer sagte, ihre \u201eangeblichen Partner\u201chaben keine Garantien gegeben, um B,sz die Vertretung der liberalen Agenda in der Gruppe zu erm\u00f6glichen. Er f\u00fcgte jedoch hinzu, dass die Liberalen in vielerlei Hinsicht immer noch beabsichtigen, mit dem oppositionellen sozialistisch-paarkeszierten B\u00fcndnis zusammenzuarbeiten.<\/p>\n<p>P\u00e1rbesz\u00e9d-Fraktionsvorsitzende T\u00edmea Szab\u00f3 kommentierte die Ank\u00fcndigung und sagte, die Zukunft der Fraktion nach dem Austritt von B ofsz sei \u201eimmateriell\u201cDas sozialistisch-paarrbeszierte B\u00fcndnis werde \u201eweiter f\u00fcr den Abbau des Orb\u00e1n-Regimes k\u00e4mpfen\u201d, sagte sie.<\/p>\n<blockquote>\n<p><a href=\"https:\/\/dailynewshungary.com\/de\/der-grose-britische-zuguberfall-wie-eine-15-kopfige-bande-1963-26-millionen-pfund-stahl\/\" target=\"_blank\" rel=\"noopener\">Sozialistisch<\/a> Sprecher Bertalan T\u00f3th sagte, die Partei lasse sich \u201cnicht erpressen\u201d und werde Geldbetr\u00e4ge abrechnen.<\/p>\n<\/blockquote>\n<p><em>Foto: MTi<\/em><\/p>\n","protected":false},"excerpt":{"rendered":"<p>Anett B.sz, Mitglied der Liberalen Partei, die sich der Fraktion von P\u00e1rbesz\u00e9d angeschlossen hatte, k\u00fcndigte am Freitag an, dass sie die Fraktion verlassen und als Unabh\u00e4ngige weitermachen werde. Die Hausordnung sieht vor, dass mindestens f\u00fcnf Abgeordnete f\u00fcr die Bildung einer Fraktion erforderlich sind. Mit dem Austritt von B.sz wird die Fraktion von P\u00e1rbesz\u00e9d auf vier [&hellip;]<\/p>\n","protected":false},"author":2,"featured_media":739005,"comment_status":"open","ping_status":"open","sticky":false,"template":"","format":"standard","meta":{"_acf_changed":false,"_display_image":"","footnotes":""},"categories":[1081],"tags":[1661,3791,1658,1695],"class_list":["post-739004","post","type-post","status-publish","format-standard","has-post-thumbnail","hentry","category-politik","tag-dialog-fur-ungarn","tag-liberale","tag-parlament","tag-sozialisten"],"blocksy_meta":[],"acf":[],"author_username":"alk","telegram_post":"","public_post_metadata":{"breaking_news":"","important":"","csempe":"","center_tile":"","disable_thumbnail":"","target_lang":"","_featured_image_style":"","telegram_post":"","_xlat_group_id":""},"public_rank_math_data":{"title":"%title% %sep% %sitename%","description":"Anett B.sz, ein Mitglied der Liberalen Partei, das sich der Fraktion von P\u00e1rbesz\u00e9d anschloss, k\u00fcndigte am Freitag an, dass sie die Gruppe verlassen und als Unabh\u00e4ngige weitermachen werde.","focus_keyword":"Liberal","canonical_url":"","robots":"","primary_category":"1081","breadcrumb_title":"","facebook_title":"","facebook_description":"","facebook_image":"","facebook_image_id":"","twitter_title":"","twitter_description":"","twitter_image":"","twitter_image_id":"","twitter_card_type":"","twitter_use_facebook":"","advanced_robots":"","pillar_content":"","seo_score":"61","contentai_score":"","rich_snippet":""},"_links":{"self":[{"href":"https:\/\/dailynewshungary.com\/de\/wp-json\/wp\/v2\/posts\/739004","targetHints":{"allow":["GET"]}}],"collection":[{"href":"https:\/\/dailynewshungary.com\/de\/wp-json\/wp\/v2\/posts"}],"about":[{"href":"https:\/\/dailynewshungary.com\/de\/wp-json\/wp\/v2\/types\/post"}],"author":[{"embeddable":true,"href":"https:\/\/dailynewshungary.com\/de\/wp-json\/wp\/v2\/users\/2"}],"replies":[{"embeddable":true,"href":"https:\/\/dailynewshungary.com\/de\/wp-json\/wp\/v2\/comments?post=739004"}],"version-history":[{"count":0,"href":"https:\/\/dailynewshungary.com\/de\/wp-json\/wp\/v2\/posts\/739004\/revisions"}],"wp:featuredmedia":[{"embeddable":true,"href":"https:\/\/dailynewshungary.com\/de\/wp-json\/wp\/v2\/media\/739005"}],"wp:attachment":[{"href":"https:\/\/dailynewshungary.com\/de\/wp-json\/wp\/v2\/media?parent=739004"}],"wp:term":[{"taxonomy":"category","embeddable":true,"href":"https:\/\/dailynewshungary.com\/de\/wp-json\/wp\/v2\/categories?post=739004"},{"taxonomy":"post_tag","embeddable":true,"href":"https:\/\/dailynewshungary.com\/de\/wp-json\/wp\/v2\/tags?post=739004"}],"curies":[{"name":"wp","href":"https:\/\/api.w.org\/{rel}","templated":true}]}}