{"id":739024,"date":"2018-05-18T13:36:17","date_gmt":"2018-05-18T11:36:17","guid":{"rendered":"https:\/\/dailynewshungary.com\/de\/europas-zukunft-liege-in-einer-erfolgreichen-lohnunion-sagt-jobbik\/"},"modified":"2018-05-18T13:36:17","modified_gmt":"2018-05-18T11:36:17","slug":"europas-zukunft-liege-in-einer-erfolgreichen-lohnunion-sagt-jobbik","status":"publish","type":"post","link":"https:\/\/dailynewshungary.com\/de\/europas-zukunft-liege-in-einer-erfolgreichen-lohnunion-sagt-jobbik\/","title":{"rendered":"Europas Zukunft liege in einer erfolgreichen Lohnunion, sagt Jobbik"},"content":{"rendered":"<div class=\"content\">\n<div class=\"field field-name-body field-type-text-with-summary field-label-hidden\">\n<div class=\"field-items\">\n<div class=\"field-item even\">\n<p><strong>Jobbik fordert alle verantwortlichen ungarischen B\u00fcrger nachdr\u00fccklich auf, sich an der gesamteurop\u00e4ischen Konsultation zu beteiligen und ihre Meinung zum Lohngef\u00e4lle zu \u00e4u\u00dfern, das die Europ\u00e4ische Union auseinanderrei\u00dft In seiner Pressekonferenz am Donnerstag erkl\u00e4rte Jobbiks gesch\u00e4ftsf\u00fchrender Vizepr\u00e4sident und Fraktionsvorsitzender im Parlament, seine Partei betrachte die Initiative der Lohnunion als Mittel, um auf ein zentrales Thema und ein gro\u00dfes Problem aufmerksam zu machen, das sowohl die Europ\u00e4ische Union als auch mehrere EU-Mitgliedstaaten auseinanderrei\u00dfeDieses Problem ist die Binnenmigration, die Hunderttausende und sogar Millionen junger Menschen zwingt, ihre eigenen Heimatl\u00e4nder auf der Suche nach einem besseren Leben und besseren L\u00f6hnen zu verlassen.<\/strong><\/p>\n<p>Der Oppositionspolitiker betonte, dass die hohe Arbeitslosenquote, die Unsicherheit der Lebensgrundlagen und die niedrigen L\u00f6hne durch die geringe Wettbewerbsf\u00e4higkeit bestimmter L\u00e4nder verursacht worden seien.<\/p>\n<p>Herr Gy\u00f6ngy\u00f6si merkt an, dass die Frist f\u00fcr die Sammlung der Unterst\u00fctzungsbekundungen in 5 Tagen am 22. Mai ablaufen werde, und die Zahl der bisher gesammelten Unterschriften liege bei etwas \u00fcber 500 Tsd. Diese Zahl liege zwar unter den geforderten 1 Mio, aber <a href=\"https:\/\/dailynewshungary.com\/de\/der-grose-britische-zuguberfall-wie-eine-15-kopfige-bande-1963-26-millionen-pfund-stahl\/\" target=\"_blank\" rel=\"noopener\">Jobbik<\/a> Betrachtet die B\u00fcrgerinitiative nach wie vor als Erfolg, zur Begr\u00fcndung dieser Stellungnahme sagte er, dass<\/p>\n<blockquote>\n<p>Die Frage der Verringerung des Lohngef\u00e4lles und der Grundsatz des gleichen Entgelts f\u00fcr gleiche Arbeit wurden in der ersten Frage der von Emmanuel Macron und Jean-Claude Juncker eingeleiteten gesamteurop\u00e4ischen Konsultation zur Zukunft der Union behandelt.<\/p>\n<\/blockquote>\n<p>\u201cDass die Lohnfrage in der Konsultation angesprochen wird, ist f\u00fcr uns alle ein Erfolg; f\u00fcr alle, die die Initiative unterst\u00fctzt haben, weil sie uns geholfen hat, noch mehr als unser urspr\u00fcngliches Ziel zu erreichen\u201d, erkl\u00e4rte der Fraktionsvorsitzende und f\u00fcgte hinzu, dass die Europ\u00e4ische Kommission sich an die 500 Millionen Menschen der Union wendet, um bei der Entscheidung \u00fcber die Zukunft Europas, einschlie\u00dflich der Lohnunion, mitzuhelfen. Aus Sicht von Jobbik sollten alle verantwortlichen ungarischen B\u00fcrger in dieser Konsultation ihre Meinung \u00e4u\u00dfern und sie ermutigen alle, die an der Zukunft Ungarns interessiert sind, die Frage des gleichen Lohns f\u00fcr gleiche Arbeit gegen\u00fcber der Union zur Sprache zu bringen Herr Gy\u00f6ngy\u00f6si f\u00fcgte hinzu<\/p>\n<blockquote>\n<p>Jobbik w\u00fcrde an der Konsultation teilnehmen, die Teil ihres EP-Wahlkampfs sein wird.<\/p>\n<\/blockquote>\n<p><em>Foto: MTI<\/em><\/p>\n<\/div>\n<\/div>\n<\/div>\n<\/div>\n","protected":false},"excerpt":{"rendered":"<p>Jobbik fordert alle verantwortlichen ungarischen B\u00fcrger nachdr\u00fccklich auf, sich an der gesamteurop\u00e4ischen Konsultation zu beteiligen und ihre Meinung zum Lohngef\u00e4lle zu \u00e4u\u00dfern, das die Europ\u00e4ische Union auseinanderrei\u00dft In seiner Pressekonferenz am Donnerstag erkl\u00e4rte Jobbiks gesch\u00e4ftsf\u00fchrender Vizepr\u00e4sident und Fraktionsvorsitzender im Parlament, seine Partei betrachte die Initiative der Lohnunion als Mittel, um auf ein zentrales Thema und [&hellip;]<\/p>\n","protected":false},"author":2,"featured_media":739025,"comment_status":"open","ping_status":"open","sticky":false,"template":"","format":"standard","meta":{"_acf_changed":false,"_display_image":"","footnotes":""},"categories":[1281],"tags":[1096,1082,1632,1104],"class_list":["post-739024","post","type-post","status-publish","format-standard","has-post-thumbnail","hentry","category-geschaft","tag-arbeitsmarkt","tag-europaische-union","tag-jobbik","tag-wirtschaft"],"blocksy_meta":[],"acf":[],"author_username":"alk","telegram_post":"","public_post_metadata":{"breaking_news":"","important":"","csempe":"","center_tile":"","disable_thumbnail":"","target_lang":"","_featured_image_style":"","telegram_post":"","_xlat_group_id":""},"public_rank_math_data":{"title":"%title% %sep% %sitename%","description":"Jobbik fordert alle verantwortlichen ungarischen B\u00fcrger nachdr\u00fccklich auf, sich an der gesamteurop\u00e4ischen Konsultation zu beteiligen und ihre Meinung zum Lohngef\u00e4lle zu \u00e4u\u00dfern, das die EU auseinanderrei\u00dft Jobbiks gesch\u00e4ftsf\u00fchrender Vizepr\u00e4sident und Fraktionsvorsitzender im Parlament sagte, seine Partei betrachte die Initiative der Lohnunion.","focus_keyword":"Lohnunion","canonical_url":"","robots":"","primary_category":"1281","breadcrumb_title":"","facebook_title":"","facebook_description":"","facebook_image":"","facebook_image_id":"","twitter_title":"","twitter_description":"","twitter_image":"","twitter_image_id":"","twitter_card_type":"","twitter_use_facebook":"","advanced_robots":"","pillar_content":"","seo_score":"62","contentai_score":"","rich_snippet":""},"_links":{"self":[{"href":"https:\/\/dailynewshungary.com\/de\/wp-json\/wp\/v2\/posts\/739024","targetHints":{"allow":["GET"]}}],"collection":[{"href":"https:\/\/dailynewshungary.com\/de\/wp-json\/wp\/v2\/posts"}],"about":[{"href":"https:\/\/dailynewshungary.com\/de\/wp-json\/wp\/v2\/types\/post"}],"author":[{"embeddable":true,"href":"https:\/\/dailynewshungary.com\/de\/wp-json\/wp\/v2\/users\/2"}],"replies":[{"embeddable":true,"href":"https:\/\/dailynewshungary.com\/de\/wp-json\/wp\/v2\/comments?post=739024"}],"version-history":[{"count":0,"href":"https:\/\/dailynewshungary.com\/de\/wp-json\/wp\/v2\/posts\/739024\/revisions"}],"wp:featuredmedia":[{"embeddable":true,"href":"https:\/\/dailynewshungary.com\/de\/wp-json\/wp\/v2\/media\/739025"}],"wp:attachment":[{"href":"https:\/\/dailynewshungary.com\/de\/wp-json\/wp\/v2\/media?parent=739024"}],"wp:term":[{"taxonomy":"category","embeddable":true,"href":"https:\/\/dailynewshungary.com\/de\/wp-json\/wp\/v2\/categories?post=739024"},{"taxonomy":"post_tag","embeddable":true,"href":"https:\/\/dailynewshungary.com\/de\/wp-json\/wp\/v2\/tags?post=739024"}],"curies":[{"name":"wp","href":"https:\/\/api.w.org\/{rel}","templated":true}]}}