{"id":739300,"date":"2018-05-08T13:40:18","date_gmt":"2018-05-08T11:40:18","guid":{"rendered":"https:\/\/dailynewshungary.com\/de\/sozialistische-parbeszierte-gesetzgeber-leisten-beim-denkmal-der-republik-einen-eid\/"},"modified":"2018-05-08T13:40:18","modified_gmt":"2018-05-08T11:40:18","slug":"sozialistische-parbeszierte-gesetzgeber-leisten-beim-denkmal-der-republik-einen-eid","status":"publish","type":"post","link":"https:\/\/dailynewshungary.com\/de\/sozialistische-parbeszierte-gesetzgeber-leisten-beim-denkmal-der-republik-einen-eid\/","title":{"rendered":"Sozialistische, p\u00e1rbeszierte Gesetzgeber leisten beim \u201eDenkmal der Republik\u2019 einen Eid"},"content":{"rendered":"<p><strong>Die gew\u00e4hlten Gesetzgeber von<a href=\"https:\/\/dailynewshungary.com\/de\/sozialisten-parbeszed-um-separate-fraktionen-zu-bilden\/\" target=\"_blank\" rel=\"noopener\"> Die oppositionellen sozialistischen und p\u00e1rbesz\u00e9dischen Parteien<\/a> Am Dienstag, vor der Er\u00f6ffnungssitzung des Parlaments, legten sie am Denkmal der Republik Ungarn ihre Eide ab.<\/strong><\/p>\n<p>Bei dem im 13. Bezirk Budapests errichteten Denkmal sagte der p\u00e1rbeszierte Co-Vorsitzende Gergely Kar\u00e1csony, dass sie \u201ezum K\u00e4mpfen ins Parlament gehen\u201d und die Regierung t\u00e4glich fragen w\u00fcrden, welche Ma\u00dfnahmen sie ergriffen habe, \u201eum Ungarn wieder zu einem gemeinsamen Zuhause zu machen.\u201cgleichberechtigte und freie B\u00fcrger\u201d.<\/p>\n<blockquote>\n<p><span style=\"color: #0000ff;\">\u201cWir m\u00f6chten die Gequ\u00e4lten, die Gedem\u00fctigten darstellen und die Fragen, die der Mann auf der Stra\u00dfe stellen w\u00fcrde, an den Premierminister und seine Regierung stellen\u201d, sagte Kar\u00e1csony.<\/span><\/p>\n<\/blockquote>\n<p><a href=\"https:\/\/dailynewshungary.com\/de\/ehemaliger-premierministerkandidat-karacsony-sozialisten-parbeszed-grundete-eine-parlamentsgruppe-unter-der-leitung-des-sozialistischen-abgeordneten-toth\/\" target=\"_blank\" rel=\"noopener\">Bertalan T\u00f3th, sozialistischer Fraktionsvorsitzender und Chef des B\u00fcndnisses der Fraktionen beider Parteien, sagte<\/a> Sie wollten die \u201cMehrheitsvertretung\u201d im Parlament schaffen.<\/p>\n<blockquote>\n<p><span style=\"color: #0000ff;\">\u201cWir wollen &#8230; die ganze ungarische Nation vertreten\u201d, sagte er.<\/span><\/p>\n<\/blockquote>\n<p>T\u00f3th sagte, die ungarische Republik geh\u00f6re der Vergangenheit an, wenn es sie noch g\u00e4be, h\u00e4tte die Wahl nicht durch \u201csystemische Manipulation\u201d beeinflusst werden k\u00f6nnen, sagte er.<\/p>\n<p>Das Denkmal Stein der Republik Ungarn wurde 2011 von den Sozialisten mit der Verabschiedung des Grundgesetzes errichtet, das den offiziellen Namen des Landes in Ungarn \u00e4nderte.<\/p>\n<p><em>Ausgew\u00e4hlte Bild: MTI<\/em><\/p>\n","protected":false},"excerpt":{"rendered":"<p>Die gew\u00e4hlten Gesetzgeber von Die oppositionellen sozialistischen und p\u00e1rbesz\u00e9dischen Parteien Am Dienstag, vor der Er\u00f6ffnungssitzung des Parlaments, legten sie am Denkmal der Republik Ungarn ihre Eide ab. Bei dem im 13. Bezirk Budapests errichteten Denkmal sagte der p\u00e1rbeszierte Co-Vorsitzende Gergely Kar\u00e1csony, dass sie \u201ezum K\u00e4mpfen ins Parlament gehen\u201d und die Regierung t\u00e4glich fragen w\u00fcrden, welche [&hellip;]<\/p>\n","protected":false},"author":7,"featured_media":739301,"comment_status":"open","ping_status":"open","sticky":false,"template":"","format":"standard","meta":{"_acf_changed":false,"_display_image":"","footnotes":""},"categories":[1081],"tags":[1661,1695,3695],"class_list":["post-739300","post","type-post","status-publish","format-standard","has-post-thumbnail","hentry","category-politik","tag-dialog-fur-ungarn","tag-sozialisten","tag-wahl-2018"],"blocksy_meta":[],"acf":[],"author_username":"Szandi","telegram_post":"","public_post_metadata":{"breaking_news":"","important":"","csempe":"","center_tile":"","disable_thumbnail":"","target_lang":"","_featured_image_style":"","telegram_post":"","_xlat_group_id":""},"public_rank_math_data":{"title":"%title% %sep% %sitename%","description":"Die gew\u00e4hlten Abgeordneten der oppositionellen sozialistischen und p\u00e1rbesz\u00e9dischen Parteien legten am Dienstag im Vorfeld der Er\u00f6ffnungssitzung des Parlaments am Denkmal der Republik Ungarn ihren Eid ab.","focus_keyword":"Eid","canonical_url":"","robots":"","primary_category":"1081","breadcrumb_title":"","facebook_title":"","facebook_description":"","facebook_image":"","facebook_image_id":"","twitter_title":"","twitter_description":"","twitter_image":"","twitter_image_id":"","twitter_card_type":"","twitter_use_facebook":"","advanced_robots":"","pillar_content":"","seo_score":"60","contentai_score":"","rich_snippet":""},"_links":{"self":[{"href":"https:\/\/dailynewshungary.com\/de\/wp-json\/wp\/v2\/posts\/739300","targetHints":{"allow":["GET"]}}],"collection":[{"href":"https:\/\/dailynewshungary.com\/de\/wp-json\/wp\/v2\/posts"}],"about":[{"href":"https:\/\/dailynewshungary.com\/de\/wp-json\/wp\/v2\/types\/post"}],"author":[{"embeddable":true,"href":"https:\/\/dailynewshungary.com\/de\/wp-json\/wp\/v2\/users\/7"}],"replies":[{"embeddable":true,"href":"https:\/\/dailynewshungary.com\/de\/wp-json\/wp\/v2\/comments?post=739300"}],"version-history":[{"count":0,"href":"https:\/\/dailynewshungary.com\/de\/wp-json\/wp\/v2\/posts\/739300\/revisions"}],"wp:featuredmedia":[{"embeddable":true,"href":"https:\/\/dailynewshungary.com\/de\/wp-json\/wp\/v2\/media\/739301"}],"wp:attachment":[{"href":"https:\/\/dailynewshungary.com\/de\/wp-json\/wp\/v2\/media?parent=739300"}],"wp:term":[{"taxonomy":"category","embeddable":true,"href":"https:\/\/dailynewshungary.com\/de\/wp-json\/wp\/v2\/categories?post=739300"},{"taxonomy":"post_tag","embeddable":true,"href":"https:\/\/dailynewshungary.com\/de\/wp-json\/wp\/v2\/tags?post=739300"}],"curies":[{"name":"wp","href":"https:\/\/api.w.org\/{rel}","templated":true}]}}