{"id":739393,"date":"2018-05-04T10:47:02","date_gmt":"2018-05-04T08:47:02","guid":{"rendered":"https:\/\/dailynewshungary.com\/de\/oder-aber-migranten-sollten-keinen-einzigen-cent-aus-dem-eu-haushalt-bekommen-interview\/"},"modified":"2018-05-04T10:47:02","modified_gmt":"2018-05-04T08:47:02","slug":"oder-aber-migranten-sollten-keinen-einzigen-cent-aus-dem-eu-haushalt-bekommen-interview","status":"publish","type":"post","link":"https:\/\/dailynewshungary.com\/de\/oder-aber-migranten-sollten-keinen-einzigen-cent-aus-dem-eu-haushalt-bekommen-interview\/","title":{"rendered":"Oder aber: Migranten sollten keinen einzigen Cent aus dem EU-Haushalt bekommen \u2013 Interview"},"content":{"rendered":"<p><strong><a href=\"https:\/\/dailynewshungary.com\/de\/der-grose-britische-zuguberfall-wie-eine-15-kopfige-bande-1963-26-millionen-pfund-stahl\/\" target=\"_blank\" rel=\"noopener\">Ministerpr\u00e4sident Viktor Orb\u00e1n<\/a> In einem Interview am Freitag sagte er, dass er einen Haushalt der Europ\u00e4ischen Union nicht unterst\u00fctze, der Landwirten, Forschung und Entwicklung sowie regionaler Entwicklung Geld wegnehme und es an L\u00e4nder weitergibt, die Migranten aufnehmen.<\/strong><\/p>\n<p>Im Gespr\u00e4ch mit dem \u00f6ffentlich-rechtlichen Rundfunk sagte Orb\u00e1n, dass die EU-Haushaltsverhandlungen voraussichtlich lange dauern w\u00fcrden und er wies darauf hin, dass ein gemeinsamer Haushalt f\u00fcr sieben Jahre einstimmig vereinbart werden m\u00fcsse.<\/p>\n<blockquote>\n<p>\u201cSolange die Ungarn nicht gr\u00fcnes Licht geben, wird es kein Budget geben\u201d, sagte er.<\/p>\n<\/blockquote>\n<p>Migranten, f\u00fcgte er hinzu, sollten nicht \u201ceinen einzigen Cent\u201d bekommen und die entsprechende Unterst\u00fctzung sollte von den Mitgliedstaaten aus ihrem eigenen Haushalt bereitgestellt werden.<\/p>\n<p>Er f\u00fcgte hinzu, dass er es nicht bef\u00fcrworte, die Unterst\u00fctzung auf dem Bauernhof einzuschr\u00e4nken.<\/p>\n<h2>Orb\u00e1n ernennt drei stellvertretende Premierminister<\/h2>\n<p>Drei stellvertretende Premierminister werden in die neue Regierung berufen, sagte Orb\u00e1n.<\/p>\n<p>Innenminister S\u00e1ndor Pinteer werde stellvertretender Premierminister und ein neues zentralisiertes B\u00fcro leiten, das auch als einheitlicher Geheimdienst fungieren werde, und Mih\u00e1ly Varga werde stellvertretender Premierminister sein, der f\u00fcr die Volkswirtschaft zust\u00e4ndig sei, sagte er. Zsolt Semj\u00e9n wird seinen Posten in allgemeiner Funktion behalten.<\/p>\n<blockquote>\n<p>Ein neues B\u00fcro des Premierministers, das f\u00fcr die Durchsetzung politischer Ma\u00dfnahmen zust\u00e4ndig ist, wird die Arbeit der Staatssekret\u00e4re der \u00f6ffentlichen Verwaltung in anderen Ministerien koordinieren.<\/p>\n<\/blockquote>\n<p>Das B\u00fcro werde mit dem Government Control Office und dem United Intelligence Service zusammenarbeiten, sagte Orb\u00e1n.<\/p>\n<p>Unterdessen stellte Orb\u00e1n auch fest, dass ein Plan zur \u00c4nderung der Verfassung zum Verbot vorgesehen sei <a href=\"https:\/\/dailynewshungary.com\/de\/der-grose-britische-zuguberfall-wie-eine-15-kopfige-bande-1963-26-millionen-pfund-stahl\/\" target=\"_blank\" rel=\"noopener\">Die Umsiedlung von Migranten<\/a> nach Ungarn wird im neuen Regierungszyklus fortgesetzt.<\/p>\n<h2>Soros<\/h2>\n<p>Das Gesetzespaket \u201cStop Soros\u201d, das die Regierung vor der Wahl am 8. April vorgelegt hat, sei eine damit verbundene Anstrengung, sagte er.<\/p>\n<blockquote>\n<p>\u201cSoros&#8217; Schattenarmee sollte ans Licht kommen\u201d, sagte Orb\u00e1n.<\/p>\n<\/blockquote>\n<p>Er sagte, es sei eine \u201cmoralische Pflicht\u201d, den Anti-Migrations-\u00c4nderungsantrag zu verabschieden, der 2016 nicht angenommen wurde, weil die Opposition ihre Unterst\u00fctzung verweigerte.<\/p>\n<p>Orb\u00e1n sagte, Migration sei keine Frage der Menschenrechte, sondern eine Frage der nationalen Sicherheit. Diejenigen in der Regierung, die sich mit Migrationsfragen befassen, sollten Zugang zu den Instrumenten der nationalen Sicherheit haben, sagte er.<\/p>\n<blockquote>\n<p>Nicht-ungarische Staatsb\u00fcrger, die illegale Migration unterst\u00fctzen, werden aus dem Land herausgefiltert, sagte er und bezog sich dabei auf den Gesetzentwurf \u201cStop Soros\u201d.<\/p>\n<\/blockquote>\n<h2>Christlich-demokratische Ideologie<\/h2>\n<p>Orb\u00e1n sagte, die Ziele der Regierung h\u00e4tten sich nicht ge\u00e4ndert und sie werde weiterhin die ungarische und christliche Kultur sch\u00fctzen und es werde nicht zulassen, dass das Land an Ausl\u00e4nder \u00fcbertragen werde. Es werde auf das Ziel der Vollbesch\u00e4ftigung hinarbeiten, was eine gut funktionierende Wirtschaft, niedrigere Steuern und h\u00f6here L\u00f6hne erfordere. Dar\u00fcber hinaus w\u00fcrden Familien mit Kindern weiterhin Unterst\u00fctzung erhalten, w\u00e4hrend der Wert der Renten erhalten und nach M\u00f6glichkeit erh\u00f6ht werde, sagte er.<\/p>\n<p>Orb\u00e1n sagte, seine Regierung halte an einer christdemokratischen Ideologie fest.<\/p>\n<blockquote>\n<p>\u201cWir bauen keine liberale Demokratie auf sondern eine christliche Demokratie, in der die W\u00fcrde des Menschen an erster Stelle steht, die M\u00e4chte getrennt werden, Freiheit ein absoluter Wert ist, Familien unterst\u00fctzt werden, globale Ideologien abgelehnt werden, Vertrauen in die Bedeutung der Nation besteht, die Regierung f\u00fcr Vollbesch\u00e4ftigung k\u00e4mpft, die Gleichstellung der Frauen respektiert wird und Entwicklungen, die zu einem steigenden Ausma\u00df an Antisemitismus f\u00fchren, verhindert werden\u201d<\/p>\n<\/blockquote>\n<p>Orb\u00e1n sagte, er bedauere, dass seine Fidesz-Partei 133 statt 134 Sitze im Parlament gewonnen habe \u201cSoweit ich sehe, hat uns der K\u00faria [der oberste Gerichtshof Ungarns] ein Mandat entzogen\u201d, sagte er und verwies auf die Kritik des Verfassungsgerichts am Donnerstag an der Kuria, die \u00fcber 4000 Stimmen f\u00fcr die Regierungsparteien f\u00fcr ung\u00fcltig erkl\u00e4rt hatteEr sagte jedoch, dass \u201ces akzeptiert werden muss\u201d und merkte an, dass es nach ungarischem Recht keinen Rechtsbehelf gegen die Entscheidung der K\u00faria gebeEr stellte au\u00dferdem fest, dass das endg\u00fcltige Ergebnis der Wahl sp\u00e4ter am Freitag bekannt gegeben werde.<\/p>\n<p>Er k\u00f6nne sich in naher Zukunft keine \u201cau\u00dfergew\u00f6hnliche Entwicklung\u201d vorstellen, die \u201cseine Energie aus der Leitung der Regierung saugen\u201d, sagte der Ministerpr\u00e4sidentEr w\u00e4re in der Lage, \u201cwichtige und konkrete Aufgaben zu definieren und umzusetzen\u201d.<\/p>\n<h2>Europ\u00e4ischer Haushalt<\/h2>\n<p>Bez\u00fcglich des europ\u00e4ischen Haushalts sagte Orb\u00e1n, er werde \u201eeinen Haushalt nicht unterst\u00fctzen, der \u201eMittel f\u00fcr Landwirte, Forschung und Entwicklung oder regionale Entwicklung k\u00fcrzen und diese Mittel an L\u00e4nder weiterleiten w\u00fcrde, die Migranten untergebracht haben\u201c\u201d.<\/p>\n<p>Orb\u00e1n sagte, die EU-Haushaltsverhandlungen d\u00fcrften lange dauern und er merkte an, dass man sich einstimmig auf einen gemeinsamen Haushalt f\u00fcr sieben Jahre einigen m\u00fcsse \u201cSolange die Ungarn nicht gr\u00fcnes Licht geben, wird es keinen Haushalt geben\u201d, sagte er.<\/p>\n<p>Migranten, f\u00fcgte er hinzu, sollten nicht \u201ceinen einzigen Cent\u201d bekommen und die entsprechende Unterst\u00fctzung sollte von den Mitgliedstaaten aus ihrem eigenen Haushalt bereitgestellt werden.<\/p>\n<p>Weder Ungarn noch Mitteleuropa h\u00e4tten etwas zu bef\u00fcrchten von irgendeinem Streit um Rechtsstaatlichkeit oder Haushalt, sagte er und f\u00fcgte hinzu, Ungarn k\u00f6nne \u201cbesonders ruhig\u201d sein, weil es 2013 unter dem Gesichtspunkt der Rechtsstaatlichkeit vollst\u00e4ndig bewertet worden sei, \u201cund wir haben auf dem Papier, dass alles gut ist\u201d.<\/p>\n<h2>EP-wahl<\/h2>\n<p>Mit Bezug auf die bevorstehende Wahl zum Europ\u00e4ischen Parlament (EP) und die damit verbundenen Gespr\u00e4che mit der Europ\u00e4ischen Volkspartei sagte Orb\u00e1n, das Hauptthema der Wahl \u201ckann nichts anderes als Migration sein\u201d, und nur die Ungarn hatten bisher Gelegenheit, ihre Ansichten zu diesem Thema zu \u00e4u\u00dfern.<\/p>\n<blockquote>\n<p>Die EP-Wahl wird daher ein \u201cgro\u00dfes Referendum\u201d \u00fcber Migration sein, die<\/p>\n<\/blockquote>\n<p>Er sagte und f\u00fcgte hinzu, dass er seinen pers\u00f6nlichen Beitrag sowie den der regierenden Fidesz-Partei f\u00fcr einen Wahlkampf einer gro\u00dfen Volkspartei angeboten habe. Orb\u00e1n erkl\u00e4rte, dass die EVP nicht die gr\u00f6\u00dfte Partei im Europ\u00e4ischen Parlament sei. \u201cDieses Label geh\u00f6rt Soros\u201d<\/p>\n<p><em>Foto: MTI\/EPA\/Christophe Petit Tesson<\/em><\/p>\n","protected":false},"excerpt":{"rendered":"<p>Ministerpr\u00e4sident Viktor Orb\u00e1n In einem Interview am Freitag sagte er, dass er einen Haushalt der Europ\u00e4ischen Union nicht unterst\u00fctze, der Landwirten, Forschung und Entwicklung sowie regionaler Entwicklung Geld wegnehme und es an L\u00e4nder weitergibt, die Migranten aufnehmen. Im Gespr\u00e4ch mit dem \u00f6ffentlich-rechtlichen Rundfunk sagte Orb\u00e1n, dass die EU-Haushaltsverhandlungen voraussichtlich lange dauern w\u00fcrden und er wies [&hellip;]<\/p>\n","protected":false},"author":2,"featured_media":739394,"comment_status":"open","ping_status":"open","sticky":false,"template":"","format":"standard","meta":{"_acf_changed":false,"_display_image":"","footnotes":""},"categories":[1081],"tags":[1871,1445,1702,1308,1128,3695],"class_list":["post-739393","post","type-post","status-publish","format-standard","has-post-thumbnail","hentry","category-politik","tag-migrantenquoten","tag-migration","tag-soros","tag-verfassungsanderung","tag-viktor-orban","tag-wahl-2018"],"blocksy_meta":[],"acf":[],"author_username":"alk","telegram_post":"","public_post_metadata":{"breaking_news":"","important":"","csempe":"","center_tile":"","disable_thumbnail":"","target_lang":"","_featured_image_style":"","telegram_post":"","_xlat_group_id":""},"public_rank_math_data":{"title":"%title% %sep% %sitename%","description":"Premierminister Viktor Orb\u00e1n sagte am Freitag in einem Interview, dass er einen Haushalt der Europ\u00e4ischen Union nicht unterst\u00fctze, der Landwirten, Forschung und Entwicklung sowie regionaler Entwicklung Geld wegnehme und es an L\u00e4nder weitergibt, die Migranten aufnehmen.","focus_keyword":"Migranten","canonical_url":"","robots":"","primary_category":"1081","breadcrumb_title":"","facebook_title":"","facebook_description":"","facebook_image":"","facebook_image_id":"","twitter_title":"","twitter_description":"","twitter_image":"","twitter_image_id":"","twitter_card_type":"","twitter_use_facebook":"","advanced_robots":"","pillar_content":"","seo_score":"60","contentai_score":"","rich_snippet":""},"_links":{"self":[{"href":"https:\/\/dailynewshungary.com\/de\/wp-json\/wp\/v2\/posts\/739393","targetHints":{"allow":["GET"]}}],"collection":[{"href":"https:\/\/dailynewshungary.com\/de\/wp-json\/wp\/v2\/posts"}],"about":[{"href":"https:\/\/dailynewshungary.com\/de\/wp-json\/wp\/v2\/types\/post"}],"author":[{"embeddable":true,"href":"https:\/\/dailynewshungary.com\/de\/wp-json\/wp\/v2\/users\/2"}],"replies":[{"embeddable":true,"href":"https:\/\/dailynewshungary.com\/de\/wp-json\/wp\/v2\/comments?post=739393"}],"version-history":[{"count":0,"href":"https:\/\/dailynewshungary.com\/de\/wp-json\/wp\/v2\/posts\/739393\/revisions"}],"wp:featuredmedia":[{"embeddable":true,"href":"https:\/\/dailynewshungary.com\/de\/wp-json\/wp\/v2\/media\/739394"}],"wp:attachment":[{"href":"https:\/\/dailynewshungary.com\/de\/wp-json\/wp\/v2\/media?parent=739393"}],"wp:term":[{"taxonomy":"category","embeddable":true,"href":"https:\/\/dailynewshungary.com\/de\/wp-json\/wp\/v2\/categories?post=739393"},{"taxonomy":"post_tag","embeddable":true,"href":"https:\/\/dailynewshungary.com\/de\/wp-json\/wp\/v2\/tags?post=739393"}],"curies":[{"name":"wp","href":"https:\/\/api.w.org\/{rel}","templated":true}]}}