{"id":739655,"date":"2018-04-23T17:00:00","date_gmt":"2018-04-23T15:00:00","guid":{"rendered":"https:\/\/dailynewshungary.com\/de\/munkacsy-in-unabhangiger-ausstellung-in-der-st-petersburger-eremitage\/"},"modified":"2018-04-23T17:00:00","modified_gmt":"2018-04-23T15:00:00","slug":"munkacsy-in-unabhangiger-ausstellung-in-der-st-petersburger-eremitage","status":"publish","type":"post","link":"https:\/\/dailynewshungary.com\/de\/munkacsy-in-unabhangiger-ausstellung-in-der-st-petersburger-eremitage\/","title":{"rendered":"Munk\u00e1csy in unabh\u00e4ngiger Ausstellung in der St. Petersburger Eremitage"},"content":{"rendered":"<p><strong>Eine unabh\u00e4ngige Ausstellung realistischer Maler des 19. Jahrhunderts <a href=\"https:\/\/dailynewshungary.com\/?s=munk%C3%A1csy\" target=\"_blank\" rel=\"noopener\">Mih\u00e1ly Munk\u00e1csy<\/a>Die Arbeiten werden zwischen dem 24. April und dem 29. Juli in der Eremitage von St. Petersburg gezeigt, teilten die Organisatoren der Show am Montag mit.<\/strong><\/p>\n<p>Die Ausstellung zeigt weltber\u00fchmte Werke des K\u00fcnstlers wie die Frau, die Pinselholz tr\u00e4gt, das Portr\u00e4t von Franz Liszt und eine kleinere Version seiner monumentalen Golgatha-Trilogie und des g\u00e4hnenden Lehrlings.<\/p>\n<p>Die meisten der 65 Werke seien Eigentum der Ungarischen Nationalgalerie, w\u00e4hrend 20 vom Privatsammler Imre Pakh stammten, hie\u00df es.<\/p>\n<blockquote>\n<p>Mih\u00e1ly Munk\u00e1csy (1844-1900) wurde in Munk\u00e1cs (Munkachevo, Ukraine) als Michael Leo Lieb geboren.<\/p>\n<\/blockquote>\n<p>Er lebte und studierte in Budapest, D\u00fcsseldorf und Paris, wo seine realistischen Portr\u00e4ts und Landschaften, aber auch Genrebilder, die oft das Leben in Ungarn darstellen, weltweite Anerkennung fanden, seine Bilder werden heute in Museen wie dem Musee d&#8217;Orsay in Paris, dem New York Metropolitan Museum und dem Philadelphia Museum of Art gezeigt.<\/p>\n<p>Wie wir bereits geschrieben haben, sagte der in Ungarn geborene amerikanische Kunstsammler Imre Pakh <a href=\"https:\/\/dailynewshungary.com\/de\/pakh-golgatha-hat-seinen-platz-in-debrecen-als-teil-der-munkacsy-trilogie\/\" target=\"_blank\" rel=\"noopener\">Er hatte nicht die Absicht, Golgatha zu verkaufen<\/a>, ein monumentales Gem\u00e4lde des ungarischen Meisters Mih\u00e1ly Munk\u00e1csy aus dem 19. Jahrhundert, das der Staat Ungarn seit Jahren be\u00e4ugt.<\/p>\n<p><em>Foto: MTI<\/em><\/p>\n","protected":false},"excerpt":{"rendered":"<p>Eine unabh\u00e4ngige Ausstellung realistischer Maler des 19. Jahrhunderts Mih\u00e1ly Munk\u00e1csyDie Arbeiten werden zwischen dem 24. April und dem 29. Juli in der Eremitage von St. Petersburg gezeigt, teilten die Organisatoren der Show am Montag mit. Die Ausstellung zeigt weltber\u00fchmte Werke des K\u00fcnstlers wie die Frau, die Pinselholz tr\u00e4gt, das Portr\u00e4t von Franz Liszt und eine [&hellip;]<\/p>\n","protected":false},"author":2,"featured_media":739656,"comment_status":"open","ping_status":"open","sticky":false,"template":"","format":"standard","meta":{"_acf_changed":false,"_display_image":"","footnotes":""},"categories":[1151],"tags":[1232,1311,1209],"class_list":["post-739655","post","type-post","status-publish","format-standard","has-post-thumbnail","hentry","category-kulturen","tag-ausstellung","tag-museum","tag-russland"],"blocksy_meta":[],"acf":[],"author_username":"alk","telegram_post":"","public_post_metadata":{"breaking_news":"","important":"","csempe":"","center_tile":"","disable_thumbnail":"","target_lang":"","_featured_image_style":"","telegram_post":"","_xlat_group_id":""},"public_rank_math_data":{"title":"%title% %sep% %sitename%","description":"Eine unabh\u00e4ngige Ausstellung der Arbeiten des realistischen Malers Mih\u00e1ly Munk\u00e1csy aus dem 19. Jahrhundert werde zwischen dem 24. April und dem 29. Juli in der Eremitage in St. Petersburg gezeigt, teilten die Organisatoren der Ausstellung am Montag mit.","focus_keyword":"St. Petersburg","canonical_url":"","robots":"","primary_category":"1151","breadcrumb_title":"","facebook_title":"","facebook_description":"","facebook_image":"","facebook_image_id":"","twitter_title":"","twitter_description":"","twitter_image":"","twitter_image_id":"","twitter_card_type":"","twitter_use_facebook":"","advanced_robots":"","pillar_content":"","seo_score":"","contentai_score":"","rich_snippet":""},"_links":{"self":[{"href":"https:\/\/dailynewshungary.com\/de\/wp-json\/wp\/v2\/posts\/739655","targetHints":{"allow":["GET"]}}],"collection":[{"href":"https:\/\/dailynewshungary.com\/de\/wp-json\/wp\/v2\/posts"}],"about":[{"href":"https:\/\/dailynewshungary.com\/de\/wp-json\/wp\/v2\/types\/post"}],"author":[{"embeddable":true,"href":"https:\/\/dailynewshungary.com\/de\/wp-json\/wp\/v2\/users\/2"}],"replies":[{"embeddable":true,"href":"https:\/\/dailynewshungary.com\/de\/wp-json\/wp\/v2\/comments?post=739655"}],"version-history":[{"count":0,"href":"https:\/\/dailynewshungary.com\/de\/wp-json\/wp\/v2\/posts\/739655\/revisions"}],"wp:featuredmedia":[{"embeddable":true,"href":"https:\/\/dailynewshungary.com\/de\/wp-json\/wp\/v2\/media\/739656"}],"wp:attachment":[{"href":"https:\/\/dailynewshungary.com\/de\/wp-json\/wp\/v2\/media?parent=739655"}],"wp:term":[{"taxonomy":"category","embeddable":true,"href":"https:\/\/dailynewshungary.com\/de\/wp-json\/wp\/v2\/categories?post=739655"},{"taxonomy":"post_tag","embeddable":true,"href":"https:\/\/dailynewshungary.com\/de\/wp-json\/wp\/v2\/tags?post=739655"}],"curies":[{"name":"wp","href":"https:\/\/api.w.org\/{rel}","templated":true}]}}