{"id":739695,"date":"2018-04-21T20:30:47","date_gmt":"2018-04-21T18:30:47","guid":{"rendered":"https:\/\/dailynewshungary.com\/de\/sozialisten-parbeszed-um-separate-fraktionen-zu-bilden\/"},"modified":"2018-04-21T20:30:47","modified_gmt":"2018-04-21T18:30:47","slug":"sozialisten-parbeszed-um-separate-fraktionen-zu-bilden","status":"publish","type":"post","link":"https:\/\/dailynewshungary.com\/de\/sozialisten-parbeszed-um-separate-fraktionen-zu-bilden\/","title":{"rendered":"Sozialisten, P\u00e1rbesz\u00e9d, um separate Fraktionen zu bilden"},"content":{"rendered":"<p><strong>Die Opposition <a href=\"https:\/\/dailynewshungary.com\/de\/der-grose-britische-zuguberfall-wie-eine-15-kopfige-bande-1963-26-millionen-pfund-stahl\/\" target=\"_blank\" rel=\"noopener\">Sozialistische Partei<\/a> und P\u00e1rbesz\u00e9d werde im n\u00e4chsten Parlament getrennte Gruppen bilden, aber als parlamentarisches B\u00fcndnis agieren, sagten die F\u00fchrer der beiden Parteien am Samstag. <\/strong><\/p>\n<p>Die drei <a href=\"https:\/\/dailynewshungary.com\/de\/der-grose-britische-zuguberfall-wie-eine-15-kopfige-bande-1963-26-millionen-pfund-stahl\/\" target=\"_blank\" rel=\"noopener\">P\u00e1rbesz\u00e9d<\/a>&nbsp;(Dialog f\u00fcr Ungarn) Zu den Politikern Gergely Kar\u00e1csony, T\u00edmea Szab\u00f3 und Bence Tordai gesellen sich Anett B.sz von der Liberalen Partei und S\u00e1ndor Bur\u00e1ny, der Mitglied der Sozialistischen Partei bleiben wird.<\/p>\n<p>Kar\u00e1csony, P\u00e1rbesz\u00e9ds Vorsitzender und ehemaliger Ministerpr\u00e4sidentkandidat des Oppositionsb\u00fcndnisses, sagte w\u00e4hrend einer Sitzungspause im Nationalvorstand der Sozialistischen Partei auf einer Pressekonferenz, dass die beiden Parteien beabsichtigen, ihre Zusammenarbeit in getrennten Fraktionen fortzusetzen, aber als eine Einheit arbeiten werden B\u00fcndnis.<\/p>\n<blockquote>\n<p>Bei der Bewertung der Parlamentswahlen am 8. April sagte Kar\u00e1csony, dass den Menschen, die an das Ideal der Sozialdemokratie glauben, Glaube und Hoffnung gegeben werden sollten.<\/p>\n<\/blockquote>\n<p>Er sagte, dass die W\u00e4hler, die sich f\u00fcr Ver\u00e4nderungen entschieden, es den Parteien jedoch lieber gehabt h\u00e4tten, ein breiteres B\u00fcndnis zu bilden, als sie es letztendlich getan h\u00e4tten.<\/p>\n<p>Die drei Monate, die die beiden Parteien gemeinsam f\u00fchren mussten, reichten nicht aus, sagte erAber die n\u00e4chsten vier Jahre w\u00fcrden genug Zeit lassen, um breitere B\u00fcndnisse zu bilden und einen Durchbruch zu erzielenf\u00fcgte er hinzu.<\/p>\n<p>Kar\u00e1csony sagte, die Parteigruppen w\u00fcrden ein gemeinsames Koordinierungsgremium unter der Leitung des derzeitigen Fraktionsvorsitzenden der Sozialisten einrichten.<\/p>\n<p>Bertalan T\u00f3th, Fraktionsvorsitzender der Sozialisten, sagte, die beiden Fraktionen w\u00fcrden eine Vereinbarung \u00fcber ihr Parlamentsb\u00fcndnis unterzeichnen und ihre Arbeit im Parlament \u201ceng koordinieren\u201d Sie werden sich am Montag treffen, um die Vereinbarung abzuschlie\u00dfen, sagte er und f\u00fcgte hinzu, dass das Koordinierungsgremium f\u00fcr die gemeinsame Politikgestaltung verantwortlich sein werde.<\/p>\n<blockquote>\n<p>Sie werden sich vor der Abstimmung auf eine gemeinsame Haltung zu bestimmten Themen und parlamentarischen Angelegenheiten einigen, f\u00fcgte er hinzu.<\/p>\n<\/blockquote>\n<p>Auch die anderen Oppositionsparteien werden Vorschl\u00e4ge machen, um in bestimmten Fragen Einheitlichkeit anzustreben, sagte er und f\u00fcgte hinzu, dass n\u00e4chste Woche ein Vorschlag dazu gemacht werde, wie etwa ein Runder Tisch der Opposition.<\/p>\n<p>Istv\u00e1n Hiller, Vorsitzender des Nationalvorstands der Sozialistischen Partei, sagte am Samstag, der Vorstand habe \u201eseine wichtigste Sitzung abgehalten und seine wichtigsten Entscheidungen seit 1989 getroffen\u201cund billigte grundlegende \u00c4nderungen in der Partei. Er k\u00fcndigte an, dass am 17. Juni ein Sozialistenkongress stattfinden werde.<\/p>\n<p>Auf die Frage, mit welchen Oppositionsparteien das B\u00fcndnis kooperieren w\u00fcrde, sagte Karacsony, sie betrachteten alle demokratischen Oppositionsparteien als Verb\u00fcndeteVerschiedene Parteien, deren Weltanschauungen \u00e4hnlich sind, sollten beispielsweise ihre F\u00e4higkeit zeigen, gemeinsam zu handeln, um ihre Werte zu vertreten.<\/p>\n<p>Er sagte, Vorwahlpakte seien nur eine Technik und das wahre Ziel sei es, den besten Kandidaten in einer demokratischen Debatte unter Einbeziehung lokaler Gemeinschaften zu finden. Bei den j\u00fcngsten Wahlen h\u00e4tten sie wahrscheinlich falsch gelegen, diese Methode nicht angewendet zu haben, sagte er.<\/p>\n<p><em>Foto: MTI<\/em><\/p>\n","protected":false},"excerpt":{"rendered":"<p>Die Opposition Sozialistische Partei und P\u00e1rbesz\u00e9d werde im n\u00e4chsten Parlament getrennte Gruppen bilden, aber als parlamentarisches B\u00fcndnis agieren, sagten die F\u00fchrer der beiden Parteien am Samstag. Die drei P\u00e1rbesz\u00e9d&nbsp;(Dialog f\u00fcr Ungarn) Zu den Politikern Gergely Kar\u00e1csony, T\u00edmea Szab\u00f3 und Bence Tordai gesellen sich Anett B.sz von der Liberalen Partei und S\u00e1ndor Bur\u00e1ny, der Mitglied der [&hellip;]<\/p>\n","protected":false},"author":2,"featured_media":739696,"comment_status":"open","ping_status":"open","sticky":false,"template":"","format":"standard","meta":{"_acf_changed":false,"_display_image":"","footnotes":""},"categories":[1081],"tags":[1661,1658,1695,3695],"class_list":["post-739695","post","type-post","status-publish","format-standard","has-post-thumbnail","hentry","category-politik","tag-dialog-fur-ungarn","tag-parlament","tag-sozialisten","tag-wahl-2018"],"blocksy_meta":[],"acf":[],"author_username":"alk","telegram_post":"","public_post_metadata":{"breaking_news":"","important":"","csempe":"","center_tile":"","disable_thumbnail":"","target_lang":"","_featured_image_style":"","telegram_post":"","_xlat_group_id":""},"public_rank_math_data":{"title":"%title% %sep% %sitename%","description":"Die oppositionelle Sozialistische Partei und P\u00e1rbesz\u00e9d werden im n\u00e4chsten Parlament getrennte Gruppen bilden, aber als parlamentarisches B\u00fcndnis agieren, sagten die F\u00fchrer der beiden Parteien am Samstag.","focus_keyword":"Parlamentarischen","canonical_url":"","robots":"","primary_category":"1081","breadcrumb_title":"","facebook_title":"","facebook_description":"","facebook_image":"","facebook_image_id":"","twitter_title":"","twitter_description":"","twitter_image":"","twitter_image_id":"","twitter_card_type":"","twitter_use_facebook":"","advanced_robots":"","pillar_content":"","seo_score":"58","contentai_score":"","rich_snippet":""},"_links":{"self":[{"href":"https:\/\/dailynewshungary.com\/de\/wp-json\/wp\/v2\/posts\/739695","targetHints":{"allow":["GET"]}}],"collection":[{"href":"https:\/\/dailynewshungary.com\/de\/wp-json\/wp\/v2\/posts"}],"about":[{"href":"https:\/\/dailynewshungary.com\/de\/wp-json\/wp\/v2\/types\/post"}],"author":[{"embeddable":true,"href":"https:\/\/dailynewshungary.com\/de\/wp-json\/wp\/v2\/users\/2"}],"replies":[{"embeddable":true,"href":"https:\/\/dailynewshungary.com\/de\/wp-json\/wp\/v2\/comments?post=739695"}],"version-history":[{"count":0,"href":"https:\/\/dailynewshungary.com\/de\/wp-json\/wp\/v2\/posts\/739695\/revisions"}],"wp:featuredmedia":[{"embeddable":true,"href":"https:\/\/dailynewshungary.com\/de\/wp-json\/wp\/v2\/media\/739696"}],"wp:attachment":[{"href":"https:\/\/dailynewshungary.com\/de\/wp-json\/wp\/v2\/media?parent=739695"}],"wp:term":[{"taxonomy":"category","embeddable":true,"href":"https:\/\/dailynewshungary.com\/de\/wp-json\/wp\/v2\/categories?post=739695"},{"taxonomy":"post_tag","embeddable":true,"href":"https:\/\/dailynewshungary.com\/de\/wp-json\/wp\/v2\/tags?post=739695"}],"curies":[{"name":"wp","href":"https:\/\/api.w.org\/{rel}","templated":true}]}}