{"id":739796,"date":"2018-04-18T07:30:39","date_gmt":"2018-04-18T05:30:39","guid":{"rendered":"https:\/\/dailynewshungary.com\/de\/regierungsbeamter-ungarn-hoffnungsvolle-eg-wird-politische-jagd-fur-polen-beenden\/"},"modified":"2018-04-18T07:30:39","modified_gmt":"2018-04-18T05:30:39","slug":"regierungsbeamter-ungarn-hoffnungsvolle-eg-wird-politische-jagd-fur-polen-beenden","status":"publish","type":"post","link":"https:\/\/dailynewshungary.com\/de\/regierungsbeamter-ungarn-hoffnungsvolle-eg-wird-politische-jagd-fur-polen-beenden\/","title":{"rendered":"Regierungsbeamter: Ungarn hoffnungsvolle EG wird \u2018politische Jagd\u2019 f\u00fcr Polen beenden"},"content":{"rendered":"<p><strong><a href=\"https:\/\/dailynewshungary.com\/de\/ungarns-parlament-solidarisiert-sich-mit-polen\/\" target=\"_blank\" rel=\"noopener\">Ungarn hofft, dass die \u201cpolitische Jagd\u201d der Europ\u00e4ischen Union auf Polen bald ein Ende findet<\/a> und die Europ\u00e4ische Kommission werde endlich die auf nationalen Traditionen und Souver\u00e4nit\u00e4t basierenden Gesetze der Mitgliedstaaten respektieren, sagte der Staatssekret\u00e4r f\u00fcr EU-Angelegenheiten am Dienstag.<\/strong><\/p>\n<p>In einem Telefongespr\u00e4ch mit ungarischen Reportern aus Luxemburg nach einem Treffen von EU-Beamten sagte Szabolcs Tak\u00e1cs, Polen verdiene Respekt und argumentierte, dass die polnische Regierung trotz des laufenden Verfahrens dagegen, das seiner Meinung nach \u201enicht als fair\u201cbezeichnet werden k\u00f6nne, konstruktive Gespr\u00e4che f\u00fchre Gespr\u00e4che mit der EG.<\/p>\n<blockquote>\n<p><span style=\"color: #0000ff;\"><a href=\"https:\/\/dailynewshungary.com\/de\/orban-der-angriff-auf-polen-ist-ein-angriff-auf-ganz-mitteleuropa\/\" target=\"_blank\" rel=\"noopener\">Ungarn ist mit dem Verfahren nicht einverstanden und unterst\u00fctzt es immer noch nicht, dass die EG<\/a> \u201eAnstelle einer bilateralen Leitung des Verfahrens\u201cals \u201eeine bilaterale Leitung des Verfahrens gegen die polnische Regierung\u201d, sagte Tak\u00e1cs.<\/span><\/p>\n<\/blockquote>\n<p>Der Staatssekret\u00e4r argumentierte, dass das \u00f6ffentliche Verfahren den politischen Druck auf Polen erh\u00f6he, er f\u00fcgte gleichzeitig hinzu, dass der j\u00fcngste Schritt des Ersten Vizepr\u00e4sidenten der EG, Frans Timmermans, \u201csinnvolle\u201d Gespr\u00e4che mit Warschau aufzunehmen, konstruktiv sei.<\/p>\n<p>Die Offenheit und Bereitschaft Polens m\u00fcsse anerkannt werden, sagte Tak\u00e1cs und argumentierte, dass Polen seine Gesetze ge\u00e4ndert habe, die von der EG als die problematischsten angesehen worden seien.<\/p>\n<p><em>Ausgew\u00e4hltes Bild: www.facebook.com\/Lengyel-magyar bar\u00e1ts\u00e1g<\/em><\/p>\n","protected":false},"excerpt":{"rendered":"<p>Ungarn hofft, dass die \u201cpolitische Jagd\u201d der Europ\u00e4ischen Union auf Polen bald ein Ende findet und die Europ\u00e4ische Kommission werde endlich die auf nationalen Traditionen und Souver\u00e4nit\u00e4t basierenden Gesetze der Mitgliedstaaten respektieren, sagte der Staatssekret\u00e4r f\u00fcr EU-Angelegenheiten am Dienstag. In einem Telefongespr\u00e4ch mit ungarischen Reportern aus Luxemburg nach einem Treffen von EU-Beamten sagte Szabolcs Tak\u00e1cs, [&hellip;]<\/p>\n","protected":false},"author":7,"featured_media":739797,"comment_status":"open","ping_status":"open","sticky":false,"template":"","format":"standard","meta":{"_acf_changed":false,"_display_image":"","footnotes":""},"categories":[1081],"tags":[1426,1197],"class_list":["post-739796","post","type-post","status-publish","format-standard","has-post-thumbnail","hentry","category-politik","tag-europaische-kommission","tag-polen"],"blocksy_meta":[],"acf":[],"author_username":"Szandi","telegram_post":"","public_post_metadata":{"breaking_news":"","important":"","csempe":"","center_tile":"","disable_thumbnail":"","target_lang":"","_featured_image_style":"","telegram_post":"","_xlat_group_id":""},"public_rank_math_data":{"title":"%title% %sep% %sitename%","description":"Ungarn hoffe, dass die \"politische Jagd\" der Europ\u00e4ischen Union auf Polen bald ein Ende habe und die Europ\u00e4ische Kommission endlich die auf nationalen Traditionen und Souver\u00e4nit\u00e4t basierenden Gesetze der Mitgliedstaaten respektiere, sagte der Staatssekret\u00e4r f\u00fcr EU-Angelegenheiten am Dienstag.","focus_keyword":"Politische Jagd","canonical_url":"","robots":"","primary_category":"1081","breadcrumb_title":"","facebook_title":"","facebook_description":"","facebook_image":"","facebook_image_id":"","twitter_title":"","twitter_description":"","twitter_image":"","twitter_image_id":"","twitter_card_type":"","twitter_use_facebook":"","advanced_robots":"","pillar_content":"","seo_score":"59","contentai_score":"","rich_snippet":""},"_links":{"self":[{"href":"https:\/\/dailynewshungary.com\/de\/wp-json\/wp\/v2\/posts\/739796","targetHints":{"allow":["GET"]}}],"collection":[{"href":"https:\/\/dailynewshungary.com\/de\/wp-json\/wp\/v2\/posts"}],"about":[{"href":"https:\/\/dailynewshungary.com\/de\/wp-json\/wp\/v2\/types\/post"}],"author":[{"embeddable":true,"href":"https:\/\/dailynewshungary.com\/de\/wp-json\/wp\/v2\/users\/7"}],"replies":[{"embeddable":true,"href":"https:\/\/dailynewshungary.com\/de\/wp-json\/wp\/v2\/comments?post=739796"}],"version-history":[{"count":0,"href":"https:\/\/dailynewshungary.com\/de\/wp-json\/wp\/v2\/posts\/739796\/revisions"}],"wp:featuredmedia":[{"embeddable":true,"href":"https:\/\/dailynewshungary.com\/de\/wp-json\/wp\/v2\/media\/739797"}],"wp:attachment":[{"href":"https:\/\/dailynewshungary.com\/de\/wp-json\/wp\/v2\/media?parent=739796"}],"wp:term":[{"taxonomy":"category","embeddable":true,"href":"https:\/\/dailynewshungary.com\/de\/wp-json\/wp\/v2\/categories?post=739796"},{"taxonomy":"post_tag","embeddable":true,"href":"https:\/\/dailynewshungary.com\/de\/wp-json\/wp\/v2\/tags?post=739796"}],"curies":[{"name":"wp","href":"https:\/\/api.w.org\/{rel}","templated":true}]}}