{"id":740375,"date":"2018-03-26T10:00:27","date_gmt":"2018-03-26T08:00:27","guid":{"rendered":"https:\/\/dailynewshungary.com\/de\/wahl-2018-orban-migration-nummer-eins\/"},"modified":"2018-03-26T10:00:27","modified_gmt":"2018-03-26T08:00:27","slug":"wahl-2018-orban-migration-nummer-eins","status":"publish","type":"post","link":"https:\/\/dailynewshungary.com\/de\/wahl-2018-orban-migration-nummer-eins\/","title":{"rendered":"Wahl 2018 \u2013 Orb\u00e1n: Migration Nummer eins"},"content":{"rendered":"<p><strong>Bei den Parlamentswahlen im April geht es vor allem darum, ob Ungarn ein \u201cEinwanderungsland\u201d wird und ob Sicherheit sowie europ\u00e4ische Kultur und Lebensweise erhalten werden k\u00f6nnen, Herr Ministerpr\u00e4sident <a href=\"https:\/\/dailynewshungary.com\/de\/der-grose-britische-zuguberfall-wie-eine-15-kopfige-bande-1963-26-millionen-pfund-stahl\/\" target=\"_blank\" rel=\"noopener\">Viktor Orb\u00e1n<\/a> Sagte am Sonntag.<\/strong><\/p>\n<p>In einem Interview mit dem \u00f6ffentlich-rechtlichen Radio Kossuth sagte Orb\u00e1n, dass die zunehmende Bedrohung durch den Terrorismus und die Verschlechterung der \u00f6ffentlichen Sicherheit mit Migration zusammenh\u00e4ngen. Er sagte, es sei \u201einakzeptabel\u201cdass Migration die Gleichstellung von Frauen bedrohe, was er \u201eeinen der Eckpfeiler der europ\u00e4ischen Kultur\u201d nannte.<\/p>\n<p>Ungarn ist der Ansicht, dass der Kontinent voll ist, die Grenzen gesch\u00fctzt werden m\u00fcssen und Migranten aus Europa ferngehalten werden sollten, sagte Orb\u00e1nWenn <a href=\"https:\/\/dailynewshungary.com\/de\/der-grose-britische-zuguberfall-wie-eine-15-kopfige-bande-1963-26-millionen-pfund-stahl\/\" target=\"_blank\" rel=\"noopener\">Illegale Migration<\/a> Schluss gemacht wird, es keine Migranten mehr zu verteilen geben wird und die Europ\u00e4ische Union sich auch von Migrantenquoten befreien w\u00fcrde, f\u00fcgte der Ministerpr\u00e4sident hinzu.<\/p>\n<p>Orb\u00e1n sagte<\/p>\n<blockquote>\n<p>Br\u00fcssel wollte einen erheblichen Teil der EU-Mittel f\u00fcr Migranten ausgeben und gem\u00e4\u00df einem EU-Vorschlag m\u00fcsste Ungarn in der ersten Runde ihrer Verteilung 10.000 Migranten aufnehmen.<\/p>\n<\/blockquote>\n<p>Die Finanzhilfen im Wert von 9 Millionen Forint (28.700 EUR), die Ungarn im Rahmen dieser Regelung pro Migrant verteilen m\u00fcsste, w\u00fcrden die wirtschaftlichen Errungenschaften des Landes zunichte machen, sagte erEr argumentierte, dass Migranten nicht nur aus kulturellen Gr\u00fcnden nicht auf die EU-Mitgliedstaaten verteilt werden sollten, sondern auch, weil die Aufnahme von Migranten die wirtschaftlichen Kapazit\u00e4ten der L\u00e4nder sprengen w\u00fcrde.<\/p>\n<p>Zu einem anderen Thema nannte Orb\u00e1n das Ergebnis der j\u00fcngsten italienischen Parlamentswahlen eine \u201cwichtige Entwicklung\u201d und argumentierte, dass dies bedeute, dass die \u00fcberwiegende Mehrheit der W\u00e4hler in einer der drei gr\u00f6\u00dften Volkswirtschaften der EU Nein zur Migration gesagt habe. Er sagte, die Auswirkungen davon w\u00fcrden auch in der Hauptstadt des Blocks sp\u00fcrbar sein.<\/p>\n<p>Das gr\u00f6\u00dfte Thema in Europa sei daher die Migration, sagte er und f\u00fcgte hinzu, dass die Ausweitung der \u201cZensur von Nachrichten \u00fcber Migration und Terrorismus\u201d auf das Internet vergeblich gewesen sei Orb\u00e1n sagte das<\/p>\n<blockquote>\n<p>Ungarns Oppositionsparteien, die seiner Aussage nach den Befehlen des US-Finanziers nachkamen <a href=\"https:\/\/dailynewshungary.com\/de\/der-grose-britische-zuguberfall-wie-eine-15-kopfige-bande-1963-26-millionen-pfund-stahl\/\" target=\"_blank\" rel=\"noopener\">Georg Soros<\/a> \u201cBeharren Sie immer noch darauf, nicht \u00fcber das Problem zu sprechen\u201d.<\/p>\n<\/blockquote>\n<p>Der Premierminister sagte, er erwarte von der Opposition, dass sie in jedem der Wahlbezirke einen einzigen Kandidaten gegen den Abgeordnetenkandidaten der Regierungsparteien aufstelle. Er sagte, die Opposition verstecke sich \u201c\u201d und argumentierte, dass die \u201cwahren Ziele\u201d der M\u00e4chte hinter der Opposition dem Willen des ungarischen Volkes entgegenstanden. Die Opposition verstecke sich \u201cw\u00e4hrend sie Teil von Entscheidungszentren geworden ist und auch in Br\u00fcssel pr\u00e4sent ist\u201d, betonte er.<\/p>\n<p>Orb\u00e1n sagte, der beste Weg, dem \u201cSoros-Netzwerk\u201d die Stirn zu bieten, sei, es aufzudecken. Die wahren Ziele der betreffenden Organisationen sollten aufgedeckt werden und nach der Wahl m\u00fcssen sie transparent gemacht und die F\u00f6rderung der Migration verboten werden, sagte er.<\/p>\n<blockquote>\n<p>\u201cAnstatt zu versuchen, Ungarns Schicksal zu \u00e4ndern, sollte George Soros nach Amerika gehen\u201d, sagte Orb\u00e1n.<\/p>\n<\/blockquote>\n<p>Er sagte, Migranten, die nach Ungarn einreisen, k\u00f6nnten niemals abgeschoben werden, und f\u00fcgte hinzu, dass Ungarn deshalb aufpassen m\u00fcsse, \u201cnicht falsch auf das Thema Migration zu reagieren\u201d Solange die W\u00e4hler ihr Vertrauen in die derzeitige Regierung setzen, \u201cwird nichts davon zustande kommen\u201d, f\u00fcgte der Premierminister hinzu.<\/p>\n<p>Zum Thema Wirtschaft sagte Orb\u00e1n, Vollbesch\u00e4ftigung in Ungarn sei in greifbarer N\u00e4he. \u201eDie Regierung hat ein neues, arbeitsbasiertes Wirtschaftssystem aufgebaut und \u201eDank der Einheit von 10 Millionen Menschen ist Ungarn nach 2010 den F\u00e4ngen des Bankrotts entkommen\u201csagte er\u201d.<\/p>\n<p><em>Foto: MTI<\/em><\/p>\n","protected":false},"excerpt":{"rendered":"<p>Bei den Parlamentswahlen im April geht es vor allem darum, ob Ungarn ein \u201cEinwanderungsland\u201d wird und ob Sicherheit sowie europ\u00e4ische Kultur und Lebensweise erhalten werden k\u00f6nnen, Herr Ministerpr\u00e4sident Viktor Orb\u00e1n Sagte am Sonntag. In einem Interview mit dem \u00f6ffentlich-rechtlichen Radio Kossuth sagte Orb\u00e1n, dass die zunehmende Bedrohung durch den Terrorismus und die Verschlechterung der \u00f6ffentlichen [&hellip;]<\/p>\n","protected":false},"author":2,"featured_media":740376,"comment_status":"open","ping_status":"open","sticky":false,"template":"","format":"standard","meta":{"_acf_changed":false,"_display_image":"","footnotes":""},"categories":[1081],"tags":[1445,1702,1157,1128,3695],"class_list":["post-740375","post","type-post","status-publish","format-standard","has-post-thumbnail","hentry","category-politik","tag-migration","tag-soros","tag-vereinigte-staaten","tag-viktor-orban","tag-wahl-2018"],"blocksy_meta":[],"acf":[],"author_username":"alk","telegram_post":"","public_post_metadata":{"breaking_news":"","important":"","csempe":"","center_tile":"","disable_thumbnail":"","target_lang":"","_featured_image_style":"","telegram_post":"","_xlat_group_id":""},"public_rank_math_data":{"title":"%title% %sep% %sitename%","description":"Bei den Parlamentswahlen im April geht es vor allem darum, ob Ungarn ein \"Einwanderungsland\" wird und ob Sicherheit sowie europ\u00e4ische Kultur und Lebensweise erhalten werden k\u00f6nnen, sagte Ministerpr\u00e4sident Viktor Orb\u00e1n am Sonntag.","focus_keyword":"Orb\u00e1n","canonical_url":"","robots":"","primary_category":"1081","breadcrumb_title":"","facebook_title":"","facebook_description":"","facebook_image":"","facebook_image_id":"","twitter_title":"","twitter_description":"","twitter_image":"","twitter_image_id":"","twitter_card_type":"","twitter_use_facebook":"","advanced_robots":"","pillar_content":"","seo_score":"63","contentai_score":"","rich_snippet":""},"_links":{"self":[{"href":"https:\/\/dailynewshungary.com\/de\/wp-json\/wp\/v2\/posts\/740375","targetHints":{"allow":["GET"]}}],"collection":[{"href":"https:\/\/dailynewshungary.com\/de\/wp-json\/wp\/v2\/posts"}],"about":[{"href":"https:\/\/dailynewshungary.com\/de\/wp-json\/wp\/v2\/types\/post"}],"author":[{"embeddable":true,"href":"https:\/\/dailynewshungary.com\/de\/wp-json\/wp\/v2\/users\/2"}],"replies":[{"embeddable":true,"href":"https:\/\/dailynewshungary.com\/de\/wp-json\/wp\/v2\/comments?post=740375"}],"version-history":[{"count":0,"href":"https:\/\/dailynewshungary.com\/de\/wp-json\/wp\/v2\/posts\/740375\/revisions"}],"wp:featuredmedia":[{"embeddable":true,"href":"https:\/\/dailynewshungary.com\/de\/wp-json\/wp\/v2\/media\/740376"}],"wp:attachment":[{"href":"https:\/\/dailynewshungary.com\/de\/wp-json\/wp\/v2\/media?parent=740375"}],"wp:term":[{"taxonomy":"category","embeddable":true,"href":"https:\/\/dailynewshungary.com\/de\/wp-json\/wp\/v2\/categories?post=740375"},{"taxonomy":"post_tag","embeddable":true,"href":"https:\/\/dailynewshungary.com\/de\/wp-json\/wp\/v2\/tags?post=740375"}],"curies":[{"name":"wp","href":"https:\/\/api.w.org\/{rel}","templated":true}]}}