{"id":740405,"date":"2018-03-24T22:00:51","date_gmt":"2018-03-24T21:00:51","guid":{"rendered":"https:\/\/dailynewshungary.com\/de\/ungarn-stellt-am-sonntag-auf-sommerzeit-um\/"},"modified":"2018-03-24T22:00:51","modified_gmt":"2018-03-24T21:00:51","slug":"ungarn-stellt-am-sonntag-auf-sommerzeit-um","status":"publish","type":"post","link":"https:\/\/dailynewshungary.com\/de\/ungarn-stellt-am-sonntag-auf-sommerzeit-um\/","title":{"rendered":"Ungarn stellt am Sonntag auf Sommerzeit um"},"content":{"rendered":"<p><strong>Die Sommerzeit beginnt in Ungarn am Sonntag, dem 25. M\u00e4rz, die Uhren werden um 2 Uhr morgens eine Stunde vorgeschaltet.<\/strong><\/p>\n<p>Die \u00c4nderung des EU-Standards wird sich geringf\u00fcgig auf die Fahrpl\u00e4ne der Eisenbahn und des \u00f6ffentlichen Nahverkehrs in Budapest auswirken.<\/p>\n<blockquote>\n<p>Ungarn hat das Sommerzeitsystem bereits 1980 eingef\u00fchrt.<\/p>\n<\/blockquote>\n<p>Gem\u00e4\u00df einem Regierungserlass von 1996 beginnt die Sommerzeit am letzten Sonntag im M\u00e4rz und endet am letzten Sonntag im Oktober.<\/p>\n<p>Ungarn hat seit der Einf\u00fchrung des Systems rund 4.000 GWh Energie eingespart, was einem durchschnittlichen Verbrauch von etwa f\u00fcnf Wochen entspricht.<\/p>\n<p>Wie wir schon vorher geschrieben haben, hat die volkspopulistische Jobbik-Partei das Parlament aufgefordert, die Abschaffung des zweimal j\u00e4hrlich stattfindenden Uhrwechsels auf Tageslichtsparzeit (DST) zu genehmigen, lesen Sie HIER mehr.<\/p>\n","protected":false},"excerpt":{"rendered":"<p>Die Sommerzeit beginnt in Ungarn am Sonntag, dem 25. M\u00e4rz, die Uhren werden um 2 Uhr morgens eine Stunde vorgeschaltet. Die \u00c4nderung des EU-Standards wird sich geringf\u00fcgig auf die Fahrpl\u00e4ne der Eisenbahn und des \u00f6ffentlichen Nahverkehrs in Budapest auswirken. Ungarn hat das Sommerzeitsystem bereits 1980 eingef\u00fchrt. Gem\u00e4\u00df einem Regierungserlass von 1996 beginnt die Sommerzeit am [&hellip;]<\/p>\n","protected":false},"author":2,"featured_media":740406,"comment_status":"open","ping_status":"open","sticky":false,"template":"","format":"standard","meta":{"_acf_changed":false,"_display_image":"","footnotes":""},"categories":[1098],"tags":[1089],"class_list":["post-740405","post","type-post","status-publish","format-standard","has-post-thumbnail","hentry","category-gesellschaft","tag-nutzlich"],"blocksy_meta":[],"acf":[],"author_username":"alk","telegram_post":"","public_post_metadata":{"breaking_news":"","important":"","csempe":"","center_tile":"","disable_thumbnail":"","target_lang":"","_featured_image_style":"","telegram_post":"","_xlat_group_id":""},"public_rank_math_data":{"title":"%title% %sep% %sitename%","description":"Die Sommerzeit beginnt in Ungarn am Sonntag, dem 25. M\u00e4rz, die Uhren werden um 2 Uhr morgens eine Stunde vorw\u00e4rts fahren. Die \u00c4nderung des EU-Standards wird sich leicht auf die Fahrpl\u00e4ne der Eisenbahnen und des \u00f6ffentlichen Nahverkehrs in Budapest auswirken.","focus_keyword":"Sommerzeit","canonical_url":"","robots":"","primary_category":"1098","breadcrumb_title":"","facebook_title":"","facebook_description":"","facebook_image":"","facebook_image_id":"","twitter_title":"","twitter_description":"","twitter_image":"","twitter_image_id":"","twitter_card_type":"","twitter_use_facebook":"","advanced_robots":"","pillar_content":"","seo_score":"63","contentai_score":"","rich_snippet":""},"_links":{"self":[{"href":"https:\/\/dailynewshungary.com\/de\/wp-json\/wp\/v2\/posts\/740405","targetHints":{"allow":["GET"]}}],"collection":[{"href":"https:\/\/dailynewshungary.com\/de\/wp-json\/wp\/v2\/posts"}],"about":[{"href":"https:\/\/dailynewshungary.com\/de\/wp-json\/wp\/v2\/types\/post"}],"author":[{"embeddable":true,"href":"https:\/\/dailynewshungary.com\/de\/wp-json\/wp\/v2\/users\/2"}],"replies":[{"embeddable":true,"href":"https:\/\/dailynewshungary.com\/de\/wp-json\/wp\/v2\/comments?post=740405"}],"version-history":[{"count":0,"href":"https:\/\/dailynewshungary.com\/de\/wp-json\/wp\/v2\/posts\/740405\/revisions"}],"wp:featuredmedia":[{"embeddable":true,"href":"https:\/\/dailynewshungary.com\/de\/wp-json\/wp\/v2\/media\/740406"}],"wp:attachment":[{"href":"https:\/\/dailynewshungary.com\/de\/wp-json\/wp\/v2\/media?parent=740405"}],"wp:term":[{"taxonomy":"category","embeddable":true,"href":"https:\/\/dailynewshungary.com\/de\/wp-json\/wp\/v2\/categories?post=740405"},{"taxonomy":"post_tag","embeddable":true,"href":"https:\/\/dailynewshungary.com\/de\/wp-json\/wp\/v2\/tags?post=740405"}],"curies":[{"name":"wp","href":"https:\/\/api.w.org\/{rel}","templated":true}]}}