{"id":740563,"date":"2018-03-19T06:20:36","date_gmt":"2018-03-19T05:20:36","guid":{"rendered":"https:\/\/dailynewshungary.com\/de\/wahl-2018-jobbik-chef-skizziert-geplante-regierungsstruktur\/"},"modified":"2018-03-19T06:20:36","modified_gmt":"2018-03-19T05:20:36","slug":"wahl-2018-jobbik-chef-skizziert-geplante-regierungsstruktur","status":"publish","type":"post","link":"https:\/\/dailynewshungary.com\/de\/wahl-2018-jobbik-chef-skizziert-geplante-regierungsstruktur\/","title":{"rendered":"Wahl 2018 \u2013 Jobbik-Chef skizziert geplante Regierungsstruktur"},"content":{"rendered":"<p><strong>G\u00e1bor Vona, Vorsitzender und Premierministerkandidat von <a href=\"https:\/\/dailynewshungary.com\/de\/der-grose-britische-zuguberfall-wie-eine-15-kopfige-bande-1963-26-millionen-pfund-stahl\/\" target=\"_blank\" rel=\"noopener\">Jobbik<\/a>, hat die Regierungsstruktur dargelegt, die die Partei einf\u00fchren w\u00fcrde, wenn sie bei den Parlamentswahlen am 8. April an die Macht gew\u00e4hlt w\u00fcrde.<\/strong><\/p>\n<p>Bei einer Pressekonferenz am Sonntag in Budapest sagte Vona, die Struktur werde ein B\u00fcro des Premierministers und elf Ministerien umfassen und es werde zwei stellvertretende Premierminister geben, die f\u00fcr allgemeine bzw. EU-Angelegenheiten zust\u00e4ndig seien.<\/p>\n<blockquote>\n<p>Das Ministerium f\u00fcr nationale Strategie sei f\u00fcr ethnische Ungarn im Ausland und ungarische Auswanderer zust\u00e4ndig, sagte Vona.<\/p>\n<\/blockquote>\n<p>Ungarn h\u00e4tte au\u00dferdem ein Innenministerium, ein Ministerium f\u00fcr \u00f6ffentliche Verwaltung und Justiz, ein Ministerium f\u00fcr Bildung, Kultur und Sport, ein Gesundheitsministerium, ein Ministerium f\u00fcr Sozialpolitik, ein Ministerium f\u00fcr Wirtschaft, Entwicklung und Informationstechnologie sowie ein Finanzministerium, ein Verteidigungsministerium und ein Au\u00dfenministerium, f\u00fcgte er hinzu.<\/p>\n<blockquote>\n<p>Sobald Jobbik an der Macht sei, werde er E-Referendum und E-Konsultationen einf\u00fchren, um soziales Feedback einzuholen, sagte er.<\/p>\n<\/blockquote>\n<p>Auf die Frage nach der Zusammenarbeit mit anderen Oppositionsparteien w\u00e4hrend der bevorstehenden Wahlen sagte Vona, Jobbik werde sich nicht mit den Parteien verb\u00fcnden, \u201edie in den letzten 28 Jahren zur Zerst\u00f6rung verpflichtet waren\u201cund nannte die Demokratische Koalition, die Sozialistische Partei und die regierende Fidesz.<\/p>\n<p style=\"text-align: center;\">[button link=\u201dhttps:\/\/dailynewshungary.com\/tag\/wahl-2018\/\u201d type=\u201dbig\u201d color=\u201dteal\u201d newwindow=\u201dyes\u201d] Lesen Sie mehr News zu UNGARNWAHL 2018 [\/button]<\/p>\n<p>Er f\u00fcgte jedoch hinzu, dass Jobbik offen f\u00fcr die oppositionelle LMP-Partei sei und darauf vorbereitet sei, sich bei Bedarf auch bei Koalitionsgespr\u00e4chen mit ihr abzustimmen.<\/p>\n","protected":false},"excerpt":{"rendered":"<p>G\u00e1bor Vona, Vorsitzender und Premierministerkandidat von Jobbik, hat die Regierungsstruktur dargelegt, die die Partei einf\u00fchren w\u00fcrde, wenn sie bei den Parlamentswahlen am 8. April an die Macht gew\u00e4hlt w\u00fcrde. Bei einer Pressekonferenz am Sonntag in Budapest sagte Vona, die Struktur werde ein B\u00fcro des Premierministers und elf Ministerien umfassen und es werde zwei stellvertretende Premierminister [&hellip;]<\/p>\n","protected":false},"author":2,"featured_media":740564,"comment_status":"open","ping_status":"open","sticky":false,"template":"","format":"standard","meta":{"_acf_changed":false,"_display_image":"","footnotes":""},"categories":[1081],"tags":[1632,3695],"class_list":["post-740563","post","type-post","status-publish","format-standard","has-post-thumbnail","hentry","category-politik","tag-jobbik","tag-wahl-2018"],"blocksy_meta":[],"acf":[],"author_username":"alk","telegram_post":"","public_post_metadata":{"breaking_news":"","important":"","csempe":"","center_tile":"","disable_thumbnail":"","target_lang":"","_featured_image_style":"","telegram_post":"","_xlat_group_id":""},"public_rank_math_data":{"title":"%title% %sep% %sitename%","description":"G\u00e1bor Vona, Vorsitzender und Premierministerkandidat von Jobbik, hat die Regierungsstruktur dargelegt, die die Partei einf\u00fchren w\u00fcrde, wenn sie bei den Parlamentswahlen am 8. April an die Macht gew\u00e4hlt w\u00fcrde.","focus_keyword":"Jobbik","canonical_url":"","robots":"","primary_category":"1081","breadcrumb_title":"","facebook_title":"","facebook_description":"","facebook_image":"","facebook_image_id":"","twitter_title":"","twitter_description":"","twitter_image":"","twitter_image_id":"","twitter_card_type":"","twitter_use_facebook":"","advanced_robots":"","pillar_content":"","seo_score":"67","contentai_score":"","rich_snippet":""},"_links":{"self":[{"href":"https:\/\/dailynewshungary.com\/de\/wp-json\/wp\/v2\/posts\/740563","targetHints":{"allow":["GET"]}}],"collection":[{"href":"https:\/\/dailynewshungary.com\/de\/wp-json\/wp\/v2\/posts"}],"about":[{"href":"https:\/\/dailynewshungary.com\/de\/wp-json\/wp\/v2\/types\/post"}],"author":[{"embeddable":true,"href":"https:\/\/dailynewshungary.com\/de\/wp-json\/wp\/v2\/users\/2"}],"replies":[{"embeddable":true,"href":"https:\/\/dailynewshungary.com\/de\/wp-json\/wp\/v2\/comments?post=740563"}],"version-history":[{"count":0,"href":"https:\/\/dailynewshungary.com\/de\/wp-json\/wp\/v2\/posts\/740563\/revisions"}],"wp:featuredmedia":[{"embeddable":true,"href":"https:\/\/dailynewshungary.com\/de\/wp-json\/wp\/v2\/media\/740564"}],"wp:attachment":[{"href":"https:\/\/dailynewshungary.com\/de\/wp-json\/wp\/v2\/media?parent=740563"}],"wp:term":[{"taxonomy":"category","embeddable":true,"href":"https:\/\/dailynewshungary.com\/de\/wp-json\/wp\/v2\/categories?post=740563"},{"taxonomy":"post_tag","embeddable":true,"href":"https:\/\/dailynewshungary.com\/de\/wp-json\/wp\/v2\/tags?post=740563"}],"curies":[{"name":"wp","href":"https:\/\/api.w.org\/{rel}","templated":true}]}}