{"id":740591,"date":"2018-03-17T20:41:52","date_gmt":"2018-03-17T19:41:52","guid":{"rendered":"https:\/\/dailynewshungary.com\/de\/orban-inspiziert-grenzzaun-zu-serbien-fotos\/"},"modified":"2018-03-17T20:41:52","modified_gmt":"2018-03-17T19:41:52","slug":"orban-inspiziert-grenzzaun-zu-serbien-fotos","status":"publish","type":"post","link":"https:\/\/dailynewshungary.com\/de\/orban-inspiziert-grenzzaun-zu-serbien-fotos\/","title":{"rendered":"Orb\u00e1n inspiziert Grenzzaun zu Serbien \u2013 Fotos"},"content":{"rendered":"<p><strong><a href=\"https:\/\/dailynewshungary.com\/de\/der-grose-britische-zuguberfall-wie-eine-15-kopfige-bande-1963-26-millionen-pfund-stahl\/\" target=\"_blank\" rel=\"noopener\">Ministerpr\u00e4sident Viktor Orb\u00e1n<\/a> Hat am Freitag der ungarisch-serbischen Grenze einen Besuch abgestattet, um den Zaun zu inspizieren, der zur Verhinderung illegaler Migration errichtet wurde.<\/strong><\/p>\n<p>Laut einem auf Facebook ver\u00f6ffentlichten Videomaterial stellte Orb\u00e1n fest, dass Ungarn im Jahr 2015 mit der Ankunft von Massen von Menschen an seiner Grenze konfrontiert war und keine Chance hatte, den Strom zu stoppen.<\/p>\n<blockquote>\n<p>\u201cEs war ein eher schlechtes Gef\u00fchl, dass unsere Heimat entbl\u00f6\u00dft war, aber dann haben wir den Zaun gebaut\u201d, sagte er<\/p>\n<\/blockquote>\n<p>Hinzugef\u00fcgt, dass er sich bei seinem heutigen Besuch \u201cselbst ein Bild machen\u201d k\u00f6nne, was f\u00fcr eine feste Struktur der Zaun zum Schutz des Landes sei.<\/p>\n<figure id=\"attachment_176952\" aria-describedby=\"caption-attachment-176952\" style=\"width: 960px\" class=\"wp-caption aligncenter\"><a href=\"https:\/\/contentf5.dailynewshungary.com\/wp-content\/uploads\/2018\/03\/orban-pinter-interior-minister.jpg\" data-pswp-width=\"960\" data-pswp-height=\"639\" data-cropped=\"true\"><img loading=\"lazy\" decoding=\"async\" class=\"wp-image-176952 size-full\" src=\"https:\/\/contentf5.dailynewshungary.com\/wp-content\/uploads\/2018\/03\/orban-pinter-interior-minister.jpg\" alt=\"Orb\u00e1n Viktor Premierminister, ungarischer Grenzzaun, Serbia\" width=\"960\" height=\"639\"><\/a><figcaption id=\"caption-attachment-176952\" class=\"wp-caption-text\">Premierminister Orb\u00e1n und Innenminister Pinteer<\/figcaption><\/figure>\n<p><a href=\"https:\/\/contentf5.dailynewshungary.com\/wp-content\/uploads\/2018\/03\/border-fence-hungary-serbia.jpg\" data-pswp-width=\"960\" data-pswp-height=\"639\" data-cropped=\"true\"><img loading=\"lazy\" decoding=\"async\" class=\"aligncenter size-full wp-image-176947\" src=\"https:\/\/contentf5.dailynewshungary.com\/wp-content\/uploads\/2018\/03\/border-fence-hungary-serbia.jpg\" alt=\"Orb\u00e1n Viktor Premierminister, ungarischer Grenzzaun, Serbia\" width=\"960\" height=\"639\" srcset=\"https:\/\/contentf5.dailynewshungary.com\/wp-content\/uploads\/2018\/03\/border-fence-hungary-serbia.jpg 960w, https:\/\/contentf5.dailynewshungary.com\/wp-content\/uploads\/2018\/03\/border-fence-hungary-serbia-300x200.jpg 300w, https:\/\/contentf5.dailynewshungary.com\/wp-content\/uploads\/2018\/03\/border-fence-hungary-serbia-768x511.jpg 768w, https:\/\/contentf5.dailynewshungary.com\/wp-content\/uploads\/2018\/03\/border-fence-hungary-serbia-220x146.jpg 220w, https:\/\/contentf5.dailynewshungary.com\/wp-content\/uploads\/2018\/03\/border-fence-hungary-serbia-600x399.jpg 600w, https:\/\/contentf5.dailynewshungary.com\/wp-content\/uploads\/2018\/03\/border-fence-hungary-serbia-200x133.jpg 200w\" sizes=\"auto, (max-width: 960px) 100vw, 960px\"><\/a><\/p>\n<p>Er sagte, er habe auch \u00f6rtliche Polizeif\u00fchrer und Mitarbeiter getroffen, die ihm das erz\u00e4hlt h\u00e4tten<\/p>\n<blockquote>\n<p>Ohne den Zaun w\u00e4ren im Jahr 2017 mehr als 44.000 Menschen illegal nach Ungarn gelangt.<\/p>\n<\/blockquote>\n<p>\u201cDieser Zaun sch\u00fctzt nicht nur Ungarn, sondern ganz Europa\u201d, sagte er und forderte die EU auf, sich an den Baukosten zu beteiligen, die Ungarn vollst\u00e4ndig alleine bezahlt hatte.<\/p>\n<p>Der Premierminister lobte Truppen und <a href=\"https:\/\/dailynewshungary.com\/de\/der-grose-britische-zuguberfall-wie-eine-15-kopfige-bande-1963-26-millionen-pfund-stahl\/\" target=\"_blank\" rel=\"noopener\">Polizisten<\/a> F\u00fcr ihre Exzellenz bei der Erf\u00fcllung ihrer Aufgaben.<\/p>\n<p><a href=\"https:\/\/contentf5.dailynewshungary.com\/wp-content\/uploads\/2018\/03\/orban-fence.jpg\" data-pswp-width=\"960\" data-pswp-height=\"639\" data-cropped=\"true\"><img loading=\"lazy\" decoding=\"async\" class=\"aligncenter size-full wp-image-176949\" src=\"https:\/\/contentf5.dailynewshungary.com\/wp-content\/uploads\/2018\/03\/orban-fence.jpg\" alt=\"Orb\u00e1n Viktor Premierminister, ungarischer Grenzzaun, Serbia\" width=\"960\" height=\"639\"><\/a><\/p>\n<p><a href=\"https:\/\/contentf5.dailynewshungary.com\/wp-content\/uploads\/2018\/03\/orban-fence-4.jpg\" data-pswp-width=\"960\" data-pswp-height=\"639\" data-cropped=\"true\"><img loading=\"lazy\" decoding=\"async\" class=\"aligncenter size-full wp-image-176948\" src=\"https:\/\/contentf5.dailynewshungary.com\/wp-content\/uploads\/2018\/03\/orban-fence-4.jpg\" alt=\"Orb\u00e1n Viktor Premierminister, ungarischer Grenzzaun, Serbia\" width=\"960\" height=\"639\"><\/a><\/p>\n<p><a href=\"https:\/\/contentf5.dailynewshungary.com\/wp-content\/uploads\/2018\/03\/orban-fence-3.jpg\" data-pswp-width=\"960\" data-pswp-height=\"639\" data-cropped=\"true\"><img loading=\"lazy\" decoding=\"async\" class=\"aligncenter size-full wp-image-176950\" src=\"https:\/\/contentf5.dailynewshungary.com\/wp-content\/uploads\/2018\/03\/orban-fence-3.jpg\" alt=\"Orb\u00e1n Viktor Premierminister, ungarischer Grenzzaun, Serbia\" width=\"960\" height=\"639\"><\/a><\/p>\n<p style=\"text-align: center;\">&nbsp;<iframe loading=\"lazy\" style=\"border: none; overflow: hidden;\" src=\"https:\/\/www.facebook.com\/plugins\/video.php?href=https%3A%2F%2Fwww.facebook.com%2Forbanviktor%2Fvideos%2F10156042600351093%2F&amp;show_text=0&amp;width=560\" width=\"560\" height=\"315\" frameborder=\"0\" scrolling=\"no\" allowfullscreen=\"allowfullscreen\"><\/iframe><\/p>\n<p><em>Foto:&nbsp;<a href=\"https:\/\/www.facebook.com\/orbanviktor\/\" target=\"_blank\" rel=\"noopener\">https:\/\/www.facebook.com\/orbanviktor\/<\/a><\/em><\/p>\n","protected":false},"excerpt":{"rendered":"<p>Ministerpr\u00e4sident Viktor Orb\u00e1n Hat am Freitag der ungarisch-serbischen Grenze einen Besuch abgestattet, um den Zaun zu inspizieren, der zur Verhinderung illegaler Migration errichtet wurde. Laut einem auf Facebook ver\u00f6ffentlichten Videomaterial stellte Orb\u00e1n fest, dass Ungarn im Jahr 2015 mit der Ankunft von Massen von Menschen an seiner Grenze konfrontiert war und keine Chance hatte, den [&hellip;]<\/p>\n","protected":false},"author":2,"featured_media":740592,"comment_status":"open","ping_status":"open","sticky":false,"template":"","format":"standard","meta":{"_acf_changed":false,"_display_image":"","footnotes":""},"categories":[1081],"tags":[1445,1236,1488,1128],"class_list":["post-740591","post","type-post","status-publish","format-standard","has-post-thumbnail","hentry","category-politik","tag-migration","tag-polizei","tag-serbia","tag-viktor-orban"],"blocksy_meta":[],"acf":[],"author_username":"alk","telegram_post":"","public_post_metadata":{"breaking_news":"","important":"","csempe":"","center_tile":"","disable_thumbnail":"","target_lang":"","_featured_image_style":"","telegram_post":"","_xlat_group_id":""},"public_rank_math_data":{"title":"%title% %sep% %sitename%","description":"Premierminister Viktor Orb\u00e1n stattete der ungarisch-serbischen Grenze am Freitag einen Besuch ab, um den Zaun zu inspizieren, der zur Verhinderung illegaler Migration errichtet wurde. Laut einem auf Facebook ver\u00f6ffentlichten Videomaterial stellte Orb\u00e1n fest, dass Ungarn im Jahr 2015 mit der Ankunft von Massen von Menschen an seiner Grenze konfrontiert war und keine Chance hatte, den Strom zu stoppen.","focus_keyword":"Grenzzaun","canonical_url":"","robots":"","primary_category":"1081","breadcrumb_title":"","facebook_title":"","facebook_description":"","facebook_image":"","facebook_image_id":"","twitter_title":"","twitter_description":"","twitter_image":"","twitter_image_id":"","twitter_card_type":"","twitter_use_facebook":"","advanced_robots":"","pillar_content":"","seo_score":"67","contentai_score":"","rich_snippet":""},"_links":{"self":[{"href":"https:\/\/dailynewshungary.com\/de\/wp-json\/wp\/v2\/posts\/740591","targetHints":{"allow":["GET"]}}],"collection":[{"href":"https:\/\/dailynewshungary.com\/de\/wp-json\/wp\/v2\/posts"}],"about":[{"href":"https:\/\/dailynewshungary.com\/de\/wp-json\/wp\/v2\/types\/post"}],"author":[{"embeddable":true,"href":"https:\/\/dailynewshungary.com\/de\/wp-json\/wp\/v2\/users\/2"}],"replies":[{"embeddable":true,"href":"https:\/\/dailynewshungary.com\/de\/wp-json\/wp\/v2\/comments?post=740591"}],"version-history":[{"count":0,"href":"https:\/\/dailynewshungary.com\/de\/wp-json\/wp\/v2\/posts\/740591\/revisions"}],"wp:featuredmedia":[{"embeddable":true,"href":"https:\/\/dailynewshungary.com\/de\/wp-json\/wp\/v2\/media\/740592"}],"wp:attachment":[{"href":"https:\/\/dailynewshungary.com\/de\/wp-json\/wp\/v2\/media?parent=740591"}],"wp:term":[{"taxonomy":"category","embeddable":true,"href":"https:\/\/dailynewshungary.com\/de\/wp-json\/wp\/v2\/categories?post=740591"},{"taxonomy":"post_tag","embeddable":true,"href":"https:\/\/dailynewshungary.com\/de\/wp-json\/wp\/v2\/tags?post=740591"}],"curies":[{"name":"wp","href":"https:\/\/api.w.org\/{rel}","templated":true}]}}