{"id":740626,"date":"2018-03-16T10:08:07","date_gmt":"2018-03-16T09:08:07","guid":{"rendered":"https:\/\/dailynewshungary.com\/de\/vona-ruft-die-jobbik-glaubigen-auf-die-flagge-der-freiheit-zu-hissen\/"},"modified":"2018-03-16T10:08:07","modified_gmt":"2018-03-16T09:08:07","slug":"vona-ruft-die-jobbik-glaubigen-auf-die-flagge-der-freiheit-zu-hissen","status":"publish","type":"post","link":"https:\/\/dailynewshungary.com\/de\/vona-ruft-die-jobbik-glaubigen-auf-die-flagge-der-freiheit-zu-hissen\/","title":{"rendered":"Vona ruft die Jobbik-Gl\u00e4ubigen auf, die Flagge der Freiheit zu hissen"},"content":{"rendered":"<p><strong>Jobbiks Vorsitzender G\u00e1bor Vona sagte in seiner Ansprache zum Gedenken seiner Partei an den Nationalfeiertag am 15. M\u00e4rz, er sei bestrebt, sich mit echten Problemen Ungarns wie Sicherheit und Demokratie, einem funktionierenden Gesundheits- und Sozialsystem, einem modernen Bildungssystem, einem gerechten Rentensystem usw. auseinanderzusetzen Abschaffung der Migration und faire L\u00f6hne.<\/strong><\/p>\n<p>Voraussprechend <a href=\"https:\/\/dailynewshungary.com\/de\/der-grose-britische-zuguberfall-wie-eine-15-kopfige-bande-1963-26-millionen-pfund-stahl\/\" target=\"_blank\" rel=\"noopener\">Die Parlamentswahlen am 8. April<\/a>\u201eVona sagte, er habe alle gut gemeinten, ehrlichen Ungarn eingeladen, \u201eeine Flagge der Freiheit zu hissen, kein Banner der Angst und Unterdr\u00fcckung\u201c\u201d.<\/p>\n<p>In Bezug auf die Anti-Migranten-Kampagne der Regierung sagte Vona, dass echte Sicherheit nicht durch Werbetafeln, sondern durch einen engagierten Grenzschutz gew\u00e4hrleistet werde. <a href=\"https:\/\/dailynewshungary.com\/de\/der-grose-britische-zuguberfall-wie-eine-15-kopfige-bande-1963-26-millionen-pfund-stahl\/\" target=\"_blank\" rel=\"noopener\">Jobbik<\/a>\u201eEr f\u00fcgte hinzu, dass er die Migrantenquoten der Europ\u00e4ischen Union nicht akzeptieren w\u00fcrde.<\/p>\n<blockquote>\n<p>Er pl\u00e4dierte f\u00fcr ein starkes und gerechtes Europa und \u201eeine echte Demokratie mit unabh\u00e4ngigen Institutionen und schonungsloser Rechenschaftspflicht\u201c.<\/p>\n<\/blockquote>\n<p>Vona sagte auch, Jobbik wolle ein funktionierendes Gesundheitssystem und eine soziale Wohlfahrt mit einem autonomen Gesundheitsministerium und einem separaten Bildungsministerium, das f\u00fcr das 21. Jahrhundert geeignet sei. Er versprach au\u00dferdem ein faires und flexibles Rentensystem, in dem sowohl M\u00e4nner als auch Frauen nach 40 Jahren Arbeit in den Ruhestand gehen k\u00f6nnen. Dar\u00fcber hinaus versprach er, die Leistungen an die Bed\u00fcrfnisse der Menschen anzupassen.<\/p>\n<figure id=\"attachment_176657\" aria-describedby=\"caption-attachment-176657\" style=\"width: 1024px\" class=\"wp-caption aligncenter\"><a href=\"https:\/\/contentf5.dailynewshungary.com\/wp-content\/uploads\/2018\/03\/D_MTZ20180315058.jpg\" data-pswp-width=\"2048\" data-pswp-height=\"1152\" data-cropped=\"true\"><img loading=\"lazy\" decoding=\"async\" class=\"size-large wp-image-176657\" src=\"https:\/\/dailynewshungary.com\/wp-content\/uploads\/2018\/03\/D_MTZ20180315058-1024x576.jpg\" alt=\"Jobbik-Partei Vona PM-Kandidat\" width=\"1024\" height=\"576\" srcset=\"https:\/\/contentf5.dailynewshungary.com\/wp-content\/uploads\/2018\/03\/D_MTZ20180315058-1024x576.jpg 1024w, https:\/\/contentf5.dailynewshungary.com\/wp-content\/uploads\/2018\/03\/D_MTZ20180315058-300x169.jpg 300w, https:\/\/contentf5.dailynewshungary.com\/wp-content\/uploads\/2018\/03\/D_MTZ20180315058-768x432.jpg 768w, https:\/\/contentf5.dailynewshungary.com\/wp-content\/uploads\/2018\/03\/D_MTZ20180315058-220x124.jpg 220w, https:\/\/contentf5.dailynewshungary.com\/wp-content\/uploads\/2018\/03\/D_MTZ20180315058-600x338.jpg 600w, https:\/\/contentf5.dailynewshungary.com\/wp-content\/uploads\/2018\/03\/D_MTZ20180315058-200x113.jpg 200w, https:\/\/contentf5.dailynewshungary.com\/wp-content\/uploads\/2018\/03\/D_MTZ20180315058-1080x608.jpg 1080w, https:\/\/contentf5.dailynewshungary.com\/wp-content\/uploads\/2018\/03\/D_MTZ20180315058.jpg 2048w\" sizes=\"auto, (max-width: 1024px) 100vw, 1024px\"><\/a><figcaption id=\"caption-attachment-176657\" class=\"wp-caption-text\">Foto: MTI<\/figcaption><\/figure>\n<p>Er versprach eine Verwaltung, die die Besch\u00e4ftigten des \u00f6ffentlichen Dienstes und die Menschen in Uniformen respektierte, und er gelobte, die Gemeinder\u00e4te zu retten. Er forderte auch Gerechtigkeit f\u00fcr die Menschen, die Fremdw\u00e4hrungskredite besitzen.<\/p>\n<blockquote>\n<p>Vona versprach, die Auswanderung zu stoppen, indem es auf junge Menschen und Familien zugeschnittene Ma\u00dfnahmen anbietet, die sich auf den Wohnungsbau und die Mietunterst\u00fctzung konzentrieren.<\/p>\n<\/blockquote>\n<p>Anstatt multinationalen Unternehmen steuerliche Anreize zu gew\u00e4hren, w\u00fcrde eine Jobbik-Regierung die Steigerung der Produktivit\u00e4t inl\u00e4ndischer Kleinst-, Klein- und Mittelunternehmen unterst\u00fctzen, sagte er.<\/p>\n<figure id=\"attachment_176659\" aria-describedby=\"caption-attachment-176659\" style=\"width: 1024px\" class=\"wp-caption aligncenter\"><a href=\"https:\/\/contentf5.dailynewshungary.com\/wp-content\/uploads\/2018\/03\/DMARC20180315006.jpg\" data-pswp-width=\"2048\" data-pswp-height=\"1365\" data-cropped=\"true\"><img loading=\"lazy\" decoding=\"async\" class=\"size-large wp-image-176659\" src=\"https:\/\/dailynewshungary.com\/wp-content\/uploads\/2018\/03\/DMARC20180315006-1024x683.jpg\" alt=\"Jobbik-Party 2018\" width=\"1024\" height=\"683\" srcset=\"https:\/\/contentf5.dailynewshungary.com\/wp-content\/uploads\/2018\/03\/DMARC20180315006-1024x683.jpg 1024w, https:\/\/contentf5.dailynewshungary.com\/wp-content\/uploads\/2018\/03\/DMARC20180315006-300x200.jpg 300w, https:\/\/contentf5.dailynewshungary.com\/wp-content\/uploads\/2018\/03\/DMARC20180315006-768x512.jpg 768w, https:\/\/contentf5.dailynewshungary.com\/wp-content\/uploads\/2018\/03\/DMARC20180315006-220x147.jpg 220w, https:\/\/contentf5.dailynewshungary.com\/wp-content\/uploads\/2018\/03\/DMARC20180315006-600x400.jpg 600w, https:\/\/contentf5.dailynewshungary.com\/wp-content\/uploads\/2018\/03\/DMARC20180315006-200x133.jpg 200w, https:\/\/contentf5.dailynewshungary.com\/wp-content\/uploads\/2018\/03\/DMARC20180315006-1080x720.jpg 1080w, https:\/\/contentf5.dailynewshungary.com\/wp-content\/uploads\/2018\/03\/DMARC20180315006.jpg 2048w\" sizes=\"auto, (max-width: 1024px) 100vw, 1024px\"><\/a><figcaption id=\"caption-attachment-176659\" class=\"wp-caption-text\">Foto: MTI<\/figcaption><\/figure>\n<p>Der radikale nationalistische F\u00fchrer bestand darauf, dass nun Angst, Bitterkeit, Wut und Schmerz das \u00f6ffentliche Leben in Ungarn dominiertenLeiber eine Bedrohung von au\u00dfen sei Ungarn durch eine \u201cwachsende innere Repression und einen Wahnsinn\u201d gef\u00e4hrdet gewesenW\u00e4hrend er in der Vergangenheit das Gef\u00fchl hatte, das Land sei in die Spange des Kommunismus zur\u00fcckgefallen, ist es heute dem mittelalterlichen Feudalismus gegen\u00fcber rotolent, sagte Vona.<\/p>\n<blockquote>\n<p>\u201cDie derzeitigen Lordschaften leben in Jagdh\u00fctten&#8230; obwohl sie jetzt in Hubschraubern und Yachten reisen\u201d, sagte er.<\/p>\n<\/blockquote>\n<p>Vona sagte, er habe nicht darauf geschaut, was trennt, sondern was verbindet. Er erkl\u00e4rte, dass er nie wieder gegen die Ungarn k\u00e4mpfen w\u00fcrde und f\u00fcgte hinzu, dass \u201eFerenc Gyurcs\u00e1ny und Viktor Orb\u00e1n diese Art von Politik geschaffen haben\u201c.<\/p>\n<p>Bei der Veranstaltung zum 170. Jahrestag der antihabsburgischen Revolution Ungarns schworen die 106 einzelnen Wahlkreiskandidaten der radikal-nationalistischen Partei vor einer Reproduktion der Heiligen Krone einen Treueeid.<\/p>\n<figure id=\"attachment_176660\" aria-describedby=\"caption-attachment-176660\" style=\"width: 1024px\" class=\"wp-caption aligncenter\"><a href=\"https:\/\/contentf5.dailynewshungary.com\/wp-content\/uploads\/2018\/03\/D_MTZ20180315063.jpg\" data-pswp-width=\"2048\" data-pswp-height=\"1152\" data-cropped=\"true\"><img loading=\"lazy\" decoding=\"async\" class=\"size-large wp-image-176660\" src=\"https:\/\/dailynewshungary.com\/wp-content\/uploads\/2018\/03\/D_MTZ20180315063-1024x576.jpg\" alt=\"Jobbik-Party Heilige Krone\" width=\"1024\" height=\"576\" srcset=\"https:\/\/contentf5.dailynewshungary.com\/wp-content\/uploads\/2018\/03\/D_MTZ20180315063-1024x576.jpg 1024w, https:\/\/contentf5.dailynewshungary.com\/wp-content\/uploads\/2018\/03\/D_MTZ20180315063-300x169.jpg 300w, https:\/\/contentf5.dailynewshungary.com\/wp-content\/uploads\/2018\/03\/D_MTZ20180315063-768x432.jpg 768w, https:\/\/contentf5.dailynewshungary.com\/wp-content\/uploads\/2018\/03\/D_MTZ20180315063-220x124.jpg 220w, https:\/\/contentf5.dailynewshungary.com\/wp-content\/uploads\/2018\/03\/D_MTZ20180315063-600x338.jpg 600w, https:\/\/contentf5.dailynewshungary.com\/wp-content\/uploads\/2018\/03\/D_MTZ20180315063-200x113.jpg 200w, https:\/\/contentf5.dailynewshungary.com\/wp-content\/uploads\/2018\/03\/D_MTZ20180315063-1080x608.jpg 1080w, https:\/\/contentf5.dailynewshungary.com\/wp-content\/uploads\/2018\/03\/D_MTZ20180315063.jpg 2048w\" sizes=\"auto, (max-width: 1024px) 100vw, 1024px\"><\/a><figcaption id=\"caption-attachment-176660\" class=\"wp-caption-text\">Foto: MTI<\/figcaption><\/figure>\n<p><em>Foto: MTI<\/em><\/p>\n","protected":false},"excerpt":{"rendered":"<p>Jobbiks Vorsitzender G\u00e1bor Vona sagte in seiner Ansprache zum Gedenken seiner Partei an den Nationalfeiertag am 15. M\u00e4rz, er sei bestrebt, sich mit echten Problemen Ungarns wie Sicherheit und Demokratie, einem funktionierenden Gesundheits- und Sozialsystem, einem modernen Bildungssystem, einem gerechten Rentensystem usw. auseinanderzusetzen Abschaffung der Migration und faire L\u00f6hne. Voraussprechend Die Parlamentswahlen am 8. April\u201eVona [&hellip;]<\/p>\n","protected":false},"author":2,"featured_media":740627,"comment_status":"open","ping_status":"open","sticky":false,"template":"","format":"standard","meta":{"_acf_changed":false,"_display_image":"","footnotes":""},"categories":[1081],"tags":[1632,1598,3695],"class_list":["post-740626","post","type-post","status-publish","format-standard","has-post-thumbnail","hentry","category-politik","tag-jobbik","tag-nationalfeiertag","tag-wahl-2018"],"blocksy_meta":[],"acf":[],"author_username":"alk","telegram_post":"","public_post_metadata":{"breaking_news":"","important":"","csempe":"","center_tile":"","disable_thumbnail":"","target_lang":"","_featured_image_style":"","telegram_post":"","_xlat_group_id":""},"public_rank_math_data":{"title":"%title% %sep% %sitename%","description":"Jobbiks Vorsitzender G\u00e1bor Vona sagte in seiner Rede zum Gedenken seiner Partei an den Nationalfeiertag am 15. M\u00e4rz, er sei bestrebt, sich mit echten Problemen Ungarns wie Sicherheit und Demokratie, einem funktionierenden Gesundheits- und Sozialsystem, einem modernen Bildungssystem und einem gerechten Rentensystem auseinanderzusetzen.","focus_keyword":"Vona","canonical_url":"","robots":"","primary_category":"1081","breadcrumb_title":"","facebook_title":"","facebook_description":"","facebook_image":"","facebook_image_id":"","twitter_title":"","twitter_description":"","twitter_image":"","twitter_image_id":"","twitter_card_type":"","twitter_use_facebook":"","advanced_robots":"","pillar_content":"","seo_score":"76","contentai_score":"","rich_snippet":""},"_links":{"self":[{"href":"https:\/\/dailynewshungary.com\/de\/wp-json\/wp\/v2\/posts\/740626","targetHints":{"allow":["GET"]}}],"collection":[{"href":"https:\/\/dailynewshungary.com\/de\/wp-json\/wp\/v2\/posts"}],"about":[{"href":"https:\/\/dailynewshungary.com\/de\/wp-json\/wp\/v2\/types\/post"}],"author":[{"embeddable":true,"href":"https:\/\/dailynewshungary.com\/de\/wp-json\/wp\/v2\/users\/2"}],"replies":[{"embeddable":true,"href":"https:\/\/dailynewshungary.com\/de\/wp-json\/wp\/v2\/comments?post=740626"}],"version-history":[{"count":0,"href":"https:\/\/dailynewshungary.com\/de\/wp-json\/wp\/v2\/posts\/740626\/revisions"}],"wp:featuredmedia":[{"embeddable":true,"href":"https:\/\/dailynewshungary.com\/de\/wp-json\/wp\/v2\/media\/740627"}],"wp:attachment":[{"href":"https:\/\/dailynewshungary.com\/de\/wp-json\/wp\/v2\/media?parent=740626"}],"wp:term":[{"taxonomy":"category","embeddable":true,"href":"https:\/\/dailynewshungary.com\/de\/wp-json\/wp\/v2\/categories?post=740626"},{"taxonomy":"post_tag","embeddable":true,"href":"https:\/\/dailynewshungary.com\/de\/wp-json\/wp\/v2\/tags?post=740626"}],"curies":[{"name":"wp","href":"https:\/\/api.w.org\/{rel}","templated":true}]}}