{"id":741147,"date":"2018-02-23T20:02:28","date_gmt":"2018-02-23T19:02:28","guid":{"rendered":"https:\/\/dailynewshungary.com\/de\/orban-eu-gehort-zu-europaern\/"},"modified":"2018-02-23T20:02:28","modified_gmt":"2018-02-23T19:02:28","slug":"orban-eu-gehort-zu-europaern","status":"publish","type":"post","link":"https:\/\/dailynewshungary.com\/de\/orban-eu-gehort-zu-europaern\/","title":{"rendered":"Orb\u00e1n: EU \u2018geh\u00f6rt zu Europ\u00e4ern\u2019"},"content":{"rendered":"<p><strong>\u201cDie Europ\u00e4ische Union geh\u00f6rt den Europ\u00e4ern und den europ\u00e4ischen B\u00fcrgern\u201d, sagte Ministerpr\u00e4sident Viktor Orb\u00e1n in einer Videobotschaft vor einem EU-Gipfel am Freitag in Br\u00fcssel.<\/strong><\/p>\n<p>Zum Gipfel sagte Orb\u00e1n, man werde sich auf interne Ver\u00e4nderungen der Gemeinschaftsstruktur konzentrieren, und sagte, dass einige der vorgeschlagenen \u00c4nderungen \u201cziemlich absurd\u201d seien. Er erw\u00e4hnte beispielsweise einen Vorschlag, dass \u201cnicht nur die Zahl der europ\u00e4ischen B\u00fcrger, sondern auch Migranten bei der Sitzverteilung im Europ\u00e4ischen Parlament gez\u00e4hlt werden sollten, und nannte die Idee \u201cinakzeptabel\u201d.<\/p>\n<p>In Bezug auf die Migrationskrise sagte Orb\u00e1n, es sei an der Zeit, sinnvolle Gespr\u00e4che \u00fcber die f\u00fcr die Grenzkontrolle ausgegebenen Mittel aufzunehmen.<\/p>\n<blockquote>\n<p>Er sagte, seine Regierung habe \u00fcber eine Milliarde Euro f\u00fcr den Schutz der Schengen-Grenzen ausgegeben und forderte, dass die EU \u201cmindestens die H\u00e4lfte\u201d dieser Summe zur\u00fcckerstatten solle.<\/p>\n<\/blockquote>\n<p>Er argumentierte, dass die Grenzen Ungarns auch die gesamte Gemeinschaft sch\u00fctzen.<\/p>\n<p>Orb\u00e1n sagte, er werde vorschlagen, das Gewicht der nationalen Parlamente innerhalb der Gemeinschaft zu erh\u00f6hen und ihnen die Befugnis zu geben, Debatten auf europ\u00e4ischer Ebene zu beenden, sobald diese Diskussionen den nationalen Interessen schaden.<\/p>\n<p><em>Bild vorgestellt: MTI<\/em><\/p>\n","protected":false},"excerpt":{"rendered":"<p>\u201cDie Europ\u00e4ische Union geh\u00f6rt den Europ\u00e4ern und den europ\u00e4ischen B\u00fcrgern\u201d, sagte Ministerpr\u00e4sident Viktor Orb\u00e1n in einer Videobotschaft vor einem EU-Gipfel am Freitag in Br\u00fcssel. Zum Gipfel sagte Orb\u00e1n, man werde sich auf interne Ver\u00e4nderungen der Gemeinschaftsstruktur konzentrieren, und sagte, dass einige der vorgeschlagenen \u00c4nderungen \u201cziemlich absurd\u201d seien. Er erw\u00e4hnte beispielsweise einen Vorschlag, dass \u201cnicht nur [&hellip;]<\/p>\n","protected":false},"author":13,"featured_media":741148,"comment_status":"open","ping_status":"open","sticky":false,"template":"","format":"standard","meta":{"_acf_changed":false,"_display_image":"","footnotes":""},"categories":[1081],"tags":[1082,1445,1128],"class_list":["post-741147","post","type-post","status-publish","format-standard","has-post-thumbnail","hentry","category-politik","tag-europaische-union","tag-migration","tag-viktor-orban"],"blocksy_meta":[],"acf":[],"author_username":"kovacszsoka","telegram_post":"","public_post_metadata":{"breaking_news":"","important":"","csempe":"","center_tile":"","disable_thumbnail":"","target_lang":"","_featured_image_style":"","telegram_post":"","_xlat_group_id":""},"public_rank_math_data":{"title":"%title% %sep% %sitename%","description":"Bez\u00fcglich des EU-Gipfels, an dem er teilnahm, sagte Orb\u00e1n, dass er sich auf interne \u00c4nderungen in der Struktur der Gemeinschaft konzentrieren werde, und sagte, dass einige der vorgeschlagenen \u00c4nderungen \u201eziemlich absurd\" seien","focus_keyword":"Orb\u00e1n","canonical_url":"","robots":"","primary_category":"1081","breadcrumb_title":"","facebook_title":"","facebook_description":"","facebook_image":"","facebook_image_id":"","twitter_title":"","twitter_description":"","twitter_image":"","twitter_image_id":"","twitter_card_type":"","twitter_use_facebook":"","advanced_robots":"","pillar_content":"","seo_score":"","contentai_score":"","rich_snippet":""},"_links":{"self":[{"href":"https:\/\/dailynewshungary.com\/de\/wp-json\/wp\/v2\/posts\/741147","targetHints":{"allow":["GET"]}}],"collection":[{"href":"https:\/\/dailynewshungary.com\/de\/wp-json\/wp\/v2\/posts"}],"about":[{"href":"https:\/\/dailynewshungary.com\/de\/wp-json\/wp\/v2\/types\/post"}],"author":[{"embeddable":true,"href":"https:\/\/dailynewshungary.com\/de\/wp-json\/wp\/v2\/users\/13"}],"replies":[{"embeddable":true,"href":"https:\/\/dailynewshungary.com\/de\/wp-json\/wp\/v2\/comments?post=741147"}],"version-history":[{"count":0,"href":"https:\/\/dailynewshungary.com\/de\/wp-json\/wp\/v2\/posts\/741147\/revisions"}],"wp:featuredmedia":[{"embeddable":true,"href":"https:\/\/dailynewshungary.com\/de\/wp-json\/wp\/v2\/media\/741148"}],"wp:attachment":[{"href":"https:\/\/dailynewshungary.com\/de\/wp-json\/wp\/v2\/media?parent=741147"}],"wp:term":[{"taxonomy":"category","embeddable":true,"href":"https:\/\/dailynewshungary.com\/de\/wp-json\/wp\/v2\/categories?post=741147"},{"taxonomy":"post_tag","embeddable":true,"href":"https:\/\/dailynewshungary.com\/de\/wp-json\/wp\/v2\/tags?post=741147"}],"curies":[{"name":"wp","href":"https:\/\/api.w.org\/{rel}","templated":true}]}}