{"id":741157,"date":"2018-02-23T15:15:18","date_gmt":"2018-02-23T14:15:18","guid":{"rendered":"https:\/\/dailynewshungary.com\/de\/ungarisches-fm-auch-die-seegrenzen-mussen-geschutzt-werden\/"},"modified":"2018-02-23T15:15:18","modified_gmt":"2018-02-23T14:15:18","slug":"ungarisches-fm-auch-die-seegrenzen-mussen-geschutzt-werden","status":"publish","type":"post","link":"https:\/\/dailynewshungary.com\/de\/ungarisches-fm-auch-die-seegrenzen-mussen-geschutzt-werden\/","title":{"rendered":"Ungarisches FM: Auch die Seegrenzen m\u00fcssen gesch\u00fctzt werden"},"content":{"rendered":"<p><strong>Die Europ\u00e4ische Union m\u00fcsse die Seegrenzen mit der gleichen Wirksamkeit sch\u00fctzen, wie die ungarischen Beh\u00f6rden die Landgrenzen vor illegaler Migration gesch\u00fctzt h\u00e4tten, sagte Au\u00dfenminister P\u00e9ter Szijj\u00e1rt\u00f3 gegen\u00fcber MTI aus Malta, wo er maltesische Regierungsbeamte traf.<\/strong><\/p>\n<p>Der Minister stellte fest, dass das Thema der illegalen Migration nach Europa und der damit verbundene Druck auf dem Kontinent im Mittelpunkt seiner Diskussionen st\u00fcnden.<\/p>\n<p>Szijj\u00e1rt\u00f3 f\u00fchrte Gespr\u00e4che mit seinem Amtskollegen Carmelo Abela und der Ministerin f\u00fcr europ\u00e4ische Angelegenheiten und Gleichstellung Helena Dalli und wurde von Staatsoberhaupt Marie-Louise Coleiro Preca und Claudette Buttigieg, stellvertretende Sprecherin des maltesischen Parlaments, empfangen.<\/p>\n<p>Er sagte, die Behauptung, es sei unm\u00f6glich, die Seegrenzen zu sch\u00fctzen, sei \u201einakzeptabel\u201c\u201eAustralien hat seine Seegrenzen wirksam gesch\u00fctzt, insgesamt Tausende von Kilometern, bis in den letzten drei Jahren kein einziges Boot mit illegalen Migranten seine K\u00fcsten erreichen konnte, argumentierte Szijj\u00e1rt\u00f3.<\/p>\n<p>Szijj\u00e1rt\u00f3 sagte, Europa habe einen \u201cschweren Fehler\u201d begangen, indem es in den letzten drei Jahren \u201cnichts unternommen\u201d habe, um seine Seegrenzen zu sch\u00fctzen. Diese drei Jahre w\u00e4ren \u201cmehr als genug Zeit\u201d gewesen, damit die EU eine milit\u00e4rische Streitmacht schaffen k\u00f6nne, die in der Lage sei, die Seegrenzen zu sch\u00fctzen, sagte er.<\/p>\n<p>Szijj\u00e1rt\u00f3 sagte, die beste L\u00f6sung sei eine, die garantiert, dass illegale Migranten, die von Afrika nach Europa aufbrechen, nicht einmal die Nordk\u00fcste Afrikas erreichen, sodass sie nicht an Bord von Menschenschmuggelbooten gehen k\u00f6nnen. Zu diesem Zweck haben die Visegr\u00e1d-L\u00e4nder \u201evorbildliche Solidarit\u00e4t\u201cdargestellt\u201d, indem sie 35 Millionen Euro zur Finanzierung eines Grenzkontrollprogramms in Libyen beigetragen haben, f\u00fcgte er hinzu.<\/p>\n<p>\u201cDie Sicherheit beginnt heute im Mittelmeer\u201d, sagte Szijj\u00e1rt\u00f3Das ist der Grund, warum, sagte er, das globale Migrationspaket der Vereinten Nationen \u201ceine solche Gefahr f\u00fcr Europa darstellt\u201d Das Dokument enth\u00e4lt Bedingungen, die Ungarn und die Sicherheit Europas bedrohen w\u00fcrden, sagte der Minister.<\/p>\n<p>Dar\u00fcber hinaus schl\u00e4gt das Dokument vor, dass illegaler Grenz\u00fcbertritt als Verwaltungssache und nicht als Straftat betrachtet werden sollte, sagte Szijj\u00e1rt\u00f3 und f\u00fcgte hinzu, dass Ungarn dies f\u00fcr \u201einakzeptabel\u201ch\u00e4lt. Budapest betrachtet die illegale Einreise als eines der \u201eschwersten Verbrechen, die eine strenge Bestrafung rechtfertigen\u201d, sagte er.<\/p>\n<p>Szijj\u00e1rt\u00f3 sagte, das Migrationspaket enthalte auch einen Vorschlag, der besage, dass illegale Migranten weder zu Land noch zu Wasser zur\u00fcckgewiesen werden sollten. Nach Ansicht Ungarns m\u00fcssen illegale Migranten sofort zur\u00fcckgewiesen werden, sei es zu Land oder zu Wasser, und in ihre Herkunftsl\u00e4nder zur\u00fcckgeschickt werden, sagte Szijj\u00e1rt\u00f3.<\/p>\n<p>Wenn die UNO nicht bereit sei, ihre derzeitige Position zur Migration zur\u00fcckzuziehen, werde sie weitere zehn Millionen Menschen in Afrika dazu verleiten, nach Europa aufzubrechen, betonte Szijj\u00e1rt\u00f3.<\/p>\n<p><em>Bild vorgestellt: MTI<\/em><\/p>\n","protected":false},"excerpt":{"rendered":"<p>Die Europ\u00e4ische Union m\u00fcsse die Seegrenzen mit der gleichen Wirksamkeit sch\u00fctzen, wie die ungarischen Beh\u00f6rden die Landgrenzen vor illegaler Migration gesch\u00fctzt h\u00e4tten, sagte Au\u00dfenminister P\u00e9ter Szijj\u00e1rt\u00f3 gegen\u00fcber MTI aus Malta, wo er maltesische Regierungsbeamte traf. Der Minister stellte fest, dass das Thema der illegalen Migration nach Europa und der damit verbundene Druck auf dem Kontinent [&hellip;]<\/p>\n","protected":false},"author":13,"featured_media":741158,"comment_status":"open","ping_status":"open","sticky":false,"template":"","format":"standard","meta":{"_acf_changed":false,"_display_image":"","footnotes":""},"categories":[1081],"tags":[4022,1213],"class_list":["post-741157","post","type-post","status-publish","format-standard","has-post-thumbnail","hentry","category-politik","tag-wanderung","tag-wasser"],"blocksy_meta":[],"acf":[],"author_username":"kovacszsoka","telegram_post":"","public_post_metadata":{"breaking_news":"","important":"","csempe":"","center_tile":"","disable_thumbnail":"","target_lang":"","_featured_image_style":"","telegram_post":"","_xlat_group_id":""},"public_rank_math_data":{"title":"%title% %sep% %sitename%","description":"FM: Die Europ\u00e4ische Union muss die Seegrenzen mit der gleichen Wirksamkeit sch\u00fctzen, wie die ungarischen Beh\u00f6rden die Landgrenzen vor illegaler Migration gesch\u00fctzt haben","focus_keyword":"Grenze","canonical_url":"","robots":"","primary_category":"1081","breadcrumb_title":"","facebook_title":"","facebook_description":"","facebook_image":"","facebook_image_id":"","twitter_title":"","twitter_description":"","twitter_image":"","twitter_image_id":"","twitter_card_type":"","twitter_use_facebook":"","advanced_robots":"","pillar_content":"","seo_score":"62","contentai_score":"","rich_snippet":""},"_links":{"self":[{"href":"https:\/\/dailynewshungary.com\/de\/wp-json\/wp\/v2\/posts\/741157","targetHints":{"allow":["GET"]}}],"collection":[{"href":"https:\/\/dailynewshungary.com\/de\/wp-json\/wp\/v2\/posts"}],"about":[{"href":"https:\/\/dailynewshungary.com\/de\/wp-json\/wp\/v2\/types\/post"}],"author":[{"embeddable":true,"href":"https:\/\/dailynewshungary.com\/de\/wp-json\/wp\/v2\/users\/13"}],"replies":[{"embeddable":true,"href":"https:\/\/dailynewshungary.com\/de\/wp-json\/wp\/v2\/comments?post=741157"}],"version-history":[{"count":0,"href":"https:\/\/dailynewshungary.com\/de\/wp-json\/wp\/v2\/posts\/741157\/revisions"}],"wp:featuredmedia":[{"embeddable":true,"href":"https:\/\/dailynewshungary.com\/de\/wp-json\/wp\/v2\/media\/741158"}],"wp:attachment":[{"href":"https:\/\/dailynewshungary.com\/de\/wp-json\/wp\/v2\/media?parent=741157"}],"wp:term":[{"taxonomy":"category","embeddable":true,"href":"https:\/\/dailynewshungary.com\/de\/wp-json\/wp\/v2\/categories?post=741157"},{"taxonomy":"post_tag","embeddable":true,"href":"https:\/\/dailynewshungary.com\/de\/wp-json\/wp\/v2\/tags?post=741157"}],"curies":[{"name":"wp","href":"https:\/\/api.w.org\/{rel}","templated":true}]}}