{"id":741254,"date":"2018-02-20T07:35:34","date_gmt":"2018-02-20T06:35:34","guid":{"rendered":"https:\/\/dailynewshungary.com\/de\/die-sozialistisch-paarrbeszierte-regierung-wurde-die-lohne-im-gesundheitssektor-um-50-prozent-erhohen\/"},"modified":"2018-02-20T07:35:34","modified_gmt":"2018-02-20T06:35:34","slug":"die-sozialistisch-paarrbeszierte-regierung-wurde-die-lohne-im-gesundheitssektor-um-50-prozent-erhohen","status":"publish","type":"post","link":"https:\/\/dailynewshungary.com\/de\/die-sozialistisch-paarrbeszierte-regierung-wurde-die-lohne-im-gesundheitssektor-um-50-prozent-erhohen\/","title":{"rendered":"Die sozialistisch-paarrbeszierte Regierung w\u00fcrde die L\u00f6hne im Gesundheitssektor um 50 Prozent erh\u00f6hen"},"content":{"rendered":"<p><strong>Wenn die Opposition <a href=\"https:\/\/dailynewshungary.com\/de\/der-grose-britische-zuguberfall-wie-eine-15-kopfige-bande-1963-26-millionen-pfund-stahl\/\" target=\"_blank\" rel=\"noopener\">Sozialistisch<\/a>&#8211; Das p\u00e1rbesz\u00e9dische Parteienb\u00fcndnis sollte die Macht an der Macht gewinnen <a href=\"https:\/\/dailynewshungary.com\/de\/der-grose-britische-zuguberfall-wie-eine-15-kopfige-bande-1963-26-millionen-pfund-stahl\/\" target=\"_blank\" rel=\"noopener\">Kommende Wahl<\/a>\u201eSie w\u00fcrden die L\u00f6hne im ungarischen Gesundheitswesen um 50 Prozent erh\u00f6hen, sagte der Premierministerkandidat der beiden Parteien auf einer Pressekonferenz anl\u00e4sslich des Tages der ungarischen Krankenschwestern am Montag.<\/strong><\/p>\n<p>Gergely Kar\u00e1csony sagte, die Regierung habe \u201cdie Krankenschwestern vergessen\u201d Unter Bezugnahme auf Viktor Orb\u00e1ns j\u00fcngste Rede zur Lage der Nation sagte Kar\u00e1csony, dass die Erw\u00e4hnung der Gesundheitsversorgung durch den Premierminister \u201cnicht einmal zeige, wie unangenehm das Thema sei\u201d f\u00fcr die Regierung.<\/p>\n<p>Kar\u00e1csony bestand auch darauf<\/p>\n<blockquote>\n<p>W\u00e4hrend die Regierung die L\u00f6hne in diesem Sektor erh\u00f6ht hatte, strich sie auch die Sozialleistungen und die Erh\u00f6hungen \u201eliefen tats\u00e4chlich ins Leere\u201c.<\/p>\n<\/blockquote>\n<p>P\u00e1rbesz\u00e9d-Co-Chefin T\u00edmea Szab\u00f3 sagte, es sei \u201cinakzeptabel und unmenschlich\u201d, dass Nachtschichtschwestern gezwungen seien, einen zweiten Job anzunehmen, um \u00fcber die Runden zu kommen.<\/p>\n<p>Zu einem anderen Thema sagte Kar\u00e1csony, der j\u00fcngste Gesetzesentwurf \u201cStop Soros\u201d der Regierung sei eine \u201cdumme Gesetzgebung, die darauf abzielt, zivile Gruppen zu schikanieren\u201d.<\/p>\n<blockquote>\n<p>\u201cNicht [US-Finanzier] George Soros muss gestoppt werden, sondern Viktor Orb\u00e1n,\u201d, bestand er darauf.<\/p>\n<\/blockquote>\n<p>Als Reaktion auf Kar\u00e1csonys \u00c4u\u00dferungen sagte der regierende Fidesz, er sei nun \u201cdas Gesicht\u201d der Sozialistischen Partei, \u201cdie Krankenschwestern nicht respektiert und erschreckend magere L\u00f6hne gezahlt hatte\u201d Sie bestanden darauf, dass die durchschnittliche Krankenschwester im Jahr 2010 159.000 Forint (511 EUR) einen Monat vor Steuern gemacht habe, sie verdienen jetzt 309.000 Forint, die im n\u00e4chsten Jahr auf 334.000 Forint erh\u00f6ht werden sollen.<\/p>\n<p>Zolt\u00e1n \u00d3nodi-Sz.cs, Staatssekret\u00e4r im Personalministerium, sagte fr\u00fcher am Tag, dass es eine Priorit\u00e4t der Regierung sei, die Arbeitsbedingungen f\u00fcr Krankenpfleger zu verbessern. Er sagte, dass im Zentralhaushalt 10 Milliarden Forint (32 Mio. EUR) f\u00fcr die Modernisierung vorgesehen seien medizinische Ausr\u00fcstung in Krankenh\u00e4usern und Einrichtungen, die bis 2020 landesweit Unterk\u00fcnfte f\u00fcr Krankenpfleger bereitstellen.<\/p>\n<p>Die Regierung hat den 19. Februar 2014 zum Tag der ungarischen Krankenschwestern erkl\u00e4rt.<\/p>\n<p><em>Foto: MTI<\/em><\/p>\n","protected":false},"excerpt":{"rendered":"<p>Wenn die Opposition Sozialistisch&#8211; Das p\u00e1rbesz\u00e9dische Parteienb\u00fcndnis sollte die Macht an der Macht gewinnen Kommende Wahl\u201eSie w\u00fcrden die L\u00f6hne im ungarischen Gesundheitswesen um 50 Prozent erh\u00f6hen, sagte der Premierministerkandidat der beiden Parteien auf einer Pressekonferenz anl\u00e4sslich des Tages der ungarischen Krankenschwestern am Montag. Gergely Kar\u00e1csony sagte, die Regierung habe \u201cdie Krankenschwestern vergessen\u201d Unter Bezugnahme auf [&hellip;]<\/p>\n","protected":false},"author":2,"featured_media":741255,"comment_status":"open","ping_status":"open","sticky":false,"template":"","format":"standard","meta":{"_acf_changed":false,"_display_image":"","footnotes":""},"categories":[1081],"tags":[1096,1661,1107,1695,3695,1104],"class_list":["post-741254","post","type-post","status-publish","format-standard","has-post-thumbnail","hentry","category-politik","tag-arbeitsmarkt","tag-dialog-fur-ungarn","tag-gesundheit","tag-sozialisten","tag-wahl-2018","tag-wirtschaft"],"blocksy_meta":[],"acf":[],"author_username":"alk","telegram_post":"","public_post_metadata":{"breaking_news":"","important":"","csempe":"","center_tile":"","disable_thumbnail":"","target_lang":"","_featured_image_style":"","telegram_post":"","_xlat_group_id":""},"public_rank_math_data":{"title":"%title% %sep% %sitename%","description":"Sollte das sozialistisch-paarrbeszierte Parteienb\u00fcndnis bei der bevorstehenden Wahl die Macht gewinnen, w\u00fcrden sie die L\u00f6hne im ungarischen Gesundheitswesen um 50 Prozent erh\u00f6hen.","focus_keyword":"Gesundheit","canonical_url":"","robots":"","primary_category":"1081","breadcrumb_title":"","facebook_title":"","facebook_description":"","facebook_image":"","facebook_image_id":"","twitter_title":"","twitter_description":"","twitter_image":"","twitter_image_id":"","twitter_card_type":"","twitter_use_facebook":"","advanced_robots":"","pillar_content":"","seo_score":"58","contentai_score":"","rich_snippet":""},"_links":{"self":[{"href":"https:\/\/dailynewshungary.com\/de\/wp-json\/wp\/v2\/posts\/741254","targetHints":{"allow":["GET"]}}],"collection":[{"href":"https:\/\/dailynewshungary.com\/de\/wp-json\/wp\/v2\/posts"}],"about":[{"href":"https:\/\/dailynewshungary.com\/de\/wp-json\/wp\/v2\/types\/post"}],"author":[{"embeddable":true,"href":"https:\/\/dailynewshungary.com\/de\/wp-json\/wp\/v2\/users\/2"}],"replies":[{"embeddable":true,"href":"https:\/\/dailynewshungary.com\/de\/wp-json\/wp\/v2\/comments?post=741254"}],"version-history":[{"count":0,"href":"https:\/\/dailynewshungary.com\/de\/wp-json\/wp\/v2\/posts\/741254\/revisions"}],"wp:featuredmedia":[{"embeddable":true,"href":"https:\/\/dailynewshungary.com\/de\/wp-json\/wp\/v2\/media\/741255"}],"wp:attachment":[{"href":"https:\/\/dailynewshungary.com\/de\/wp-json\/wp\/v2\/media?parent=741254"}],"wp:term":[{"taxonomy":"category","embeddable":true,"href":"https:\/\/dailynewshungary.com\/de\/wp-json\/wp\/v2\/categories?post=741254"},{"taxonomy":"post_tag","embeddable":true,"href":"https:\/\/dailynewshungary.com\/de\/wp-json\/wp\/v2\/tags?post=741254"}],"curies":[{"name":"wp","href":"https:\/\/api.w.org\/{rel}","templated":true}]}}