{"id":741306,"date":"2018-02-17T19:30:06","date_gmt":"2018-02-17T18:30:06","guid":{"rendered":"https:\/\/dailynewshungary.com\/de\/das-kabinett-orban-verlangert-erneut-den-ausnahmezustand-aufgrund-der-migrationskrise\/"},"modified":"2018-02-17T19:30:06","modified_gmt":"2018-02-17T18:30:06","slug":"das-kabinett-orban-verlangert-erneut-den-ausnahmezustand-aufgrund-der-migrationskrise","status":"publish","type":"post","link":"https:\/\/dailynewshungary.com\/de\/das-kabinett-orban-verlangert-erneut-den-ausnahmezustand-aufgrund-der-migrationskrise\/","title":{"rendered":"Das Kabinett Orb\u00e1n verl\u00e4ngert erneut den Ausnahmezustand aufgrund der Migrationskrise"},"content":{"rendered":"<p><strong>Die Regierung hat beschlossen, den aktuellen Ausnahmezustand in Ungarn im Zusammenhang mit \u201eder durch Massen verursachten Krise&#8221; um weitere sechs Monate zu verl\u00e4ngern <a href=\"https:\/\/dailynewshungary.com\/de\/der-grose-britische-zuguberfall-wie-eine-15-kopfige-bande-1963-26-millionen-pfund-stahl\/\" target=\"_blank\" rel=\"noopener noreferrer\">Migration<\/a>\u201cberichtete das Amtsblatt vom Freitag Magyar K\u00f6zl\u00f6ny.&nbsp;<\/strong><\/p>\n<p>Der Ausnahmezustand gilt bis zum 7. September, er wurde erstmals am 9. M\u00e4rz 2016 eingef\u00fchrt und mehrfach verl\u00e4ngert.<\/p>\n<blockquote>\n<p>Der Berater des Premierministers f\u00fcr innere Sicherheit sagte dem \u00f6ffentlichen Nachrichtensender M1 und kommentierte die Verl\u00e4ngerung, dass in diesem Jahr bereits mehr als 1.800 Menschen angehalten und auf die andere Seite der Grenze eskortiert worden seien.<\/p>\n<\/blockquote>\n<p>Zu Presseberichten, wonach die ungarische Grenze friedlich sei und es keine Angriffe gebe, \u00e4u\u00dferte sich Gy\u00f6rgy Bakondi, eine \u00dcberpr\u00fcfung der Tageszahlen zeige das Gegenteil, Auf den Strecken mit Serbien seien Grenzverletzungen gemeldet worden, ebenso mit der Ukraine, Rum\u00e4nien und Kroatien, f\u00fcgte er hinzu.<\/p>\n<p>Begr\u00fcndet wurde die Verl\u00e4ngerung auch mit der Entwicklung in Europa Auf der Balkanroute der Migranten ist ein Anstieg der Zahl der Migranten zu verzeichnen, die aus der T\u00fcrkei auf den griechischen Inseln ankommen, in Rum\u00e4nien ist ein fast dreifacher Anstieg zu verzeichnen und auch eine neue Route \u00fcber Albanien, Montenegro, Bosnien, Kroatien und Slowenien nach \u00d6sterreich wurde gemeldet, sagte er.<\/p>\n<p><em>Foto: Bal\u00e1zs B\u00e9li<\/em><\/p>\n","protected":false},"excerpt":{"rendered":"<p>Die Regierung hat beschlossen, den aktuellen Ausnahmezustand in Ungarn im Zusammenhang mit \u201eder durch Massen verursachten Krise&#8221; um weitere sechs Monate zu verl\u00e4ngern Migration\u201cberichtete das Amtsblatt vom Freitag Magyar K\u00f6zl\u00f6ny.&nbsp; Der Ausnahmezustand gilt bis zum 7. September, er wurde erstmals am 9. M\u00e4rz 2016 eingef\u00fchrt und mehrfach verl\u00e4ngert. Der Berater des Premierministers f\u00fcr innere Sicherheit [&hellip;]<\/p>\n","protected":false},"author":2,"featured_media":741307,"comment_status":"open","ping_status":"open","sticky":false,"template":"","format":"standard","meta":{"_acf_changed":false,"_display_image":"","footnotes":""},"categories":[1081],"tags":[1243,1445],"class_list":["post-741306","post","type-post","status-publish","format-standard","has-post-thumbnail","hentry","category-politik","tag-balkan","tag-migration"],"blocksy_meta":[],"acf":[],"author_username":"alk","telegram_post":"","public_post_metadata":{"breaking_news":"","important":"","csempe":"","center_tile":"","disable_thumbnail":"","target_lang":"","_featured_image_style":"","telegram_post":"","_xlat_group_id":""},"public_rank_math_data":{"title":"%title% %sep% %sitename%","description":"Regierung hat beschlossen, den derzeitigen Ausnahmezustand in Ungarn im Zusammenhang mit \"der durch die Massenmigration verursachten Krise\" um weitere sechs Monate zu verl\u00e4ngern.","focus_keyword":"Migrationskrise","canonical_url":"","robots":"","primary_category":"1081","breadcrumb_title":"","facebook_title":"","facebook_description":"","facebook_image":"","facebook_image_id":"","twitter_title":"","twitter_description":"","twitter_image":"","twitter_image_id":"","twitter_card_type":"","twitter_use_facebook":"","advanced_robots":"","pillar_content":"","seo_score":"50","contentai_score":"","rich_snippet":""},"_links":{"self":[{"href":"https:\/\/dailynewshungary.com\/de\/wp-json\/wp\/v2\/posts\/741306","targetHints":{"allow":["GET"]}}],"collection":[{"href":"https:\/\/dailynewshungary.com\/de\/wp-json\/wp\/v2\/posts"}],"about":[{"href":"https:\/\/dailynewshungary.com\/de\/wp-json\/wp\/v2\/types\/post"}],"author":[{"embeddable":true,"href":"https:\/\/dailynewshungary.com\/de\/wp-json\/wp\/v2\/users\/2"}],"replies":[{"embeddable":true,"href":"https:\/\/dailynewshungary.com\/de\/wp-json\/wp\/v2\/comments?post=741306"}],"version-history":[{"count":0,"href":"https:\/\/dailynewshungary.com\/de\/wp-json\/wp\/v2\/posts\/741306\/revisions"}],"wp:featuredmedia":[{"embeddable":true,"href":"https:\/\/dailynewshungary.com\/de\/wp-json\/wp\/v2\/media\/741307"}],"wp:attachment":[{"href":"https:\/\/dailynewshungary.com\/de\/wp-json\/wp\/v2\/media?parent=741306"}],"wp:term":[{"taxonomy":"category","embeddable":true,"href":"https:\/\/dailynewshungary.com\/de\/wp-json\/wp\/v2\/categories?post=741306"},{"taxonomy":"post_tag","embeddable":true,"href":"https:\/\/dailynewshungary.com\/de\/wp-json\/wp\/v2\/tags?post=741306"}],"curies":[{"name":"wp","href":"https:\/\/api.w.org\/{rel}","templated":true}]}}