{"id":741316,"date":"2018-02-17T14:30:21","date_gmt":"2018-02-17T13:30:21","guid":{"rendered":"https:\/\/dailynewshungary.com\/de\/wahl-2018-sozialisten-parbeszed-skizzieren-programm-zur-eindammung-der-auswanderung\/"},"modified":"2018-02-17T14:30:21","modified_gmt":"2018-02-17T13:30:21","slug":"wahl-2018-sozialisten-parbeszed-skizzieren-programm-zur-eindammung-der-auswanderung","status":"publish","type":"post","link":"https:\/\/dailynewshungary.com\/de\/wahl-2018-sozialisten-parbeszed-skizzieren-programm-zur-eindammung-der-auswanderung\/","title":{"rendered":"Wahl 2018: Sozialisten, P\u00e1rbesz\u00e9d, skizzieren Programm zur Eind\u00e4mmung der Auswanderung"},"content":{"rendered":"<p><strong>Im Falle ihrer Wahl in die Regierung werde die sozialistisch-paarrbeszierte Koalition einen Regierungsplan auf den Weg bringen, um junge Ungarn im Land zu halten und diejenigen, die bereits ausgewandert sind, zur R\u00fcckkehr zu motivieren, sagte der Premierministerkandidat der Parteien am Freitag.<\/strong><\/p>\n<p>Auf einer Pressekonferenz vor dem Nationalen Wahlb\u00fcro sagte Gergely Kar\u00e1csony am Freitag, dass ein neues B\u00fcro des Staatssekret\u00e4rs eingerichtet werde, das dem Plan gewidmet sei.<\/p>\n<p>Die Strategie der sozialistisch-paarrbeszierten Parteikoalition werde darin bestehen, \u201egleiches Wahlrecht\u201cf\u00fcr Ungarn im Ausland zu gew\u00e4hrleisten. Dar\u00fcber hinaus werden sie erste Abschl\u00fcsse finanzieren und ein Wohnungsbauprogramm starten, um junge B\u00fcrger zum Verbleib im Land zu motivieren, sagte P\u00e1rbesz\u00e9ds Co-Vorsitzender.<\/p>\n<p>Das Wahlb\u00fcro hat \u201eenorme Ressourcen\u201cangewendet, um ethnische Ungarn mit doppelter Staatsb\u00fcrgerschaft in Nachbarl\u00e4ndern f\u00fcr die Teilnahme an der Wahl zu registrieren <a href=\"https:\/\/dailynewshungary.com\/de\/der-grose-britische-zuguberfall-wie-eine-15-kopfige-bande-1963-26-millionen-pfund-stahl\/\" target=\"_blank\" rel=\"noopener\">Ungarische Wahlen<\/a>Karacsony sagte Gleichzeitig habe sie \u201ckeine Anstrengungen unternommen\u201d, um im Ausland arbeitenden ungarischen Staatsb\u00fcrgern das Wahlrecht zu erm\u00f6glichen, betonte er.<\/p>\n<blockquote>\n<p>Kar\u00e1csony sagte, er habe den sozialistischen Europaabgeordneten Istv\u00e1n Ujhelyi gebeten, die Strategie zu entwickeln.<\/p>\n<\/blockquote>\n<p>Ujhelyi bestand darauf, dass das \u201ceinzige\u201d Vorhaben der Fidesz-Christdemokraten-Regierung, junge ungarische Emigranten nach Hause zu locken, \u201cgescheitert\u201d sei.<\/p>\n<p>Unter Berufung auf Daten des Statistischen Zentralamts sagte Ujhelyi, dass im Ausland arbeitende Ungarn j\u00e4hrlich etwa 900 Milliarden Forint (2,9 Mio. EUR) nach Ungarn \u00fcberweisen \u201cIhr Geld wird ben\u00f6tigt, aber sie haben kein Mitspracherecht in den Angelegenheiten ihres Heimatlandes\u201d, sagte er. \u201eEthnische Ungarn, die in Nachbarl\u00e4ndern leben, wurden viel besser informiert und gezielter gew\u00e4hlt, betonte er. \u201eDiese W\u00e4hler stimmen viel eher f\u00fcr die amtierende Regierung, sagte Ujhelyi.<\/p>\n<p>Auf die Frage, warum er daf\u00fcr gestimmt hat <a href=\"https:\/\/dailynewshungary.com\/de\/der-grose-britische-zuguberfall-wie-eine-15-kopfige-bande-1963-26-millionen-pfund-stahl\/\" target=\"_blank\" rel=\"noopener\">Neuansiedlungsquotenregelung der EU<\/a> F\u00fcr Asylbewerber sagte Ujhelyi, er unterst\u00fctze keine verbindliche, endg\u00fcltige, normative Quote.<\/p>\n<p>Kar\u00e1csony sagte auch, dass er die obligatorische Quotenregelung nicht unterst\u00fctze.<\/p>\n<p>In einem Kommentar zur Pressekonferenz sagte Fidesz in einer Erkl\u00e4rung, dass die Sozialisten und Parbeszed, \u201cobwohl sie versuchen, es zu leugnen\u201d, die Quotenregelung und den \u201cSoros-Plan\u201d unterst\u00fctzenDie Abgeordneten der Parteien h\u00e4tten \u201cf\u00fcr jeden migrationsfreundlichen Vorschlag im Europ\u00e4ischen Parlament gestimmt\u201d, hei\u00dft es in der Erkl\u00e4rung.<\/p>\n<p style=\"text-align: center;\">[button link=\u201dhttps:\/\/dailynewshungary.com\/tag\/wahl-2018\/\u201d type=\u201dbig\u201d color=\u201dred\u201d newwindow=\u201dyes\u201d] Lesen Sie mehr News zur UNGARISCHEN WAHL 2018 [\/button]<\/p>\n<p><em>Foto:&nbsp;<a href=\"https:\/\/www.facebook.com\/karacsonygergely\/\" target=\"_blank\" rel=\"noopener\">https:\/\/www.facebook.com\/karacsonygergely\/<\/a><\/em><\/p>\n","protected":false},"excerpt":{"rendered":"<p>Im Falle ihrer Wahl in die Regierung werde die sozialistisch-paarrbeszierte Koalition einen Regierungsplan auf den Weg bringen, um junge Ungarn im Land zu halten und diejenigen, die bereits ausgewandert sind, zur R\u00fcckkehr zu motivieren, sagte der Premierministerkandidat der Parteien am Freitag. Auf einer Pressekonferenz vor dem Nationalen Wahlb\u00fcro sagte Gergely Kar\u00e1csony am Freitag, dass ein [&hellip;]<\/p>\n","protected":false},"author":2,"featured_media":741317,"comment_status":"open","ping_status":"open","sticky":false,"template":"","format":"standard","meta":{"_acf_changed":false,"_display_image":"","footnotes":""},"categories":[1081],"tags":[1661,1871,1695,3695],"class_list":["post-741316","post","type-post","status-publish","format-standard","has-post-thumbnail","hentry","category-politik","tag-dialog-fur-ungarn","tag-migrantenquoten","tag-sozialisten","tag-wahl-2018"],"blocksy_meta":[],"acf":[],"author_username":"alk","telegram_post":"","public_post_metadata":{"breaking_news":"","important":"","csempe":"","center_tile":"","disable_thumbnail":"","target_lang":"","_featured_image_style":"","telegram_post":"","_xlat_group_id":""},"public_rank_math_data":{"title":"%title% %sep% %sitename%","description":"Im Falle ihrer Wahl in die Regierung wird die sozialistisch-paarrbeszierte Koalition einen Regierungsplan auf den Weg bringen, um junge Ungarn im Land zu halten.","focus_keyword":"Sozialistisch-paarrbesz\u00e9d","canonical_url":"","robots":"","primary_category":"1081","breadcrumb_title":"","facebook_title":"","facebook_description":"","facebook_image":"","facebook_image_id":"","twitter_title":"","twitter_description":"","twitter_image":"","twitter_image_id":"","twitter_card_type":"","twitter_use_facebook":"","advanced_robots":"","pillar_content":"","seo_score":"22","contentai_score":"","rich_snippet":""},"_links":{"self":[{"href":"https:\/\/dailynewshungary.com\/de\/wp-json\/wp\/v2\/posts\/741316","targetHints":{"allow":["GET"]}}],"collection":[{"href":"https:\/\/dailynewshungary.com\/de\/wp-json\/wp\/v2\/posts"}],"about":[{"href":"https:\/\/dailynewshungary.com\/de\/wp-json\/wp\/v2\/types\/post"}],"author":[{"embeddable":true,"href":"https:\/\/dailynewshungary.com\/de\/wp-json\/wp\/v2\/users\/2"}],"replies":[{"embeddable":true,"href":"https:\/\/dailynewshungary.com\/de\/wp-json\/wp\/v2\/comments?post=741316"}],"version-history":[{"count":0,"href":"https:\/\/dailynewshungary.com\/de\/wp-json\/wp\/v2\/posts\/741316\/revisions"}],"wp:featuredmedia":[{"embeddable":true,"href":"https:\/\/dailynewshungary.com\/de\/wp-json\/wp\/v2\/media\/741317"}],"wp:attachment":[{"href":"https:\/\/dailynewshungary.com\/de\/wp-json\/wp\/v2\/media?parent=741316"}],"wp:term":[{"taxonomy":"category","embeddable":true,"href":"https:\/\/dailynewshungary.com\/de\/wp-json\/wp\/v2\/categories?post=741316"},{"taxonomy":"post_tag","embeddable":true,"href":"https:\/\/dailynewshungary.com\/de\/wp-json\/wp\/v2\/tags?post=741316"}],"curies":[{"name":"wp","href":"https:\/\/api.w.org\/{rel}","templated":true}]}}