{"id":741376,"date":"2018-02-15T09:30:52","date_gmt":"2018-02-15T08:30:52","guid":{"rendered":"https:\/\/dailynewshungary.com\/de\/orban-ungarns-regierung-lasst-sich-nicht-erpressen\/"},"modified":"2018-02-15T09:30:52","modified_gmt":"2018-02-15T08:30:52","slug":"orban-ungarns-regierung-lasst-sich-nicht-erpressen","status":"publish","type":"post","link":"https:\/\/dailynewshungary.com\/de\/orban-ungarns-regierung-lasst-sich-nicht-erpressen\/","title":{"rendered":"Orb\u00e1n: Ungarns Regierung l\u00e4sst sich nicht erpressen"},"content":{"rendered":"<p><strong>Ausl\u00e4ndische wirtschaftliche und politische Interessengruppen unter F\u00fchrung des [US-Milliard\u00e4rs George] Soros w\u00fcrden sich w\u00fcnschen, dass eine schwache ungarische Regierung im Amt w\u00e4re, die erpresst werden kann, sagte der ungarische Ministerpr\u00e4sident Viktor Orb\u00e1n am Mittwoch.<\/strong><\/p>\n<p>Aufgrund des Krisenmanagements nach 2010 und der Bem\u00fchungen, Energiedienstleister, einige Banken und einen Teil der deutschen Medien unter nationale Kontrolle zu stellen, sei die Regierung nicht mehr Erpressungen ausgesetzt, sagte Orb\u00e1n bei einem Treffen der regierenden Fidesz- und KDNP-Parteiabgeordneten in <a href=\"https:\/\/darkgoldenrod-woodcock-377971.hostingersite.com\/tag\/Visegrad-Four\" target=\"_blank\" rel=\"noopener\">Visegr\u00e1d<\/a>, in Nordungarn, am Mittwochabend.<\/p>\n<p>\u201cKein Land kann unabh\u00e4ngig sein, wenn es keine nationalen Medien gibt. Es kann auch nicht unabh\u00e4ngig sein, wenn es mit finanziellen Mitteln erpresst werden kann\u201d, sagte Orb\u00e1n, zitiert von der nationalen Tageszeitung Magyar Id.k.<\/p>\n<p>Aus diesem Grund ist der Einsatz der kommenden <a href=\"https:\/\/darkgoldenrod-woodcock-377971.hostingersite.com\/tag\/election-2018\" target=\"_blank\" rel=\"noopener\">Parlamentswahl im April<\/a> Ist, ob Ungarn eine unabh\u00e4ngige Regierung haben wird oder eine, die erpresst werden kann Letztere w\u00fcrde die nationale Unabh\u00e4ngigkeit aufgeben und Ungarn in ein Migrantenland verwandeln lassen, sagte er.<\/p>\n<blockquote>\n<p>Orb\u00e1n zitierte einen ausl\u00e4ndischen Staatsmann und sagte, dass Hoffnungslosigkeit Hass erzeugt.<\/p>\n<\/blockquote>\n<p>Er f\u00fcgte hinzu, dass die Opposition in den kommenden 50 Tagen voraussichtlich eine Hasskampagne starten werde.<\/p>\n<p>\u201cDas ist ihre einzige BotschaftSie wollen uns alle jagen, weil wir denen im Weg stehen, die Ungarn zu einem Migrantenland und Europa zu einem Migrantenkontinent machen wollen\u201d, sagte er.<\/p>\n<p>Orb\u00e1n sagte, dass \u201caus dem Ausland eine Verleumdungskampagne gegen die Regierungsparteien mit Hilfe internationaler Organisationen und Zeitungen gef\u00fchrt wird\u201d. Sie werden von \u201cInteressengruppen\u201d bezahlt, die \u201ceine Auszahlung\u201d erwarten, wenn \u201csie es schaffen\u201d, dass es in Ungarn einen Regierungswechsel gibt, sagte der Premierminister.<\/p>\n<p>\u201cAusl\u00e4ndische Energiekonzerne wollen die Gewinne zur\u00fcckbekommen, die sie aufgrund der Senkungen der Versorgungspreise verloren hatten, und Banken wollen die Verluste, die sie bei der Bankensteuer angeh\u00e4uft haben, ausgleichen\u201d, sagte er.<\/p>\n<p>\u201cDar\u00fcber hinaus arbeitet die internationale politische Linke daran, uns Migranten mit Hilfe von <a href=\"https:\/\/darkgoldenrod-woodcock-377971.hostingersite.com\/tag\/George-Soros\" target=\"_blank\" rel=\"noopener\">Soros<\/a> und Br\u00fcssel, was ziemlich bald geschehen sollte, bereits in diesem Sommer, wie der belgische Premierminister zuf\u00e4llig enth\u00fcllt hat\u201d, f\u00fcgte er hinzu.<\/p>\n<blockquote>\n<p>\u201cAber wir sind nicht allein\u201d, beharrte Orb\u00e1n und verwies auf die Bildung der Visegr\u00e1d-Gruppe, die er als starkes B\u00fcndnis mitteleurop\u00e4ischer L\u00e4nder bezeichnete.<\/p>\n<\/blockquote>\n<p>\u201cWir stehen auch mit unseren Nachbarn Serbien und Rum\u00e4nien auf einer gemeinsamen Basis und haben auch in Wien Verb\u00fcndete\u201d, sagte Orb\u00e1n und f\u00fcgte hinzu, dass im deutschen Bundesland Bayern eine Regierung gebildet worden sei, die sich fest f\u00fcr christliche Werte einsetzt.<\/p>\n<p>Dar\u00fcber hinaus betrachten die Regierungen f\u00fchrender M\u00e4chte in Washington, Peking und Moskau Ungarn als Freund, sagte Orb\u00e1n.<\/p>\n<p><em>Bild vorgestellt: MTI<\/em><\/p>\n","protected":false},"excerpt":{"rendered":"<p>Ausl\u00e4ndische wirtschaftliche und politische Interessengruppen unter F\u00fchrung des [US-Milliard\u00e4rs George] Soros w\u00fcrden sich w\u00fcnschen, dass eine schwache ungarische Regierung im Amt w\u00e4re, die erpresst werden kann, sagte der ungarische Ministerpr\u00e4sident Viktor Orb\u00e1n am Mittwoch. Aufgrund des Krisenmanagements nach 2010 und der Bem\u00fchungen, Energiedienstleister, einige Banken und einen Teil der deutschen Medien unter nationale Kontrolle zu [&hellip;]<\/p>\n","protected":false},"author":13,"featured_media":741377,"comment_status":"open","ping_status":"open","sticky":false,"template":"","format":"standard","meta":{"_acf_changed":false,"_display_image":"","footnotes":""},"categories":[1081],"tags":[1702,1128,3695],"class_list":["post-741376","post","type-post","status-publish","format-standard","has-post-thumbnail","hentry","category-politik","tag-soros","tag-viktor-orban","tag-wahl-2018"],"blocksy_meta":[],"acf":[],"author_username":"kovacszsoka","telegram_post":"","public_post_metadata":{"breaking_news":"","important":"","csempe":"","center_tile":"","disable_thumbnail":"","target_lang":"","_featured_image_style":"","telegram_post":"","_xlat_group_id":""},"public_rank_math_data":{"title":"%title% %sep% %sitename%","description":"PM: Ausl\u00e4ndische wirtschaftliche und politische Interessengruppen unter der F\u00fchrung von Soros w\u00fcnschen sich eine schwache ungarische Regierung, die erpresst werden kann","focus_keyword":"Orb\u00e1n","canonical_url":"","robots":"","primary_category":"1081","breadcrumb_title":"","facebook_title":"","facebook_description":"","facebook_image":"","facebook_image_id":"","twitter_title":"","twitter_description":"","twitter_image":"","twitter_image_id":"","twitter_card_type":"","twitter_use_facebook":"","advanced_robots":"","pillar_content":"","seo_score":"64","contentai_score":"","rich_snippet":""},"_links":{"self":[{"href":"https:\/\/dailynewshungary.com\/de\/wp-json\/wp\/v2\/posts\/741376","targetHints":{"allow":["GET"]}}],"collection":[{"href":"https:\/\/dailynewshungary.com\/de\/wp-json\/wp\/v2\/posts"}],"about":[{"href":"https:\/\/dailynewshungary.com\/de\/wp-json\/wp\/v2\/types\/post"}],"author":[{"embeddable":true,"href":"https:\/\/dailynewshungary.com\/de\/wp-json\/wp\/v2\/users\/13"}],"replies":[{"embeddable":true,"href":"https:\/\/dailynewshungary.com\/de\/wp-json\/wp\/v2\/comments?post=741376"}],"version-history":[{"count":0,"href":"https:\/\/dailynewshungary.com\/de\/wp-json\/wp\/v2\/posts\/741376\/revisions"}],"wp:featuredmedia":[{"embeddable":true,"href":"https:\/\/dailynewshungary.com\/de\/wp-json\/wp\/v2\/media\/741377"}],"wp:attachment":[{"href":"https:\/\/dailynewshungary.com\/de\/wp-json\/wp\/v2\/media?parent=741376"}],"wp:term":[{"taxonomy":"category","embeddable":true,"href":"https:\/\/dailynewshungary.com\/de\/wp-json\/wp\/v2\/categories?post=741376"},{"taxonomy":"post_tag","embeddable":true,"href":"https:\/\/dailynewshungary.com\/de\/wp-json\/wp\/v2\/tags?post=741376"}],"curies":[{"name":"wp","href":"https:\/\/api.w.org\/{rel}","templated":true}]}}