{"id":741384,"date":"2018-02-14T20:00:26","date_gmt":"2018-02-14T19:00:26","guid":{"rendered":"https:\/\/dailynewshungary.com\/de\/ungarn-eroffnet-botschaft-in-angola-wieder\/"},"modified":"2018-02-14T20:00:26","modified_gmt":"2018-02-14T19:00:26","slug":"ungarn-eroffnet-botschaft-in-angola-wieder","status":"publish","type":"post","link":"https:\/\/dailynewshungary.com\/de\/ungarn-eroffnet-botschaft-in-angola-wieder\/","title":{"rendered":"Ungarn er\u00f6ffnet Botschaft in Angola wieder"},"content":{"rendered":"<p><strong>Ungarn werde sich k\u00fcnftig verst\u00e4rkt auf Angola konzentrieren, sowohl aus wirtschaftlichen als auch aus Sicherheitsgr\u00fcnden, sagte der Au\u00dfenminister am Mittwoch in Luanda, noch vor der Wiederer\u00f6ffnung der ungarischen Botschaft.<\/strong><\/p>\n<p>Im Telefongespr\u00e4ch mit MTI sagte P\u00e9ter Szijj\u00e1rt\u00f3, dass Angola \u201eunglaubliche Anstrengungen unternehme, um den enormen Migrationsdruck aus den Nachbarl\u00e4ndern zu bek\u00e4mpfen\u201cEr bestand darauf, dass Europa die Bem\u00fchungen der L\u00e4nder w\u00fcrdigen sollte, \u201edie weder die Migrationsquelle sind noch Transitrouten f\u00fcr Migranten anbieten\u201d Er lobte die Bem\u00fchungen Angolas, seine wirtschaftliche Stabilit\u00e4t und Sicherheit zu gew\u00e4hrleisten, und sagte, \u201eAngola hat bewiesen, dass illegale Migration einged\u00e4mmt werden kann\u201d.<\/p>\n<blockquote>\n<p>Ungarn wird seine Sicherheitskooperation mit Angola erneuern und Schulungen f\u00fcr dieses Land anbieten <a href=\"https:\/\/darkgoldenrod-woodcock-377971.hostingersite.com\/tag\/military\" target=\"_blank\" rel=\"noopener noreferrer\">Milit\u00e4r <\/a>Offiziere, sagte Szijj\u00e1rt\u00f3.<\/p>\n<\/blockquote>\n<p>Bez\u00fcglich des bilateralen Handels sagte Szijj\u00e1rt\u00f3, dass sich sein Umsatz im Jahr 2017 auf \u00fcber 80 Millionen Dollar verzwanzigfacht habe. Er f\u00fcgte hinzu, dass Energie- und Wassermanagement weitere M\u00f6glichkeiten der Zusammenarbeit biete. Die ungarische Eximbank habe eine Kreditlinie in H\u00f6he von 172 Millionen Dollar er\u00f6ffnet, um Angolas Elektrifizierungsprogramm zu unterst\u00fctzen, im Rahmen dessen dieses Land in Ungarn hergestellte Turbinen und Generatoren kaufen werde, sagte der Minister.<\/p>\n<p>Was die Wasserbewirtschaftung betrifft, sagte Szijj\u00e1rt\u00f3, dass Angola plane, ungarische Unternehmen mit der Sicherstellung des Alkoholkonsums zu beauftragen <a href=\"https:\/\/darkgoldenrod-woodcock-377971.hostingersite.com\/tag\/water\" target=\"_blank\" rel=\"noopener noreferrer\">Wasser<\/a> Versorgung von 43 ihrer regionalen Zentren Auch die Eximbank werde dieses Programm unterst\u00fctzen, f\u00fcgte er hinzu.<\/p>\n<p>W\u00e4hrend seines Besuchs in Angola traf Szijj\u00e1rt\u00f3 den angolanischen Vizepr\u00e4sidenten, den Sprecher des Repr\u00e4sentantenhauses, seinen Amtskollegen und andere hochrangige Beamte und unterzeichnete mehrere bilaterale Abkommen.<\/p>\n<p><em>Bild vorgestellt: MTI<\/em><\/p>\n","protected":false},"excerpt":{"rendered":"<p>Ungarn werde sich k\u00fcnftig verst\u00e4rkt auf Angola konzentrieren, sowohl aus wirtschaftlichen als auch aus Sicherheitsgr\u00fcnden, sagte der Au\u00dfenminister am Mittwoch in Luanda, noch vor der Wiederer\u00f6ffnung der ungarischen Botschaft. Im Telefongespr\u00e4ch mit MTI sagte P\u00e9ter Szijj\u00e1rt\u00f3, dass Angola \u201eunglaubliche Anstrengungen unternehme, um den enormen Migrationsdruck aus den Nachbarl\u00e4ndern zu bek\u00e4mpfen\u201cEr bestand darauf, dass Europa die [&hellip;]<\/p>\n","protected":false},"author":13,"featured_media":741385,"comment_status":"open","ping_status":"open","sticky":false,"template":"","format":"standard","meta":{"_acf_changed":false,"_display_image":"","footnotes":""},"categories":[1081],"tags":[1155,1545,1132,1546,1076,1104],"class_list":["post-741384","post","type-post","status-publish","format-standard","has-post-thumbnail","hentry","category-politik","tag-afrika","tag-ausenpolitik","tag-diplomatie","tag-ministerium-fur-ungarn","tag-ungarn","tag-wirtschaft"],"blocksy_meta":[],"acf":[],"author_username":"kovacszsoka","telegram_post":"","public_post_metadata":{"breaking_news":"","important":"","csempe":"","center_tile":"","disable_thumbnail":"","target_lang":"","_featured_image_style":"","telegram_post":"","_xlat_group_id":""},"public_rank_math_data":{"title":"%title% %sep% %sitename%","description":"Ungarn werde sich k\u00fcnftig verst\u00e4rkt auf Angola konzentrieren, sowohl aus wirtschaftlichen als auch aus Sicherheitsgr\u00fcnden, da es \"bewiesen hat, dass illegale Migration einged\u00e4mmt werden kann\"","focus_keyword":"Angola","canonical_url":"","robots":"","primary_category":"1081","breadcrumb_title":"","facebook_title":"","facebook_description":"","facebook_image":"","facebook_image_id":"","twitter_title":"","twitter_description":"","twitter_image":"","twitter_image_id":"","twitter_card_type":"","twitter_use_facebook":"","advanced_robots":"","pillar_content":"","seo_score":"58","contentai_score":"","rich_snippet":""},"_links":{"self":[{"href":"https:\/\/dailynewshungary.com\/de\/wp-json\/wp\/v2\/posts\/741384","targetHints":{"allow":["GET"]}}],"collection":[{"href":"https:\/\/dailynewshungary.com\/de\/wp-json\/wp\/v2\/posts"}],"about":[{"href":"https:\/\/dailynewshungary.com\/de\/wp-json\/wp\/v2\/types\/post"}],"author":[{"embeddable":true,"href":"https:\/\/dailynewshungary.com\/de\/wp-json\/wp\/v2\/users\/13"}],"replies":[{"embeddable":true,"href":"https:\/\/dailynewshungary.com\/de\/wp-json\/wp\/v2\/comments?post=741384"}],"version-history":[{"count":0,"href":"https:\/\/dailynewshungary.com\/de\/wp-json\/wp\/v2\/posts\/741384\/revisions"}],"wp:featuredmedia":[{"embeddable":true,"href":"https:\/\/dailynewshungary.com\/de\/wp-json\/wp\/v2\/media\/741385"}],"wp:attachment":[{"href":"https:\/\/dailynewshungary.com\/de\/wp-json\/wp\/v2\/media?parent=741384"}],"wp:term":[{"taxonomy":"category","embeddable":true,"href":"https:\/\/dailynewshungary.com\/de\/wp-json\/wp\/v2\/categories?post=741384"},{"taxonomy":"post_tag","embeddable":true,"href":"https:\/\/dailynewshungary.com\/de\/wp-json\/wp\/v2\/tags?post=741384"}],"curies":[{"name":"wp","href":"https:\/\/api.w.org\/{rel}","templated":true}]}}