{"id":741411,"date":"2018-02-13T21:00:22","date_gmt":"2018-02-13T20:00:22","guid":{"rendered":"https:\/\/dailynewshungary.com\/de\/bewegung-ehemaliger-regierungsbeamter-fordert-eine-debatte-uber-premierministerkandidaten\/"},"modified":"2018-02-13T21:00:22","modified_gmt":"2018-02-13T20:00:22","slug":"bewegung-ehemaliger-regierungsbeamter-fordert-eine-debatte-uber-premierministerkandidaten","status":"publish","type":"post","link":"https:\/\/dailynewshungary.com\/de\/bewegung-ehemaliger-regierungsbeamter-fordert-eine-debatte-uber-premierministerkandidaten\/","title":{"rendered":"Bewegung ehemaliger Regierungsbeamter fordert eine Debatte \u00fcber Premierministerkandidaten"},"content":{"rendered":"<p><strong>Eine selbstgenannte Oppositionsberatungsgruppe bestehend aus ehemaligen Ministern und Regierungsbeamten hat vorgeschlagen, live im Fernsehen \u00fcbertragene Debatten von Ministerpr\u00e4sidenten und Politikexperten abzuhalten.<\/strong><\/p>\n<p>Mitglieder der k\u00fcrzlich gegr\u00fcndeten Gruppe V\u00e1lasszunk! 2018 (Lasst uns abstimmen! 2018 2018 2018 2018 \u2013 V18) erl\u00e4uterten ihren Vorschlag auf einer Pressekonferenz am Dienstag und sagten, die Debatten der Politikexperten w\u00fcrden in drei Segmente unterteilt, die sich jeweils auf eine Vielzahl spezifischer politischer Themen konzentrieren w\u00fcrden. Anschlie\u00dfend w\u00fcrde eine Debatte zwischen den PM-Kandidaten der Fraktionen stattfinden, die die h\u00f6chsten Chancen auf die Bildung einer Fraktion haben.<\/p>\n<p>Ungarns aktueller Wahlprozess \u201cin dringender Not\u201d eines zweiten Wahlgangs, ehem <a href=\"https:\/\/darkgoldenrod-woodcock-377971.hostingersite.com\/tag\/European-Commission\" target=\"_blank\" rel=\"noopener\">Europakommissar<\/a> und <a href=\"https:\/\/darkgoldenrod-woodcock-377971.hostingersite.com\/tag\/ministry-of-foreign-affairs\" target=\"_blank\" rel=\"noopener\">Au\u00dfenminister<\/a> P\u00e9ter Bal\u00e1zs sagte. \u201eSein Fehlen hat eine schwerwiegende verzerrende Wirkung auf das Rennen. Daraus folgt, dass ein Ein-Runden-Wahlsystem insbesondere Debatten erfordert, sagte Bal\u00e1zs.<\/p>\n<blockquote>\n<p>\u201cOhne Manifest kann man nicht zur Wahl antreten und es kann keine Wahl ohne Debatten geben\u201d, sagte er.<\/p>\n<\/blockquote>\n<p>Bal\u00e1zs sagte, V18 werde es den an den Debatten beteiligten Parteien und Medien \u00fcberlassen, die Regeln der Debatten auszuarbeiten.<\/p>\n<p>Bal\u00e1zs kommentierte den Vorschlag, dass die Regierungsparteien niemals einer Teilnahme an den Debatten zustimmen w\u00fcrden, und sagte, es gebe international erprobte L\u00f6sungen f\u00fcr ein solches Szenario. Als Beispiel schlug er vor, dass Organisatoren Clips fr\u00fcherer Bemerkungen von Politikern zu einem bestimmten Thema abspielen k\u00f6nnten, die nicht anwesend sind in der Debatte.<\/p>\n<p><em>Bild vorgestellt: MTI<\/em><\/p>\n","protected":false},"excerpt":{"rendered":"<p>Eine selbstgenannte Oppositionsberatungsgruppe bestehend aus ehemaligen Ministern und Regierungsbeamten hat vorgeschlagen, live im Fernsehen \u00fcbertragene Debatten von Ministerpr\u00e4sidenten und Politikexperten abzuhalten. Mitglieder der k\u00fcrzlich gegr\u00fcndeten Gruppe V\u00e1lasszunk! 2018 (Lasst uns abstimmen! 2018 2018 2018 2018 \u2013 V18) erl\u00e4uterten ihren Vorschlag auf einer Pressekonferenz am Dienstag und sagten, die Debatten der Politikexperten w\u00fcrden in drei Segmente [&hellip;]<\/p>\n","protected":false},"author":13,"featured_media":741412,"comment_status":"open","ping_status":"open","sticky":false,"template":"","format":"standard","meta":{"_acf_changed":false,"_display_image":"","footnotes":""},"categories":[1081],"tags":[2299,1447,3695],"class_list":["post-741411","post","type-post","status-publish","format-standard","has-post-thumbnail","hentry","category-politik","tag-tv","tag-wahl","tag-wahl-2018"],"blocksy_meta":[],"acf":[],"author_username":"kovacszsoka","telegram_post":"","public_post_metadata":{"breaking_news":"","important":"","csempe":"","center_tile":"","disable_thumbnail":"","target_lang":"","_featured_image_style":"","telegram_post":"","_xlat_group_id":""},"public_rank_math_data":{"title":"%title% %sep% %sitename%","description":"Eine Oppositionsberatungsgruppe bestehend aus ehemaligen Ministern und Regierungsbeamten hat vorgeschlagen, live im Fernsehen \u00fcbertragene Debatten \u00fcber Premierminister abzuhalten","focus_keyword":"Debatte","canonical_url":"","robots":"","primary_category":"1081","breadcrumb_title":"","facebook_title":"","facebook_description":"","facebook_image":"","facebook_image_id":"","twitter_title":"","twitter_description":"","twitter_image":"","twitter_image_id":"","twitter_card_type":"","twitter_use_facebook":"","advanced_robots":"","pillar_content":"","seo_score":"53","contentai_score":"","rich_snippet":""},"_links":{"self":[{"href":"https:\/\/dailynewshungary.com\/de\/wp-json\/wp\/v2\/posts\/741411","targetHints":{"allow":["GET"]}}],"collection":[{"href":"https:\/\/dailynewshungary.com\/de\/wp-json\/wp\/v2\/posts"}],"about":[{"href":"https:\/\/dailynewshungary.com\/de\/wp-json\/wp\/v2\/types\/post"}],"author":[{"embeddable":true,"href":"https:\/\/dailynewshungary.com\/de\/wp-json\/wp\/v2\/users\/13"}],"replies":[{"embeddable":true,"href":"https:\/\/dailynewshungary.com\/de\/wp-json\/wp\/v2\/comments?post=741411"}],"version-history":[{"count":0,"href":"https:\/\/dailynewshungary.com\/de\/wp-json\/wp\/v2\/posts\/741411\/revisions"}],"wp:featuredmedia":[{"embeddable":true,"href":"https:\/\/dailynewshungary.com\/de\/wp-json\/wp\/v2\/media\/741412"}],"wp:attachment":[{"href":"https:\/\/dailynewshungary.com\/de\/wp-json\/wp\/v2\/media?parent=741411"}],"wp:term":[{"taxonomy":"category","embeddable":true,"href":"https:\/\/dailynewshungary.com\/de\/wp-json\/wp\/v2\/categories?post=741411"},{"taxonomy":"post_tag","embeddable":true,"href":"https:\/\/dailynewshungary.com\/de\/wp-json\/wp\/v2\/tags?post=741411"}],"curies":[{"name":"wp","href":"https:\/\/api.w.org\/{rel}","templated":true}]}}