{"id":741419,"date":"2018-02-13T17:24:23","date_gmt":"2018-02-13T16:24:23","guid":{"rendered":"https:\/\/dailynewshungary.com\/de\/regierungssprecher-eu-vorschriften-mussen-von-allen-mitgliedstaaten-beachtet-werden\/"},"modified":"2018-02-13T17:24:23","modified_gmt":"2018-02-13T16:24:23","slug":"regierungssprecher-eu-vorschriften-mussen-von-allen-mitgliedstaaten-beachtet-werden","status":"publish","type":"post","link":"https:\/\/dailynewshungary.com\/de\/regierungssprecher-eu-vorschriften-mussen-von-allen-mitgliedstaaten-beachtet-werden\/","title":{"rendered":"Regierungssprecher: EU-Vorschriften m\u00fcssen von allen Mitgliedstaaten beachtet werden"},"content":{"rendered":"<p><strong>Ungarn habe immer darauf bestanden, dass die Vorschriften der Europ\u00e4ischen Union von jedem Mitgliedstaat gleicherma\u00dfen eingehalten werden m\u00fcssten, und es gebe keinen Raum f\u00fcr Doppelmoral, sagte Regierungssprecher Zolt\u00e1n Kov\u00e1cs, nachdem er sich mit Journalisten, Parlamentsmitgliedern und Mitgliedern der ungarischen Gemeinschaft getroffen hatte die Niederlande.<\/strong><\/p>\n<p>Herr Kov\u00e1cs teilte der ungarischen Nachrichtenagentur MTI in einem Interview per Telefon mit, dass er in Amsterdam und Den Haag Gespr\u00e4che vor allem im Hinblick auf die Zukunft der EU und die illegale Einwanderung f\u00fchre, nach seinen Informationen sei es der Zweck seines Besuchs gewesen, die ungarische Position zu skizzieren und Meinungsmacher zu informieren.<\/p>\n<p>Er sagte, er habe bei seinen Treffen betont, dass \u201cUngarn, wenn es seine Grenzen sch\u00fctzt, ganz Europa sch\u00fctzt\u201d.<\/p>\n<p>Der Sprecher hielt eine Rede auf dem Campus der Universit\u00e4t Leiden in Den Haag, wo Studenten frei sein konnten, Fragen zu stellen. Er sagte, dass Studenten Vorw\u00fcrfe zitierten, die in der Innenpolitik Ungarns \u00fcblicherweise auftauchen. Diese Vorw\u00fcrfe \u201eerreichen auch die Niederlande und eine Reihe anderer L\u00e4nder in Europa durch Halbwahrheiten und verzerrte Spiegel\u201c\u201d.<\/p>\n<p>Er f\u00fcgte jedoch hinzu, dass seiner Erfahrung nach \u201ees m\u00f6glich ist, Licht auf die tats\u00e4chliche Natur der innenpolitischen Situation in Ungarn zu werfen, wenn gen\u00fcgend Zeit bleibt, auf die komplizierteren Details einzugehen\u201c.<\/p>\n<p>\u201cWenn wir Argumente, die auf politischen Absichten und Doppelmoral beruhen, entbl\u00f6\u00dfen und auf den Grundlagen des gesunden Menschenverstandes reden, verstehen auch die Menschen in den Niederlanden die ungarische Position\u201d, sagte er \u201cWir sind in der Lage, auf jede voreingenommene politische Meinung eine vern\u00fcnftige Antwort zu geben\u201d, wies er darauf hin.<\/p>\n<p>Zu dem ungarisch-niederl\u00e4ndischen diplomatischen Skandal, der letzten Sommer ausbrach, sagte Herr Kov\u00e1cs, dass es seiner Meinung nach seitdem gelungen sei, diesen Konflikt vollst\u00e4ndig zu l\u00f6sen.<\/p>\n<p>\u201cIch glaube, die Menschen haben erkannt, dass diplomatische Beziehungen dazu dienen, einander zu verstehen, anstatt sich gegenseitig in die Angelegenheiten einzumischen\u201d, sagte der Regierungssprecher und f\u00fcgte hinzu, dass zwischen den beiden L\u00e4ndern in einer Reihe von Fragen Einigkeit bestehe, einschlie\u00dflich der Bedeutung der Finanzdisziplin.<\/p>\n<p>Der bisherige niederl\u00e4ndische Botschafter in Ungarn sagte in einem Interview, das einer Zeitung gegeben wurde, dass extremistische Islamisten \u201cFeinde nach den gleichen Prinzipien wie die ungarische Regierung schaffen\u201d Als Reaktion auf diese Erkl\u00e4rung bestellte Ungarn seinen Botschafter in Den Haag zur Beratung nach Ungarn zur\u00fcckDer niederl\u00e4ndische Au\u00dfenminister distanzierte sich sp\u00e4ter von der skandal\u00f6sen \u00c4u\u00dferung.<\/p>\n<p>&nbsp;<\/p>\n","protected":false},"excerpt":{"rendered":"<p>Ungarn habe immer darauf bestanden, dass die Vorschriften der Europ\u00e4ischen Union von jedem Mitgliedstaat gleicherma\u00dfen eingehalten werden m\u00fcssten, und es gebe keinen Raum f\u00fcr Doppelmoral, sagte Regierungssprecher Zolt\u00e1n Kov\u00e1cs, nachdem er sich mit Journalisten, Parlamentsmitgliedern und Mitgliedern der ungarischen Gemeinschaft getroffen hatte die Niederlande. Herr Kov\u00e1cs teilte der ungarischen Nachrichtenagentur MTI in einem Interview per [&hellip;]<\/p>\n","protected":false},"author":13,"featured_media":741420,"comment_status":"open","ping_status":"open","sticky":false,"template":"","format":"standard","meta":{"_acf_changed":false,"_display_image":"","footnotes":""},"categories":[1081],"tags":[1082,1445],"class_list":["post-741419","post","type-post","status-publish","format-standard","has-post-thumbnail","hentry","category-politik","tag-europaische-union","tag-migration"],"blocksy_meta":[],"acf":[],"author_username":"kovacszsoka","telegram_post":"","public_post_metadata":{"breaking_news":"","important":"","csempe":"","center_tile":"","disable_thumbnail":"","target_lang":"","_featured_image_style":"","telegram_post":"","_xlat_group_id":""},"public_rank_math_data":{"title":"%title% %sep% %sitename%","description":"Zolt\u00e1n Kov\u00e1cs: Ungarn besteht darauf, dass die Vorschriften der EU von jedem Mitgliedstaat gleicherma\u00dfen eingehalten werden m\u00fcssen, und es gibt keinen Raum f\u00fcr Doppelmoral","focus_keyword":"Europ\u00e4ische Union","canonical_url":"","robots":"","primary_category":"1081","breadcrumb_title":"","facebook_title":"","facebook_description":"","facebook_image":"","facebook_image_id":"","twitter_title":"","twitter_description":"","twitter_image":"","twitter_image_id":"","twitter_card_type":"","twitter_use_facebook":"","advanced_robots":"","pillar_content":"","seo_score":"10","contentai_score":"","rich_snippet":""},"_links":{"self":[{"href":"https:\/\/dailynewshungary.com\/de\/wp-json\/wp\/v2\/posts\/741419","targetHints":{"allow":["GET"]}}],"collection":[{"href":"https:\/\/dailynewshungary.com\/de\/wp-json\/wp\/v2\/posts"}],"about":[{"href":"https:\/\/dailynewshungary.com\/de\/wp-json\/wp\/v2\/types\/post"}],"author":[{"embeddable":true,"href":"https:\/\/dailynewshungary.com\/de\/wp-json\/wp\/v2\/users\/13"}],"replies":[{"embeddable":true,"href":"https:\/\/dailynewshungary.com\/de\/wp-json\/wp\/v2\/comments?post=741419"}],"version-history":[{"count":0,"href":"https:\/\/dailynewshungary.com\/de\/wp-json\/wp\/v2\/posts\/741419\/revisions"}],"wp:featuredmedia":[{"embeddable":true,"href":"https:\/\/dailynewshungary.com\/de\/wp-json\/wp\/v2\/media\/741420"}],"wp:attachment":[{"href":"https:\/\/dailynewshungary.com\/de\/wp-json\/wp\/v2\/media?parent=741419"}],"wp:term":[{"taxonomy":"category","embeddable":true,"href":"https:\/\/dailynewshungary.com\/de\/wp-json\/wp\/v2\/categories?post=741419"},{"taxonomy":"post_tag","embeddable":true,"href":"https:\/\/dailynewshungary.com\/de\/wp-json\/wp\/v2\/tags?post=741419"}],"curies":[{"name":"wp","href":"https:\/\/api.w.org\/{rel}","templated":true}]}}