{"id":741607,"date":"2018-02-06T09:32:06","date_gmt":"2018-02-06T08:32:06","guid":{"rendered":"https:\/\/dailynewshungary.com\/de\/regierungssprecher-sagt-ungarn-sei-entschlossen-schlupflocher-fur-illegale-migration-zu-schliesen\/"},"modified":"2018-02-06T09:32:06","modified_gmt":"2018-02-06T08:32:06","slug":"regierungssprecher-sagt-ungarn-sei-entschlossen-schlupflocher-fur-illegale-migration-zu-schliesen","status":"publish","type":"post","link":"https:\/\/dailynewshungary.com\/de\/regierungssprecher-sagt-ungarn-sei-entschlossen-schlupflocher-fur-illegale-migration-zu-schliesen\/","title":{"rendered":"Regierungssprecher sagt, Ungarn sei entschlossen, Schlupfl\u00f6cher f\u00fcr illegale Migration zu schlie\u00dfen"},"content":{"rendered":"<p><strong>Wie schon in den letzten Jahren werde die ungarische Regierung weiterhin alles in ihrer Macht Stehende tun, um alle Schlupfl\u00f6cher zu schlie\u00dfen, die illegalen Migranten und denjenigen offen stehen, die illegale Migration organisieren und f\u00f6rdern, sagte der Regierungssprecher am Montag in Br\u00fcssel.<\/strong><\/p>\n<p>Nach der Erfahrung Ungarns \u201earbeiten\u201cselbsternannte\u201d Wohlt\u00e4tigkeits- oder Menschenrechtsorganisationen \u201enach einer ganz anderen politischen Agenda\u201d, sagte Zolt\u00e1n Kov\u00e1cs auf einer Pressekonferenz. Mit anderen Worten, sie helfen bei Pl\u00e4nen des US-Finanziers George Soros oder beim Migrationspaket der Vereinten Nationen, betonte Kov\u00e1cs.<\/p>\n<p>Angesichts der Tatsache, dass Ungarn sowohl sich selbst als auch die Europ\u00e4ische Union immer noch f\u00fcr f\u00e4hig h\u00e4lt, seine Grenzen zu sch\u00fctzen, werde es alles tun, um sicherzustellen, dass sie gesch\u00fctzt werden, sagte er.<\/p>\n<blockquote>\n<p>Ungarn k\u00f6nne bei Bedarf einen Zaun errichten, seine Polizei und seine Streitkr\u00e4fte verst\u00e4rken und das rechtliche Umfeld so gestalten, dass es seinen Zielen entspricht, f\u00fcgte Kov\u00e1cs hinzu.<\/p>\n<\/blockquote>\n<p>Zum Thema der <a href=\"https:\/\/dailynewshungary.com\/de\/orban-un-migrationsentwurf-sieht-so-aus-als-ware-er-aus-soros-plan-gestrichen-worden\/\" target=\"_blank\" rel=\"noopener\">Entwurf eines Dokuments der Vereinten Nationen zur Migration<\/a>\u201eEr sagte, die ungarische Regierung m\u00fcsse auf ungarische Interessen achten. Was am wichtigsten sei, sei, dass das Abschlussdokument den Interessen Ungarns zugute komme, sagte Kov\u00e1cs. Aber wenn dies nicht der Fall sein wird, werde Ungarn die notwendigen Schritte unternehmen, sagte er und f\u00fcgte hinzu, dass dies auch die v\u00f6llige Aufgabe der UN-Gespr\u00e4che beinhalten k\u00f6nnte.<\/p>\n<p>Ungarns Argument hinter seiner Position zum UN-Dokument sei, dass man glaube, dass die illegale Migration gestoppt werden k\u00f6nne, sagte Kov\u00e1csEine wirksame Methode sei der Bau von Grenzz\u00e4unen, sagte der Regierungssprecher und argumentierte, dass die Zahl der regelm\u00e4\u00dfigen Versuche einer illegalen Einreise nach Ungarn auf einen vernachl\u00e4ssigbaren Wert zur\u00fcckgegangen sei, da Ungarn einen Zaun an seiner Grenze zu Serbien errichtet habe Dar\u00fcber hinaus sei ein strengerer Rechtsrahmen erforderlich, um das globale Migrationsproblem zu regulieren, sagte Kov\u00e1cs.<\/p>\n<p>Was die EU-Erweiterung anbelangt, sagte er, der europ\u00e4ische Integrationsprozess sei unvollst\u00e4ndigW\u00e4hrend mehrere L\u00e4nder eine Strategie f\u00fcr die Balkanregion h\u00e4tten, tue dies die EU nicht, auch wenn die Schaffung von Stabilit\u00e4t in dieser Region zu den Priorit\u00e4ten der Union geh\u00f6ren sollte, sagte er.<\/p>\n<blockquote>\n<p>Ungarn glaubt <a href=\"https:\/\/dailynewshungary.com\/de\/auf-dem-balkan-montenegro-das-der-eu-integration-am-nachsten-steht-sagt-der-ungarische-prasident\/\" target=\"_blank\" rel=\"noopener\">Montenegro ist bereit, EU-Mitglied zu werden<\/a> und auch im Falle Serbiens sollten Fortschritte erzielt werden, f\u00fcgte Kov\u00e1cs hinzu.<\/p>\n<\/blockquote>\n<p>Der Regierungssprecher wurde zu den Europawahlen im n\u00e4chsten Jahr und der Ablehnung eines Vorschlags zur Verwendung gesamteurop\u00e4ischer Parteilisten durch die Visegrad-Gruppe befragt. Er sagte, dass einige zwar versuchten, die Opposition der V4 gegen den Vorschlag als einen Schritt zur Behinderung der Ziele des Blocks darzustellen, die Position der V4 jedoch ausschlie\u00dflich auf dem Vertrag \u00fcber die Europ\u00e4ische Union und damit verbundenen EU-Gesetzen beruhte Da in EU-Dokumenten keine Wahlbezirke und gesamteurop\u00e4ischen Parteilisten auf EU-Ebene erw\u00e4hnt werden, haben Ungarn, die Tschechische Republik, Polen und die Slowakei Zweifel daran, dass ein solches System funktionieren k\u00f6nnte oder sogar umgesetzt werden sollte, sagte Kov\u00e1cs.<\/p>\n<p><em>Bild vorgestellt: Gergely Bot\u00e1r\/kormany.hu<\/em><\/p>\n","protected":false},"excerpt":{"rendered":"<p>Wie schon in den letzten Jahren werde die ungarische Regierung weiterhin alles in ihrer Macht Stehende tun, um alle Schlupfl\u00f6cher zu schlie\u00dfen, die illegalen Migranten und denjenigen offen stehen, die illegale Migration organisieren und f\u00f6rdern, sagte der Regierungssprecher am Montag in Br\u00fcssel. Nach der Erfahrung Ungarns \u201earbeiten\u201cselbsternannte\u201d Wohlt\u00e4tigkeits- oder Menschenrechtsorganisationen \u201enach einer ganz anderen politischen [&hellip;]<\/p>\n","protected":false},"author":13,"featured_media":741608,"comment_status":"open","ping_status":"open","sticky":false,"template":"","format":"standard","meta":{"_acf_changed":false,"_display_image":"","footnotes":""},"categories":[1081],"tags":[1082,1445,1702,1638,1923],"class_list":["post-741607","post","type-post","status-publish","format-standard","has-post-thumbnail","hentry","category-politik","tag-europaische-union","tag-migration","tag-soros","tag-vereinigte-nationen","tag-visegrad-vier"],"blocksy_meta":[],"acf":[],"author_username":"kovacszsoka","telegram_post":"","public_post_metadata":{"breaking_news":"","important":"","csempe":"","center_tile":"","disable_thumbnail":"","target_lang":"","_featured_image_style":"","telegram_post":"","_xlat_group_id":""},"public_rank_math_data":{"title":"%title% %sep% %sitename%","description":"Kov\u00e1cs: Nach Ungarns Erfahrung arbeiten \"selbsternannte\" Wohlt\u00e4tigkeits - oder Menschenrechtsorganisationen \"nach einer ganz anderen Art politischer Agenda\"","focus_keyword":"Migration","canonical_url":"","robots":"","primary_category":"1081","breadcrumb_title":"","facebook_title":"","facebook_description":"","facebook_image":"","facebook_image_id":"","twitter_title":"","twitter_description":"","twitter_image":"","twitter_image_id":"","twitter_card_type":"","twitter_use_facebook":"","advanced_robots":"","pillar_content":"","seo_score":"58","contentai_score":"","rich_snippet":""},"_links":{"self":[{"href":"https:\/\/dailynewshungary.com\/de\/wp-json\/wp\/v2\/posts\/741607","targetHints":{"allow":["GET"]}}],"collection":[{"href":"https:\/\/dailynewshungary.com\/de\/wp-json\/wp\/v2\/posts"}],"about":[{"href":"https:\/\/dailynewshungary.com\/de\/wp-json\/wp\/v2\/types\/post"}],"author":[{"embeddable":true,"href":"https:\/\/dailynewshungary.com\/de\/wp-json\/wp\/v2\/users\/13"}],"replies":[{"embeddable":true,"href":"https:\/\/dailynewshungary.com\/de\/wp-json\/wp\/v2\/comments?post=741607"}],"version-history":[{"count":0,"href":"https:\/\/dailynewshungary.com\/de\/wp-json\/wp\/v2\/posts\/741607\/revisions"}],"wp:featuredmedia":[{"embeddable":true,"href":"https:\/\/dailynewshungary.com\/de\/wp-json\/wp\/v2\/media\/741608"}],"wp:attachment":[{"href":"https:\/\/dailynewshungary.com\/de\/wp-json\/wp\/v2\/media?parent=741607"}],"wp:term":[{"taxonomy":"category","embeddable":true,"href":"https:\/\/dailynewshungary.com\/de\/wp-json\/wp\/v2\/categories?post=741607"},{"taxonomy":"post_tag","embeddable":true,"href":"https:\/\/dailynewshungary.com\/de\/wp-json\/wp\/v2\/tags?post=741607"}],"curies":[{"name":"wp","href":"https:\/\/api.w.org\/{rel}","templated":true}]}}