{"id":741652,"date":"2018-02-04T12:30:03","date_gmt":"2018-02-04T11:30:03","guid":{"rendered":"https:\/\/dailynewshungary.com\/de\/siebenburgische-ungarn-wissen-wen-sie-wahlen-sollen-sagt-rmdsz-chef\/"},"modified":"2018-02-04T12:30:03","modified_gmt":"2018-02-04T11:30:03","slug":"siebenburgische-ungarn-wissen-wen-sie-wahlen-sollen-sagt-rmdsz-chef","status":"publish","type":"post","link":"https:\/\/dailynewshungary.com\/de\/siebenburgische-ungarn-wissen-wen-sie-wahlen-sollen-sagt-rmdsz-chef\/","title":{"rendered":"\u201eSiebenb\u00fcrgische Ungarn wissen, wen sie w\u00e4hlen sollen\u2019, sagt RMDSZ-Chef"},"content":{"rendered":"<p><strong>Es macht keinen Sinn, dass sozialistische und p\u00e1rbeszierte F\u00fchrer in Siebenb\u00fcrgen Wahlkampf machen, da ethnische Ungarn wissen, wen sie w\u00e4hlen sollen <a href=\"https:\/\/dailynewshungary.com\/de\/der-grose-britische-zuguberfall-wie-eine-15-kopfige-bande-1963-26-millionen-pfund-stahl\/\" target=\"_blank\" rel=\"noopener\">Ungarns bevorstehende Parlamentswahlen<\/a>\u201eHunor Kelemen, Anf\u00fchrer der ethnischen Gruppe <a href=\"https:\/\/dailynewshungary.com\/de\/der-grose-britische-zuguberfall-wie-eine-15-kopfige-bande-1963-26-millionen-pfund-stahl\/\" target=\"_blank\" rel=\"noopener\">Ungarische RMDSZ-Partei<\/a>\u201esagte das lokale Nachrichtenportal Maszol.ro am Samstag.&nbsp;<\/strong><\/p>\n<p>Am sp\u00e4ten Freitag f\u00fchrte Kelemen Gespr\u00e4che mit dem sozialistischen F\u00fchrer Gyula Moln\u00e1r und dem sozialistisch-paarrbeszierten Premierministerkandidaten Gergely Kar\u00e1csony \u00fcber die rum\u00e4nisch-ungarischen Beziehungen und die Bestrebungen der ungarischen Gemeinschaft.<\/p>\n<blockquote>\n<p>Kelemen erl\u00e4uterte die Position seiner Partei und sagte, dass die Politik des ungarischen Fidesz-Christdemokraten-B\u00fcndnisses gegen\u00fcber ungarischen Gemeinschaften im Ausland \u201cgut sei und fortgesetzt werden sollte\u201d.<\/p>\n<\/blockquote>\n<p>\u201cSie haben mich gefragt, was sie w\u00e4hrend des Wahlkampfs in Siebenb\u00fcrgen tun sollten. Ich habe ihnen aufrichtig gesagt, dass nichts. Wahlkampf ist f\u00fcr sie Zeit- und Energieverschwendung, da die Ungarn in Siebenb\u00fcrgen klar wissen, wen sie w\u00e4hlen werden\u201d, sagte Kelemen.<\/p>\n<h2>Molnar: Linker Fl\u00fcgel zielt darauf ab, die Beziehungen zu ethnischen ungarischen Gemeinschaften wieder aufzubauen<\/h2>\n<p>Der ungarische linke Fl\u00fcgel strebt danach, eine neue Art von Beziehung zu ethnischen ungarischen Gemeinschaften in den Nachbarl\u00e4ndern aufzubauen, die auf der Achtung erworbener Rechte und Transparenz bei der Unterst\u00fctzung der ungarischen Regierung basiert, sagte der sozialistische F\u00fchrer Gyula Moln\u00e1r in Targu Mures (Marosv\u00e1s\u00e1rhely) in Zentralrum\u00e4nien Samstag.<\/p>\n<p>\u201cEine vorhersehbarere, ruhigere und ausgewogenere Politik f\u00fcr ungarische Gemeinschaften im Ausland w\u00fcrde bessere Ergebnisse bringen\u201d, sagte er auf einer Pressekonferenz.<\/p>\n<p>Die Sozialisten begr\u00fc\u00dfen die j\u00fcngste Aufstockung der von Ungarn f\u00fcr diese Gemeinschaften bereitgestellten Mittel und w\u00fcrden die Unterst\u00fctzung nicht k\u00fcrzen, wenn sie an die Macht k\u00e4me, sagte Moln\u00e1rEr f\u00fcgte jedoch hinzu, dass die Transparenz der staatlichen Unterst\u00fctzung wiederhergestellt werden sollte.<\/p>\n<blockquote>\n<p>Moln\u00e1r bekr\u00e4ftigte, dass die Sozialisten nach ihrer Macht\u00fcbernahme das Wahlrecht ethnischer Ungarn im Ausland behalten w\u00fcrden.<\/p>\n<\/blockquote>\n<p>Gergely Kar\u00e1csony, der gemeinsame Premierministerkandidat der Sozialisten und der Parbeszed-Partei, sagte, dass das Wahlrecht ethnischer Ungarn im Ausland keineswegs entzogen werden d\u00fcrfe, \u201ewie einige Oppositionsparteien vorgeschlagen haben\u201c.<\/p>\n<p><em>Foto: facebook.com\/kelemenhunor.rmdsz<\/em><\/p>\n","protected":false},"excerpt":{"rendered":"<p>Es macht keinen Sinn, dass sozialistische und p\u00e1rbeszierte F\u00fchrer in Siebenb\u00fcrgen Wahlkampf machen, da ethnische Ungarn wissen, wen sie w\u00e4hlen sollen Ungarns bevorstehende Parlamentswahlen\u201eHunor Kelemen, Anf\u00fchrer der ethnischen Gruppe Ungarische RMDSZ-Partei\u201esagte das lokale Nachrichtenportal Maszol.ro am Samstag.&nbsp; Am sp\u00e4ten Freitag f\u00fchrte Kelemen Gespr\u00e4che mit dem sozialistischen F\u00fchrer Gyula Moln\u00e1r und dem sozialistisch-paarrbeszierten Premierministerkandidaten Gergely Kar\u00e1csony [&hellip;]<\/p>\n","protected":false},"author":2,"featured_media":741653,"comment_status":"open","ping_status":"open","sticky":false,"template":"","format":"standard","meta":{"_acf_changed":false,"_display_image":"","footnotes":""},"categories":[1081],"tags":[1755,1506,1695,3695],"class_list":["post-741652","post","type-post","status-publish","format-standard","has-post-thumbnail","hentry","category-politik","tag-rmdsz","tag-siebenburgen","tag-sozialisten","tag-wahl-2018"],"blocksy_meta":[],"acf":[],"author_username":"alk","telegram_post":"","public_post_metadata":{"breaking_news":"","important":"","csempe":"","center_tile":"","disable_thumbnail":"","target_lang":"","_featured_image_style":"","telegram_post":"","_xlat_group_id":""},"public_rank_math_data":{"title":"%title% %sep% %sitename%","description":"F\u00fcr sozialistische und p\u00e1rbeszierte F\u00fchrer macht es keinen Sinn, in Siebenb\u00fcrgen Wahlkampf zu machen, da ethnische Ungarn wissen, wen sie bei den ungarischen Parlamentswahlen w\u00e4hlen sollen.","focus_keyword":"Abstimmung","canonical_url":"","robots":"","primary_category":"1081","breadcrumb_title":"","facebook_title":"","facebook_description":"","facebook_image":"","facebook_image_id":"","twitter_title":"","twitter_description":"","twitter_image":"","twitter_image_id":"","twitter_card_type":"","twitter_use_facebook":"","advanced_robots":"","pillar_content":"","seo_score":"60","contentai_score":"","rich_snippet":""},"_links":{"self":[{"href":"https:\/\/dailynewshungary.com\/de\/wp-json\/wp\/v2\/posts\/741652","targetHints":{"allow":["GET"]}}],"collection":[{"href":"https:\/\/dailynewshungary.com\/de\/wp-json\/wp\/v2\/posts"}],"about":[{"href":"https:\/\/dailynewshungary.com\/de\/wp-json\/wp\/v2\/types\/post"}],"author":[{"embeddable":true,"href":"https:\/\/dailynewshungary.com\/de\/wp-json\/wp\/v2\/users\/2"}],"replies":[{"embeddable":true,"href":"https:\/\/dailynewshungary.com\/de\/wp-json\/wp\/v2\/comments?post=741652"}],"version-history":[{"count":0,"href":"https:\/\/dailynewshungary.com\/de\/wp-json\/wp\/v2\/posts\/741652\/revisions"}],"wp:featuredmedia":[{"embeddable":true,"href":"https:\/\/dailynewshungary.com\/de\/wp-json\/wp\/v2\/media\/741653"}],"wp:attachment":[{"href":"https:\/\/dailynewshungary.com\/de\/wp-json\/wp\/v2\/media?parent=741652"}],"wp:term":[{"taxonomy":"category","embeddable":true,"href":"https:\/\/dailynewshungary.com\/de\/wp-json\/wp\/v2\/categories?post=741652"},{"taxonomy":"post_tag","embeddable":true,"href":"https:\/\/dailynewshungary.com\/de\/wp-json\/wp\/v2\/tags?post=741652"}],"curies":[{"name":"wp","href":"https:\/\/api.w.org\/{rel}","templated":true}]}}