{"id":742368,"date":"2018-01-06T14:00:04","date_gmt":"2018-01-06T13:00:04","guid":{"rendered":"https:\/\/dailynewshungary.com\/de\/ungarischer-regierungsbeamter-befurwortet-das-christentum-um-den-verfall-der-westlichen-zivilisation-zu-stoppen\/"},"modified":"2018-01-06T14:00:04","modified_gmt":"2018-01-06T13:00:04","slug":"ungarischer-regierungsbeamter-befurwortet-das-christentum-um-den-verfall-der-westlichen-zivilisation-zu-stoppen","status":"publish","type":"post","link":"https:\/\/dailynewshungary.com\/de\/ungarischer-regierungsbeamter-befurwortet-das-christentum-um-den-verfall-der-westlichen-zivilisation-zu-stoppen\/","title":{"rendered":"Ungarischer Regierungsbeamter bef\u00fcrwortet das Christentum, um den \u201eVerfall\u2019 der westlichen Zivilisation zu stoppen"},"content":{"rendered":"<p><strong>Das Christentum \u201cwieder in den Mittelpunkt der kollektiven Identit\u00e4t\u201d zu r\u00fccken, ist die einzige M\u00f6glichkeit, den \u201cVerfall\u201d der westlichen Zivilisation aufzuhalten, erkl\u00e4rte Levente Magyar, Staatssekret\u00e4r von <a href=\"https:\/\/dailynewshungary.com\/de\/der-grose-britische-zuguberfall-wie-eine-15-kopfige-bande-1963-26-millionen-pfund-stahl\/\" target=\"_blank\" rel=\"noopener\">Ausw\u00e4rtige Angelegenheiten<\/a>\u2018sagte am Freitag.&nbsp;<\/strong><\/p>\n<p>Ungarn bem\u00fcht sich um die Einrichtung eines Systems, das auf <a href=\"https:\/\/dailynewshungary.com\/de\/der-grose-britische-zuguberfall-wie-eine-15-kopfige-bande-1963-26-millionen-pfund-stahl\/\" target=\"_blank\" rel=\"noopener\">Christliche Werte<\/a>\u201egarantiert Freiheiten und erkennt die W\u00fcrde und Leistungen des Einzelnen an, sagte Magyar in einem Vortrag anl\u00e4sslich des Gedenktages des Heiligen Thomas von Canterbury in Esztergom in Nordungarn.<\/p>\n<p>\u201cUnsere manchmal scharfen kritischen Bemerkungen bez\u00fcglich der M\u00e4ngel des europ\u00e4ischen Systems sind motiviert durch Sorge und Verantwortung f\u00fcr unsere gemeinsame Zukunft sowie das Bewusstsein, dass wir die wahre Sache aufgrund unseres Glaubens und nicht aufgrund momentaner Interessen vertreten\u201d, sagte er.<\/p>\n<blockquote>\n<p>Der Gedenktag wurde mit einem \u00f6kumenischen Gottesdienst an der Hangkapelle, die den Namen des Heiligen Thomas tr\u00e4gt, begangen.<\/p>\n<\/blockquote>\n<p>An der Veranstaltung nahmen Iain Lindsay, britischer Botschafter in Ungarn, und P\u00e9ter Szabadhegy, Ungarns ehemaliger Botschafter in Gro\u00dfbritannien, teil.<\/p>\n<p>Verbindungen zwischen den erzbisch\u00f6flichen Sitzen Esztergom und Canterbury gehen bis ins 12. Jahrhundert zur\u00fcck, als Thomas Becket und Luk\u00e1cs B\u00e1nfi, der sp\u00e4tere Erzbischof von Esztergom, w\u00e4hrend ihres Studiums in Paris eine Freundschaft schlossen. Einige der Reliquien des Heiligen wurden geborgen und ab 1538 in Esztergom aufbewahrt, nachdem K\u00f6nig Heinrich VIII. ihre Zerst\u00f6rung angeordnet hatte. Nach mehr als vier Jahrhunderten schenkte Kardinal L\u00e1szl\u00f3 Lekai einen Teil davon dem Erzbistum Canterbury.<\/p>\n","protected":false},"excerpt":{"rendered":"<p>Das Christentum \u201cwieder in den Mittelpunkt der kollektiven Identit\u00e4t\u201d zu r\u00fccken, ist die einzige M\u00f6glichkeit, den \u201cVerfall\u201d der westlichen Zivilisation aufzuhalten, erkl\u00e4rte Levente Magyar, Staatssekret\u00e4r von Ausw\u00e4rtige Angelegenheiten\u2018sagte am Freitag.&nbsp; Ungarn bem\u00fcht sich um die Einrichtung eines Systems, das auf Christliche Werte\u201egarantiert Freiheiten und erkennt die W\u00fcrde und Leistungen des Einzelnen an, sagte Magyar in [&hellip;]<\/p>\n","protected":false},"author":2,"featured_media":742369,"comment_status":"open","ping_status":"open","sticky":false,"template":"","format":"standard","meta":{"_acf_changed":false,"_display_image":"","footnotes":""},"categories":[1081],"tags":[1470,1134],"class_list":["post-742368","post","type-post","status-publish","format-standard","has-post-thumbnail","hentry","category-politik","tag-ausenministerium-fur-ungarn","tag-religion"],"blocksy_meta":[],"acf":[],"author_username":"alk","telegram_post":"","public_post_metadata":{"breaking_news":"","important":"","csempe":"","center_tile":"","disable_thumbnail":"","target_lang":"","_featured_image_style":"","telegram_post":"","_xlat_group_id":""},"public_rank_math_data":{"title":"%title% %sep% %sitename%","description":"Das Christentum \"wieder in den Mittelpunkt der kollektiven Identit\u00e4t\" zu stellen, ist die einzige M\u00f6glichkeit, den \"Verfall\" der westlichen Zivilisation aufzuhalten.","focus_keyword":"Christlichkeit","canonical_url":"","robots":"","primary_category":"1081","breadcrumb_title":"","facebook_title":"","facebook_description":"","facebook_image":"","facebook_image_id":"","twitter_title":"","twitter_description":"","twitter_image":"","twitter_image_id":"","twitter_card_type":"","twitter_use_facebook":"","advanced_robots":"","pillar_content":"","seo_score":"60","contentai_score":"","rich_snippet":""},"_links":{"self":[{"href":"https:\/\/dailynewshungary.com\/de\/wp-json\/wp\/v2\/posts\/742368","targetHints":{"allow":["GET"]}}],"collection":[{"href":"https:\/\/dailynewshungary.com\/de\/wp-json\/wp\/v2\/posts"}],"about":[{"href":"https:\/\/dailynewshungary.com\/de\/wp-json\/wp\/v2\/types\/post"}],"author":[{"embeddable":true,"href":"https:\/\/dailynewshungary.com\/de\/wp-json\/wp\/v2\/users\/2"}],"replies":[{"embeddable":true,"href":"https:\/\/dailynewshungary.com\/de\/wp-json\/wp\/v2\/comments?post=742368"}],"version-history":[{"count":0,"href":"https:\/\/dailynewshungary.com\/de\/wp-json\/wp\/v2\/posts\/742368\/revisions"}],"wp:featuredmedia":[{"embeddable":true,"href":"https:\/\/dailynewshungary.com\/de\/wp-json\/wp\/v2\/media\/742369"}],"wp:attachment":[{"href":"https:\/\/dailynewshungary.com\/de\/wp-json\/wp\/v2\/media?parent=742368"}],"wp:term":[{"taxonomy":"category","embeddable":true,"href":"https:\/\/dailynewshungary.com\/de\/wp-json\/wp\/v2\/categories?post=742368"},{"taxonomy":"post_tag","embeddable":true,"href":"https:\/\/dailynewshungary.com\/de\/wp-json\/wp\/v2\/tags?post=742368"}],"curies":[{"name":"wp","href":"https:\/\/api.w.org\/{rel}","templated":true}]}}