{"id":742904,"date":"2017-12-12T20:00:13","date_gmt":"2017-12-12T19:00:13","guid":{"rendered":"https:\/\/dailynewshungary.com\/de\/das-parlament-nimmt-eine-entschliesung-an-in-der-es-die-entscheidung-des-ep-zur-migration-ablehnt\/"},"modified":"2017-12-12T20:00:13","modified_gmt":"2017-12-12T19:00:13","slug":"das-parlament-nimmt-eine-entschliesung-an-in-der-es-die-entscheidung-des-ep-zur-migration-ablehnt","status":"publish","type":"post","link":"https:\/\/dailynewshungary.com\/de\/das-parlament-nimmt-eine-entschliesung-an-in-der-es-die-entscheidung-des-ep-zur-migration-ablehnt\/","title":{"rendered":"Das Parlament nimmt eine Entschlie\u00dfung an, in der es die Entscheidung des EP zur Migration ablehnt"},"content":{"rendered":"<p><strong>Das Parlament hat am Dienstag eine von Fidesz mit Urteil vorgeschlagene Entschlie\u00dfung angenommen, in der der Beschluss des Europ\u00e4ischen Parlaments vom 16. November \u00fcber obligatorische Quoten f\u00fcr die Neuansiedlung von Asylbewerbern abgelehnt wird.<\/strong><\/p>\n<p>Die Resolution wurde mit 142 Ja-Stimmen bei 3 Nein-Stimmen angenommenDie Sozialisten, die linke Demokratische Koalition und die gr\u00fcne LMP stimmten nicht.<\/p>\n<p>Fidesz-Vizechef Szil\u00e1rd N\u00e9meth sagte nach der Abstimmung auf einer Pressekonferenz, sie habe deutlich gemacht, dass \u201cder gesamte linke Fl\u00fcgel hinter dem Soros-Plan aufgereiht ist\u201d.<\/p>\n<p>Jobbik \u201cleugnet die Existenz des Soros-Plans an einem Tag und gibt sie am n\u00e4chsten zu\u201d, sagte N\u00e9meth, \u201cwas bei der Abstimmung passiert ist\u201d.<\/p>\n<blockquote>\n<p>Die Abstimmung habe deutlich gezeigt, wer den \u201cSoros-Plan\u201d unterst\u00fctze und wer die Interessen Ungarns und die Souver\u00e4nit\u00e4t des Landes verteidige, beharrte N\u00e9meth.<\/p>\n<\/blockquote>\n<p>Die patrotische Partei Jobbik sagte, sie unterst\u00fctze \u201c95 Prozent der Entschlie\u00dfung\u201d, f\u00fcgte aber auch hinzu, dass sie \u201ckeinen schriftlichen Beweis daf\u00fcr sehe, dass das Europ\u00e4ische Parlament diesen Plan umsetzt\u201d Auf einer Pressekonferenz argumentierte Jobbik-Vizegruppenchef G\u00e1bor Staudt, dass \u201cvon Person A, die Person B zustimmt, nicht folgt, dass man auf Anweisung des anderen handeln sollte\u201d<\/p>\n<p>Staudt sagte auch, \u201cw\u00e4hrend die Regierungsparteien versuchten, (der \u00d6ffentlichkeit) weiszumachen, dass die gesamte Opposition sich entschieden f\u00fcr Migration einsetzt\u201d Jobbik unterst\u00fctze die Resolution im Parlament.<\/p>\n","protected":false},"excerpt":{"rendered":"<p>Das Parlament hat am Dienstag eine von Fidesz mit Urteil vorgeschlagene Entschlie\u00dfung angenommen, in der der Beschluss des Europ\u00e4ischen Parlaments vom 16. November \u00fcber obligatorische Quoten f\u00fcr die Neuansiedlung von Asylbewerbern abgelehnt wird. Die Resolution wurde mit 142 Ja-Stimmen bei 3 Nein-Stimmen angenommenDie Sozialisten, die linke Demokratische Koalition und die gr\u00fcne LMP stimmten nicht. Fidesz-Vizechef [&hellip;]<\/p>\n","protected":false},"author":13,"featured_media":742905,"comment_status":"open","ping_status":"open","sticky":false,"template":"","format":"standard","meta":{"_acf_changed":false,"_display_image":"","footnotes":""},"categories":[1081],"tags":[1871,1445,1702],"class_list":["post-742904","post","type-post","status-publish","format-standard","has-post-thumbnail","hentry","category-politik","tag-migrantenquoten","tag-migration","tag-soros"],"blocksy_meta":[],"acf":[],"author_username":"kovacszsoka","telegram_post":"","public_post_metadata":{"breaking_news":"","important":"","csempe":"","center_tile":"","disable_thumbnail":"","target_lang":"","_featured_image_style":"","telegram_post":"","_xlat_group_id":""},"public_rank_math_data":{"title":"%title% %sep% %sitename%","description":"Das Parlament hat am Dienstag eine Entschlie\u00dfung angenommen, mit der der Beschluss des EP vom 16. November \u00fcber obligatorische Quoten f\u00fcr die Neuansiedlung von Asylbewerbern abgelehnt wird","focus_keyword":"Migration","canonical_url":"","robots":"","primary_category":"1081","breadcrumb_title":"","facebook_title":"","facebook_description":"","facebook_image":"","facebook_image_id":"","twitter_title":"","twitter_description":"","twitter_image":"","twitter_image_id":"","twitter_card_type":"","twitter_use_facebook":"","advanced_robots":"","pillar_content":"","seo_score":"51","contentai_score":"","rich_snippet":""},"_links":{"self":[{"href":"https:\/\/dailynewshungary.com\/de\/wp-json\/wp\/v2\/posts\/742904","targetHints":{"allow":["GET"]}}],"collection":[{"href":"https:\/\/dailynewshungary.com\/de\/wp-json\/wp\/v2\/posts"}],"about":[{"href":"https:\/\/dailynewshungary.com\/de\/wp-json\/wp\/v2\/types\/post"}],"author":[{"embeddable":true,"href":"https:\/\/dailynewshungary.com\/de\/wp-json\/wp\/v2\/users\/13"}],"replies":[{"embeddable":true,"href":"https:\/\/dailynewshungary.com\/de\/wp-json\/wp\/v2\/comments?post=742904"}],"version-history":[{"count":0,"href":"https:\/\/dailynewshungary.com\/de\/wp-json\/wp\/v2\/posts\/742904\/revisions"}],"wp:featuredmedia":[{"embeddable":true,"href":"https:\/\/dailynewshungary.com\/de\/wp-json\/wp\/v2\/media\/742905"}],"wp:attachment":[{"href":"https:\/\/dailynewshungary.com\/de\/wp-json\/wp\/v2\/media?parent=742904"}],"wp:term":[{"taxonomy":"category","embeddable":true,"href":"https:\/\/dailynewshungary.com\/de\/wp-json\/wp\/v2\/categories?post=742904"},{"taxonomy":"post_tag","embeddable":true,"href":"https:\/\/dailynewshungary.com\/de\/wp-json\/wp\/v2\/tags?post=742904"}],"curies":[{"name":"wp","href":"https:\/\/api.w.org\/{rel}","templated":true}]}}