{"id":743113,"date":"2017-12-05T11:31:28","date_gmt":"2017-12-05T10:31:28","guid":{"rendered":"https:\/\/dailynewshungary.com\/de\/fidesz-linker-flugel-hat-ethnische-ungarn-verletzt-vor-13-jahren-belebt-dk-hasskampagne-wieder\/"},"modified":"2017-12-05T11:31:28","modified_gmt":"2017-12-05T10:31:28","slug":"fidesz-linker-flugel-hat-ethnische-ungarn-verletzt-vor-13-jahren-belebt-dk-hasskampagne-wieder","status":"publish","type":"post","link":"https:\/\/dailynewshungary.com\/de\/fidesz-linker-flugel-hat-ethnische-ungarn-verletzt-vor-13-jahren-belebt-dk-hasskampagne-wieder\/","title":{"rendered":"Fidesz: Linker Fl\u00fcgel hat ethnische Ungarn verletzt Vor 13 Jahren belebt DK \u2018Hasskampagne\u2019 wieder"},"content":{"rendered":"<p><strong>Ein Funktion\u00e4r der regierenden ungarischen Fidesz-Partei sagte am Dienstag, der linke Fl\u00fcgel habe vor 13 Jahren beim Referendum \u00fcber die doppelte Staatsb\u00fcrgerschaft \u201cunverzeihlich\u201d ethnische Ungarn verletzt, und nun f\u00fchre die Demokratische Koalition (DK) erneut eine \u201cHasskampagne\u201d gegen sie.<\/strong><\/p>\n<p>Bal\u00e1zs Hidv\u00e9ghi, Kommunikationschef des Fidesz, sagte in einer Erkl\u00e4rung, dass Ferenc Gyurcs\u00e1ny, der ehemalige sozialistische Premierminister, der jetzt DK leitet, die Ungarn gegen die Ungarn aufgebracht habe, und aus diesem Grund das Referendum dar\u00fcber, ob ethnischen Ungarn, die jenseits der Grenze leben, eine doppelte Staatsb\u00fcrgerschaft gew\u00e4hrt werden solle Die im Dezember 2004 abgehaltene Veranstaltung war gescheitert.<\/p>\n<p>\u201cDreizehn Jahre nach diesem besch\u00e4menden Tag k\u00f6nnen wir sagen, dass dank des Fidesz-B\u00fcndnisses mit den Christdemokraten der Glaube an die ungarische Nation und die Zahl unserer B\u00fcrger gewachsen ist.<\/p>\n<blockquote>\n<p>Eine Million Ungarn im Ausland sind wieder legal Teil der ungarischen Nation geworden&#8230; Wir sind eine Million st\u00e4rker, hei\u00dft es in der Erkl\u00e4rung.<\/p>\n<\/blockquote>\n<p>Gleichzeitig habe sich der ungarische linke Fl\u00fcgel \u00fcberhaupt nicht ver\u00e4ndert, sagte Hidv\u00e9ghi \u201eDas Los von Gyurcs\u00e1ny hat erneut eine Hasskampagne gegen Ungarn jenseits der Grenze gestartet und sie wollen Massen von Migranten zulassen\u201c..\u201d, sagte er.<\/p>\n<p>In der Erkl\u00e4rung wurde hinzugef\u00fcgt, dass sich der radikale Nationalist Jobbik \u201cf\u00fcr Geld und Macht auf alles herablassen\u201d und ethnische Ungarn verraten w\u00fcrde. <a href=\"https:\/\/dailynewshungary.com\/de\/hat-sich-ungarns-jobbik-partei-im-laufe-der-jahre-verandert\/\" target=\"_blank\" rel=\"noopener\">Jobbik<\/a> F\u00fchrer<\/p>\n<blockquote>\n<p>G\u00e1bor Vona bittet nun den linken Fl\u00fcgel um Gef\u00e4lligkeiten und Jobbik-Politiker verletzen die Ungarn im Karpatenbecken, hie\u00df es weiter.<\/p>\n<\/blockquote>\n<p>Gyurcs\u00e1ny hat argumentiert, dass ethnische Ungarn nicht in Ungarn ans\u00e4ssig seien<a href=\"https:\/\/dailynewshungary.com\/de\/mpp-gyurcsany-fuhrt-einen-krieg-gegen-ethnische-ungarn\/\"> Stimmrecht nicht haben sollten<\/a> Bei den Parlamentswahlen in Ungarn Ein von der Fidesz gef\u00f6rdertes Gesetz erlaubt es ungarischen Staatsb\u00fcrgern, die sich au\u00dferhalb der Grenzen aufhalten, bei den Parlamentswahlen f\u00fcr Parteilisten zu stimmen.<\/p>\n<p><em>Bild vorgestellt: MTI<\/em><\/p>\n","protected":false},"excerpt":{"rendered":"<p>Ein Funktion\u00e4r der regierenden ungarischen Fidesz-Partei sagte am Dienstag, der linke Fl\u00fcgel habe vor 13 Jahren beim Referendum \u00fcber die doppelte Staatsb\u00fcrgerschaft \u201cunverzeihlich\u201d ethnische Ungarn verletzt, und nun f\u00fchre die Demokratische Koalition (DK) erneut eine \u201cHasskampagne\u201d gegen sie. Bal\u00e1zs Hidv\u00e9ghi, Kommunikationschef des Fidesz, sagte in einer Erkl\u00e4rung, dass Ferenc Gyurcs\u00e1ny, der ehemalige sozialistische Premierminister, der [&hellip;]<\/p>\n","protected":false},"author":13,"featured_media":743114,"comment_status":"open","ping_status":"open","sticky":false,"template":"","format":"standard","meta":{"_acf_changed":false,"_display_image":"","footnotes":""},"categories":[1081],"tags":[1222,1091,1632,1362,1267,1130,1447,3695],"class_list":["post-743113","post","type-post","status-publish","format-standard","has-post-thumbnail","hentry","category-politik","tag-demokratische-koalition","tag-fidesz","tag-jobbik","tag-karpatenbecken","tag-rechte","tag-ungarn-im-ausland","tag-wahl","tag-wahl-2018"],"blocksy_meta":[],"acf":[],"author_username":"kovacszsoka","telegram_post":"","public_post_metadata":{"breaking_news":"","important":"","csempe":"","center_tile":"","disable_thumbnail":"","target_lang":"","_featured_image_style":"","telegram_post":"","_xlat_group_id":""},"public_rank_math_data":{"title":"%title% %sep% %sitename%","description":"Der linke Fl\u00fcgel hatte vor 13 Jahren beim Referendum \u00fcber die doppelte Staatsb\u00fcrgerschaft \"unverzeihlich\" ethnische Ungarn verletzt und nun f\u00fchrt die DK eine \"Hasskampagne\"","focus_keyword":"fidesz","canonical_url":"","robots":"","primary_category":"1081","breadcrumb_title":"","facebook_title":"","facebook_description":"","facebook_image":"","facebook_image_id":"","twitter_title":"","twitter_description":"","twitter_image":"","twitter_image_id":"","twitter_card_type":"","twitter_use_facebook":"","advanced_robots":"","pillar_content":"","seo_score":"61","contentai_score":"","rich_snippet":""},"_links":{"self":[{"href":"https:\/\/dailynewshungary.com\/de\/wp-json\/wp\/v2\/posts\/743113","targetHints":{"allow":["GET"]}}],"collection":[{"href":"https:\/\/dailynewshungary.com\/de\/wp-json\/wp\/v2\/posts"}],"about":[{"href":"https:\/\/dailynewshungary.com\/de\/wp-json\/wp\/v2\/types\/post"}],"author":[{"embeddable":true,"href":"https:\/\/dailynewshungary.com\/de\/wp-json\/wp\/v2\/users\/13"}],"replies":[{"embeddable":true,"href":"https:\/\/dailynewshungary.com\/de\/wp-json\/wp\/v2\/comments?post=743113"}],"version-history":[{"count":0,"href":"https:\/\/dailynewshungary.com\/de\/wp-json\/wp\/v2\/posts\/743113\/revisions"}],"wp:featuredmedia":[{"embeddable":true,"href":"https:\/\/dailynewshungary.com\/de\/wp-json\/wp\/v2\/media\/743114"}],"wp:attachment":[{"href":"https:\/\/dailynewshungary.com\/de\/wp-json\/wp\/v2\/media?parent=743113"}],"wp:term":[{"taxonomy":"category","embeddable":true,"href":"https:\/\/dailynewshungary.com\/de\/wp-json\/wp\/v2\/categories?post=743113"},{"taxonomy":"post_tag","embeddable":true,"href":"https:\/\/dailynewshungary.com\/de\/wp-json\/wp\/v2\/tags?post=743113"}],"curies":[{"name":"wp","href":"https:\/\/api.w.org\/{rel}","templated":true}]}}