{"id":743310,"date":"2017-11-27T21:17:54","date_gmt":"2017-11-27T20:17:54","guid":{"rendered":"https:\/\/dailynewshungary.com\/de\/lmp-co-leiter-diskutiert-mit-dem-vorsitzenden-des-grunen-ep-uber-die-soziale-saule-der-eu\/"},"modified":"2017-11-27T21:17:54","modified_gmt":"2017-11-27T20:17:54","slug":"lmp-co-leiter-diskutiert-mit-dem-vorsitzenden-des-grunen-ep-uber-die-soziale-saule-der-eu","status":"publish","type":"post","link":"https:\/\/dailynewshungary.com\/de\/lmp-co-leiter-diskutiert-mit-dem-vorsitzenden-des-grunen-ep-uber-die-soziale-saule-der-eu\/","title":{"rendered":"LMP-Co-Leiter diskutiert mit dem Vorsitzenden des Gr\u00fcnen EP \u00fcber die soziale S\u00e4ule der EU"},"content":{"rendered":"<p><strong>Bernadett Sz\u00e9l, Co-Leiter von <a href=\"https:\/\/dailynewshungary.com\/de\/der-grose-britische-zuguberfall-wie-eine-15-kopfige-bande-1963-26-millionen-pfund-stahl\/\" target=\"_blank\" rel=\"noopener\">Gr\u00fcne Opposition LMP<\/a>, er\u00f6rterte mit Philippe Lamberts, dem Vorsitzenden der Gr\u00fcnen-EFA-Fraktion des Europ\u00e4ischen Parlaments, die S\u00e4ule der sozialen Rechte der Europ\u00e4ischen Union und das Verh\u00e4ltnis Ungarns zum Block.&nbsp;<\/strong><\/p>\n<p>Bei der S\u00e4ule der sozialen Rechte gehe es \u201eum die Bereitstellung neuer und wirksamerer Rechte f\u00fcr die B\u00fcrger\u201csagt die Europ\u00e4ische Kommission. \u201eEs umfasst Chancengleichheit und Zugang zum Arbeitsmarkt, faire Arbeitsbedingungen sowie sozialen Schutz und Inklusion.<\/p>\n<p>LMP unterst\u00fctze die S\u00e4uleninitiative voll und ganz, sagte Sz\u00e9l auf einer Pressekonferenz, die sie gemeinsam mit Lamberts abgehalten habe. Szel bestand au\u00dferdem darauf, dass Premierminister Viktor Orb\u00e1n die Idee hinter der Initiative \u201cbewusst verzerre\u201d.<\/p>\n<p>Soziale Angelegenheiten sollten auf EU-Ebene behandelt werden, sagte Sz\u00e9lEs sind menschenw\u00fcrdige Arbeitspl\u00e4tze, faire Bezahlung und sozialer Schutz europ\u00e4ische Werte, die alle B\u00fcrger f\u00fcr wichtig haltenf\u00fcgte sie hinzu.<\/p>\n<p>\u201cDas Europa des Kapitals muss durch das Europa der Menschen ersetzt werden\u201d, sagte Sz\u00e9l, \u201cso wie Ungarn einen Premierminister braucht, der die Interessen des Volkes und nicht das Kapital an die erste Stelle setzt\u201d.<\/p>\n<blockquote>\n<p>\u201cViktor Orb\u00e1n ist jedoch ein Mann des Kapitals\u201d, sagte sie.<\/p>\n<\/blockquote>\n<p>Unter den \u00c4nderungen, die Sz\u00e9l nach eigenen Angaben von der EU umsetzen m\u00fcsse, erw\u00e4hnte sie die Anhebung des Mindestlohns auf 60 Prozent des DurchschnittslohnsDer Block sollte auch spekulative Kapitalstr\u00f6me, Offshore-Firmen und \u201csch\u00e4dlichen\u201d Steuerwettbewerb bek\u00e4mpfen, sagte sie.<\/p>\n<p>Der LMP-Politiker forderte au\u00dferdem die Verabschiedung eines Arbeitsgesetzbuchs auf europ\u00e4ischer Ebene.<\/p>\n<p>Lamberts \u00e4u\u00dferte Bedenken wegen des von ihm so genannten \u201cpopulistischen Tons\u201d Orb\u00e1ns, Er nannte Orb\u00e1n und das Verh\u00e4ltnis der EU \u201cschwierig\u201d und f\u00fcgte hinzu, Ungarn sei \u201cpolitisch ver\u00e4nderungsbed\u00fcrftig\u201d.<\/p>\n<p>Er \u00e4u\u00dferte auch Bedenken hinsichtlich einer seiner Meinung nach immer engeren Beziehung zwischen der ungarischen Regierung und dem russischen Pr\u00e4sidenten Wladimir Putin und der Bevorzugung der Kernenergie durch die Regierung.<\/p>\n<blockquote>\n<p>\u201cKernenergie hat keine Zukunft\u201d, bestand Lamberts.<\/p>\n<\/blockquote>\n<p>Zum Thema der laufenden <a href=\"https:\/\/dailynewshungary.com\/de\/china-cee-gipfel-orban-chinas-wirtschaft-bietet-viele-chancen\/\" target=\"_blank\" rel=\"noopener\">China-CEE-Gipfel in Budapest<\/a>\u201eDer Fraktionsvorsitzende sagte, Europa m\u00fcsse ber\u00fccksichtigen, dass die CEE-Region mehr Investoren brauche.<\/p>\n<p>Der regierende Fidesz sagte, Sz\u00e9l habe Gespr\u00e4che \u201cmit Ablegern des [US-Finanziers George] Soros gef\u00fchrt &#8230; als k\u00e4men sie vom Band\u201d Die Partei sagte in einer Erkl\u00e4rung, dass \u201cLamberts als zuverl\u00e4ssiger Verb\u00fcndeter von George Soros\u201d \u201cauf Schritt und Tritt Ungarn angegriffen\u201d habe.<\/p>\n<p><em>Foto: MTI<\/em><\/p>\n","protected":false},"excerpt":{"rendered":"<p>Bernadett Sz\u00e9l, Co-Leiter von Gr\u00fcne Opposition LMP, er\u00f6rterte mit Philippe Lamberts, dem Vorsitzenden der Gr\u00fcnen-EFA-Fraktion des Europ\u00e4ischen Parlaments, die S\u00e4ule der sozialen Rechte der Europ\u00e4ischen Union und das Verh\u00e4ltnis Ungarns zum Block.&nbsp; Bei der S\u00e4ule der sozialen Rechte gehe es \u201eum die Bereitstellung neuer und wirksamerer Rechte f\u00fcr die B\u00fcrger\u201csagt die Europ\u00e4ische Kommission. \u201eEs umfasst [&hellip;]<\/p>\n","protected":false},"author":2,"featured_media":743311,"comment_status":"open","ping_status":"open","sticky":false,"template":"","format":"standard","meta":{"_acf_changed":false,"_display_image":"","footnotes":""},"categories":[1081],"tags":[1082,1873,1128],"class_list":["post-743310","post","type-post","status-publish","format-standard","has-post-thumbnail","hentry","category-politik","tag-europaische-union","tag-lmp","tag-viktor-orban"],"blocksy_meta":[],"acf":[],"author_username":"alk","telegram_post":"","public_post_metadata":{"breaking_news":"","important":"","csempe":"","center_tile":"","disable_thumbnail":"","target_lang":"","_featured_image_style":"","telegram_post":"","_xlat_group_id":""},"public_rank_math_data":{"title":"%title% %sep% %sitename%","description":"Sz\u00e9l, Co-Vorsitzender der gr\u00fcnen Opposition LMP, er\u00f6rterte die S\u00e4ule der sozialen Rechte der Europ\u00e4ischen Union und Ungarns Beziehung zum Block mit Lamberts","focus_keyword":"LMP","canonical_url":"","robots":"","primary_category":"1081","breadcrumb_title":"","facebook_title":"","facebook_description":"","facebook_image":"","facebook_image_id":"","twitter_title":"","twitter_description":"","twitter_image":"","twitter_image_id":"","twitter_card_type":"","twitter_use_facebook":"","advanced_robots":"","pillar_content":"","seo_score":"58","contentai_score":"","rich_snippet":""},"_links":{"self":[{"href":"https:\/\/dailynewshungary.com\/de\/wp-json\/wp\/v2\/posts\/743310","targetHints":{"allow":["GET"]}}],"collection":[{"href":"https:\/\/dailynewshungary.com\/de\/wp-json\/wp\/v2\/posts"}],"about":[{"href":"https:\/\/dailynewshungary.com\/de\/wp-json\/wp\/v2\/types\/post"}],"author":[{"embeddable":true,"href":"https:\/\/dailynewshungary.com\/de\/wp-json\/wp\/v2\/users\/2"}],"replies":[{"embeddable":true,"href":"https:\/\/dailynewshungary.com\/de\/wp-json\/wp\/v2\/comments?post=743310"}],"version-history":[{"count":0,"href":"https:\/\/dailynewshungary.com\/de\/wp-json\/wp\/v2\/posts\/743310\/revisions"}],"wp:featuredmedia":[{"embeddable":true,"href":"https:\/\/dailynewshungary.com\/de\/wp-json\/wp\/v2\/media\/743311"}],"wp:attachment":[{"href":"https:\/\/dailynewshungary.com\/de\/wp-json\/wp\/v2\/media?parent=743310"}],"wp:term":[{"taxonomy":"category","embeddable":true,"href":"https:\/\/dailynewshungary.com\/de\/wp-json\/wp\/v2\/categories?post=743310"},{"taxonomy":"post_tag","embeddable":true,"href":"https:\/\/dailynewshungary.com\/de\/wp-json\/wp\/v2\/tags?post=743310"}],"curies":[{"name":"wp","href":"https:\/\/api.w.org\/{rel}","templated":true}]}}