{"id":743476,"date":"2017-11-21T13:39:06","date_gmt":"2017-11-21T12:39:06","guid":{"rendered":"https:\/\/dailynewshungary.com\/de\/fm-szijjarto-migrationswelle-aus-myanmar-konnte-europa-erreichen\/"},"modified":"2017-11-21T13:39:06","modified_gmt":"2017-11-21T12:39:06","slug":"fm-szijjarto-migrationswelle-aus-myanmar-konnte-europa-erreichen","status":"publish","type":"post","link":"https:\/\/dailynewshungary.com\/de\/fm-szijjarto-migrationswelle-aus-myanmar-konnte-europa-erreichen\/","title":{"rendered":"FM Szijj\u00e1rt\u00f3: Migrationswelle aus Myanmar k\u00f6nnte Europa erreichen"},"content":{"rendered":"<p><strong>Mehrere Hunderttausende Migranten aus Myanmar k\u00f6nnten nach Europa ausreisen, wenn die Beh\u00f6rden die Lage dort nicht in den Griff bekommen, sagte Au\u00dfenminister P\u00e9ter Szijj\u00e1rt\u00f3 bei einem offiziellen Besuch am Dienstag.<\/strong><\/p>\n<p>Aus Naypyidaw, Myanmars Hauptstadt, sagte Szijj\u00e1rt\u00f3 telefonisch gegen\u00fcber MTI, dass \u201ees im Sicherheitsinteresse Europas und Ungarns liegt, einer Welle Hunderttausender Migranten aus Myanmar zuvorzukommen\u201c.<\/p>\n<p>\u201cAus diesem Grund unterst\u00fctzt Ungarn Myanmars Bem\u00fchungen, die aktuelle Situation zu \u00fcberwinden\u201d, sagte er und f\u00fcgte hinzu<\/p>\n<blockquote>\n<p>Ungarn unterst\u00fctzt Myanmars Reformen, die zum Aufbau des demokratischen institutionellen Systems und zur Stabilisierung der Wirtschaft des Landes erforderlich sind, um die politischen und wirtschaftlichen Ursachen der Migration zu \u00fcberwinden.<\/p>\n<\/blockquote>\n<p>Ungarn habe g\u00fcnstige Kredite f\u00fcr Projekte im Bereich Wassermanagement und Landwirtschaft angeboten, die aus Sicht der wirtschaftlichen Entwicklung wichtig seien, sagte er. Ungarn unterst\u00fctze Myanmar auch in internationalen Organisationen, f\u00fcgte er hinzu.<\/p>\n<blockquote>\n<p>Au\u00dferdem gebe es auf dem myanmarischen Markt mehrere ungarische Unternehmen, die die digitale Wirtschaft unterst\u00fctzen und so die Wettbewerbsf\u00e4higkeit des Landes steigern, sagte Szijj\u00e1rt\u00f3.<\/p>\n<\/blockquote>\n<p>Szijj\u00e1rt\u00f3 nahm vor der Veranstaltung am Asien-Europa-Treffen (ASEM) der Au\u00dfenminister teil <a href=\"https:\/\/dailynewshungary.com\/de\/europa-muss-eine-effiziente-zusammenarbeit-mit-asien-sicherstellen\/\">Bilaterale Gespr\u00e4che<\/a> In Myanmar mit dem Pr\u00e4sidenten, Bildungsminister und Handelsminister des Landes.<\/p>\n<p><em>Bild vorgestellt: MTI<\/em><\/p>\n","protected":false},"excerpt":{"rendered":"<p>Mehrere Hunderttausende Migranten aus Myanmar k\u00f6nnten nach Europa ausreisen, wenn die Beh\u00f6rden die Lage dort nicht in den Griff bekommen, sagte Au\u00dfenminister P\u00e9ter Szijj\u00e1rt\u00f3 bei einem offiziellen Besuch am Dienstag. Aus Naypyidaw, Myanmars Hauptstadt, sagte Szijj\u00e1rt\u00f3 telefonisch gegen\u00fcber MTI, dass \u201ees im Sicherheitsinteresse Europas und Ungarns liegt, einer Welle Hunderttausender Migranten aus Myanmar zuvorzukommen\u201c. \u201cAus [&hellip;]<\/p>\n","protected":false},"author":13,"featured_media":743477,"comment_status":"open","ping_status":"open","sticky":false,"template":"","format":"standard","meta":{"_acf_changed":false,"_display_image":"","footnotes":""},"categories":[1081],"tags":[1094,1445,1104],"class_list":["post-743476","post","type-post","status-publish","format-standard","has-post-thumbnail","hentry","category-politik","tag-asien","tag-migration","tag-wirtschaft"],"blocksy_meta":[],"acf":[],"author_username":"kovacszsoka","telegram_post":"","public_post_metadata":{"breaking_news":"","important":"","csempe":"","center_tile":"","disable_thumbnail":"","target_lang":"","_featured_image_style":"","telegram_post":"","_xlat_group_id":""},"public_rank_math_data":{"title":"%title% %sep% %sitename%","description":"Mehrere Hunderttausende Migranten aus Myanmar k\u00f6nnten nach Europa ausreisen, wenn die Beh\u00f6rden die Situation dort nicht in den Griff bekommen","focus_keyword":"Myanmar","canonical_url":"","robots":"","primary_category":"1081","breadcrumb_title":"","facebook_title":"","facebook_description":"","facebook_image":"","facebook_image_id":"","twitter_title":"","twitter_description":"","twitter_image":"","twitter_image_id":"","twitter_card_type":"","twitter_use_facebook":"","advanced_robots":"","pillar_content":"","seo_score":"59","contentai_score":"","rich_snippet":""},"_links":{"self":[{"href":"https:\/\/dailynewshungary.com\/de\/wp-json\/wp\/v2\/posts\/743476","targetHints":{"allow":["GET"]}}],"collection":[{"href":"https:\/\/dailynewshungary.com\/de\/wp-json\/wp\/v2\/posts"}],"about":[{"href":"https:\/\/dailynewshungary.com\/de\/wp-json\/wp\/v2\/types\/post"}],"author":[{"embeddable":true,"href":"https:\/\/dailynewshungary.com\/de\/wp-json\/wp\/v2\/users\/13"}],"replies":[{"embeddable":true,"href":"https:\/\/dailynewshungary.com\/de\/wp-json\/wp\/v2\/comments?post=743476"}],"version-history":[{"count":0,"href":"https:\/\/dailynewshungary.com\/de\/wp-json\/wp\/v2\/posts\/743476\/revisions"}],"wp:featuredmedia":[{"embeddable":true,"href":"https:\/\/dailynewshungary.com\/de\/wp-json\/wp\/v2\/media\/743477"}],"wp:attachment":[{"href":"https:\/\/dailynewshungary.com\/de\/wp-json\/wp\/v2\/media?parent=743476"}],"wp:term":[{"taxonomy":"category","embeddable":true,"href":"https:\/\/dailynewshungary.com\/de\/wp-json\/wp\/v2\/categories?post=743476"},{"taxonomy":"post_tag","embeddable":true,"href":"https:\/\/dailynewshungary.com\/de\/wp-json\/wp\/v2\/tags?post=743476"}],"curies":[{"name":"wp","href":"https:\/\/api.w.org\/{rel}","templated":true}]}}