{"id":743489,"date":"2017-11-20T21:00:07","date_gmt":"2017-11-20T20:00:07","guid":{"rendered":"https:\/\/dailynewshungary.com\/de\/bayern-zufrieden-mit-den-ungarischen-bilateralen-beziehungen\/"},"modified":"2017-11-20T21:00:07","modified_gmt":"2017-11-20T20:00:07","slug":"bayern-zufrieden-mit-den-ungarischen-bilateralen-beziehungen","status":"publish","type":"post","link":"https:\/\/dailynewshungary.com\/de\/bayern-zufrieden-mit-den-ungarischen-bilateralen-beziehungen\/","title":{"rendered":"Bayern zufrieden mit den ungarischen bilateralen Beziehungen"},"content":{"rendered":"<p><strong>Ministerpr\u00e4sident Viktor Orb\u00e1n nahm am Montag am ersten Teil eines Treffens zwischen einer Delegation des Ausschusses f\u00fcr Europaangelegenheiten des Bayerischen Parlaments und des Ausschusses f\u00fcr ausw\u00e4rtige Angelegenheiten des Ungarischen Parlaments teil, bei dem es um Migration, die Zukunft der Europ\u00e4ischen Union und bilaterale Beziehungen ging.<\/strong><\/p>\n<p>Zsolt N\u00e9meth, der Leiter des ungarischen Komitees, sagte der Presse w\u00e4hrend einer Sitzungspause, dass Bayern und Ungarn das Thema Migration auf \u00e4hnliche Weise angehen.<\/p>\n<p>\u201cEuropa vor Migration sch\u00fctzen zu k\u00f6nnen, ist f\u00fcr die langfristige Zukunft des Kontinents notwendig und der Schutz der Au\u00dfengrenzen ist die wichtigste gemeinsame Aufgabe\u201d, sagte er.<\/p>\n<blockquote>\n<p><span style=\"color: #3366ff;\">\u201cDieser ungarische Ansatz hat in den letzten Jahren zunehmend an europ\u00e4ischer und deutscher Anerkennung gewonnen\u201d, f\u00fcgte er hinzu.<\/span><\/p>\n<\/blockquote>\n<p>Die Migrantenverteilungsquote ist nach wie vor ein Thema, bei dem es Meinungsverschiedenheiten gibt, wobei Ungarn sie eindeutig ablehnt und gegen die Position verst\u00f6\u00dft, f\u00fcr die das Europ\u00e4ische Parlament k\u00fcrzlich gestimmt hat.<\/p>\n<p>\u201cWir vertrauen darauf, dass in naher Zukunft weitere Gespr\u00e4che \u00fcber dieses Thema gef\u00fchrt werden k\u00f6nnenWir wollen die Gesetzgeber davon \u00fcberzeugen, dass die obligatorische Verteilungsquote auf Dauer keine L\u00f6sung f\u00fcr Europa sein kann\u201d, sagte N\u00e9methDie Entscheidungsbefugnis \u00fcber Migration muss auf der Ebene der Mitgliedstaaten aufrechterhalten werden, wenn in dieser Angelegenheit ein Konsens erzielt werden kann, wird dies einen Durchbruch f\u00fcr die Zukunft Europas darstellenf\u00fcgte er hinzu.<\/p>\n<blockquote>\n<p><span style=\"color: #3366ff;\">Franz Rieger, Leiter des bayerischen Ausschusses, zeigte sich zufrieden mit den bilateralen Beziehungen<\/span><\/p>\n<\/blockquote>\n<p>und nahm die regelm\u00e4\u00dfigen Gespr\u00e4che zwischen Orb\u00e1n und dem bayerischen Amtskollegen Horst Seehofer zur Kenntnis.<\/p>\n<p>\u201cWir k\u00f6nnen dynamische Entwicklungen in den Wirtschaftsbeziehungen zwischen Deutschland und der <a href=\"https:\/\/dailynewshungary.com\/de\/der-grose-britische-zuguberfall-wie-eine-15-kopfige-bande-1963-26-millionen-pfund-stahl\/\" target=\"_blank\" rel=\"noopener\">Visegr\u00e1d-Gruppe<\/a>(die ihre Spuren in den politischen Bindungen hinterlassen F\u00fcr Bayern ist es wichtig, dass sich die europ\u00e4ischen Mitgliedstaaten im Einklang entwickeln Der franz\u00f6sische Pr\u00e4sident (Emmanuel) Macron und der Pr\u00e4sident der Europ\u00e4ischen Kommission (Jean-Claude) Juncker haben ihre Vorschl\u00e4ge f\u00fcr die Zukunft vorgelegt, und sie basieren auf der Einbeziehung aller Mitgliedstaaten Gleichzeitig muss die nationale Kulturhoheit der Mitgliedstaaten gewahrt bleiben, sagte er.<\/p>\n<p>Das Neue <a href=\"https:\/\/dailynewshungary.com\/de\/der-grose-britische-zuguberfall-wie-eine-15-kopfige-bande-1963-26-millionen-pfund-stahl\/\" target=\"_blank\" rel=\"noopener\">Deutsch<\/a> Regierung seit den Wahlen nicht mehr gebildet worden ist, so dass es noch keine offizielle deutsche Position zur Zukunft Europas gibt.<\/p>\n<p>\u201cDas Interesse Bayerns liegt in der Einheit Europas\u201d, f\u00fcgte er hinzu.<\/p>\n","protected":false},"excerpt":{"rendered":"<p>Ministerpr\u00e4sident Viktor Orb\u00e1n nahm am Montag am ersten Teil eines Treffens zwischen einer Delegation des Ausschusses f\u00fcr Europaangelegenheiten des Bayerischen Parlaments und des Ausschusses f\u00fcr ausw\u00e4rtige Angelegenheiten des Ungarischen Parlaments teil, bei dem es um Migration, die Zukunft der Europ\u00e4ischen Union und bilaterale Beziehungen ging. Zsolt N\u00e9meth, der Leiter des ungarischen Komitees, sagte der Presse [&hellip;]<\/p>\n","protected":false},"author":13,"featured_media":743490,"comment_status":"open","ping_status":"open","sticky":false,"template":"","format":"standard","meta":{"_acf_changed":false,"_display_image":"","footnotes":""},"categories":[1081],"tags":[1177,1445,1923,1104],"class_list":["post-743489","post","type-post","status-publish","format-standard","has-post-thumbnail","hentry","category-politik","tag-deutschland","tag-migration","tag-visegrad-vier","tag-wirtschaft"],"blocksy_meta":[],"acf":[],"author_username":"kovacszsoka","telegram_post":"","public_post_metadata":{"breaking_news":"","important":"","csempe":"","center_tile":"","disable_thumbnail":"","target_lang":"","_featured_image_style":"","telegram_post":"","_xlat_group_id":""},"public_rank_math_data":{"title":"%title% %sep% %sitename%","description":"Bayern (zufrieden mit den Wirtschaftsbeziehungen zwischen Deutschland und der Visegr\u00e1d-Gruppe) und Ungarn gehen das Thema Migration auf \u00e4hnliche Weise an.","focus_keyword":"Bawarien","canonical_url":"","robots":"","primary_category":"1081","breadcrumb_title":"","facebook_title":"","facebook_description":"","facebook_image":"","facebook_image_id":"","twitter_title":"","twitter_description":"","twitter_image":"","twitter_image_id":"","twitter_card_type":"","twitter_use_facebook":"","advanced_robots":"","pillar_content":"","seo_score":"63","contentai_score":"","rich_snippet":""},"_links":{"self":[{"href":"https:\/\/dailynewshungary.com\/de\/wp-json\/wp\/v2\/posts\/743489","targetHints":{"allow":["GET"]}}],"collection":[{"href":"https:\/\/dailynewshungary.com\/de\/wp-json\/wp\/v2\/posts"}],"about":[{"href":"https:\/\/dailynewshungary.com\/de\/wp-json\/wp\/v2\/types\/post"}],"author":[{"embeddable":true,"href":"https:\/\/dailynewshungary.com\/de\/wp-json\/wp\/v2\/users\/13"}],"replies":[{"embeddable":true,"href":"https:\/\/dailynewshungary.com\/de\/wp-json\/wp\/v2\/comments?post=743489"}],"version-history":[{"count":0,"href":"https:\/\/dailynewshungary.com\/de\/wp-json\/wp\/v2\/posts\/743489\/revisions"}],"wp:featuredmedia":[{"embeddable":true,"href":"https:\/\/dailynewshungary.com\/de\/wp-json\/wp\/v2\/media\/743490"}],"wp:attachment":[{"href":"https:\/\/dailynewshungary.com\/de\/wp-json\/wp\/v2\/media?parent=743489"}],"wp:term":[{"taxonomy":"category","embeddable":true,"href":"https:\/\/dailynewshungary.com\/de\/wp-json\/wp\/v2\/categories?post=743489"},{"taxonomy":"post_tag","embeddable":true,"href":"https:\/\/dailynewshungary.com\/de\/wp-json\/wp\/v2\/tags?post=743489"}],"curies":[{"name":"wp","href":"https:\/\/api.w.org\/{rel}","templated":true}]}}