{"id":743505,"date":"2017-11-20T13:30:10","date_gmt":"2017-11-20T12:30:10","guid":{"rendered":"https:\/\/dailynewshungary.com\/de\/auch-die-ungarischen-linken-europaabgeordneten-stimmten-fur-die-punkte-des-soros-plans\/"},"modified":"2017-11-20T13:30:10","modified_gmt":"2017-11-20T12:30:10","slug":"auch-die-ungarischen-linken-europaabgeordneten-stimmten-fur-die-punkte-des-soros-plans","status":"publish","type":"post","link":"https:\/\/dailynewshungary.com\/de\/auch-die-ungarischen-linken-europaabgeordneten-stimmten-fur-die-punkte-des-soros-plans\/","title":{"rendered":"Auch die ungarischen linken Europaabgeordneten stimmten f\u00fcr die Punkte des Soros-Plans"},"content":{"rendered":"<p><strong>Laut dem Staatsminister f\u00fcr Regierungsmitteilung Bence Tuzson ist es bedauerlich, dass auch ungarische linke Europaabgeordnete f\u00fcr die Punkte des Soros-Plans gestimmt haben.<\/strong><\/p>\n<p>In seiner Rede in der Sendung \u00fcber aktuelle Ereignisse des ungarischen M1-Fernsehens am Freitagabend reagierte Herr Tuzson darauf, dass am Donnerstag die <a href=\"https:\/\/dailynewshungary.com\/de\/europaisches-parlament-das-soros-plan-umsetzt-sagt-orban-in-brussel\/\" target=\"_blank\" rel=\"noopener\">Europ\u00e4isches Parlament<\/a>\u2018s Plenartagung billigte das Verhandlungsmandat \u00fcber das von seinem Ausschuss f\u00fcr b\u00fcrgerliche Freiheiten, Justiz und Inneres (LIBE) im Oktober verabschiedete Dubliner Asylreformpaket.<\/p>\n<blockquote>\n<p><span style=\"color: #3366ff;\">Der Staatsminister sagte, dass EU-Staats- und Regierungschefs und ungarische linke Europaabgeordnete alle sagen, dass der Soros-Plan nicht existiert, aber wenn seine Punkte auftauchen, \u201e<a href=\"https:\/\/dailynewshungary.com\/de\/orban-soros-netzwerk-hat-in-brussel-einen-gewaltigen-einfluss\/\" target=\"_blank\" rel=\"noopener\">Sie alle dr\u00fccken den &#8216;Ja&#8217;-Knopf<\/a>\u201d und unterst\u00fctzen dessen Umsetzung.<\/span><\/p>\n<\/blockquote>\n<p>Weiter sagte er, es gehe hier um die Einf\u00fchrung eines obligatorischen Umsiedlungssystems ohne Obergrenze, die Vereinfachung des Familienzusammenf\u00fchrungsprozesses, die \u00d6ffnung der Grenzen und die \u201cBestrafung\u201d derjenigen, die sich an all dem nicht beteiligen wollen Diejenigen, die bereits hier sind oder in die EU einreisen wollen, w\u00fcrden in diese L\u00e4nder geleitet, f\u00fcgte Herr Tuzson hinzu.<\/p>\n<p>Herr Tuzson wies unter Bezugnahme auf die Nationale Konsultation darauf hin, dass es m\u00f6glich sei, die Annahme einer Verordnung auf der Grundlage des Reformpakets zu verhindern, aber \u201ceine Regierung wird daf\u00fcr nicht ausreichen\u201d.<\/p>\n<blockquote>\n<p><span style=\"color: #3366ff;\">Wenn sich das ungarische Volk jedoch zusammenschlie\u00dft, wird es dazu in der Lage sein <\/span>Halt<span style=\"color: #3366ff;\"> \u201cdiese Idee von Br\u00fcssel\u201d zusammen.<\/span><\/p>\n<\/blockquote>\n","protected":false},"excerpt":{"rendered":"<p>Laut dem Staatsminister f\u00fcr Regierungsmitteilung Bence Tuzson ist es bedauerlich, dass auch ungarische linke Europaabgeordnete f\u00fcr die Punkte des Soros-Plans gestimmt haben. In seiner Rede in der Sendung \u00fcber aktuelle Ereignisse des ungarischen M1-Fernsehens am Freitagabend reagierte Herr Tuzson darauf, dass am Donnerstag die Europ\u00e4isches Parlament\u2018s Plenartagung billigte das Verhandlungsmandat \u00fcber das von seinem Ausschuss [&hellip;]<\/p>\n","protected":false},"author":13,"featured_media":743506,"comment_status":"open","ping_status":"open","sticky":false,"template":"","format":"standard","meta":{"_acf_changed":false,"_display_image":"","footnotes":""},"categories":[1081],"tags":[1082],"class_list":["post-743505","post","type-post","status-publish","format-standard","has-post-thumbnail","hentry","category-politik","tag-europaische-union"],"blocksy_meta":[],"acf":[],"author_username":"kovacszsoka","telegram_post":"","public_post_metadata":{"breaking_news":"","important":"","csempe":"","center_tile":"","disable_thumbnail":"","target_lang":"","_featured_image_style":"","telegram_post":"","_xlat_group_id":""},"public_rank_math_data":{"title":"%title% %sep% %sitename%","description":"Laut Regierungsminister Kommunikation ist es bedauerlich, dass auch ungarische linke Europaabgeordnete f\u00fcr die Punkte des Soros-Plans gestimmt haben.","focus_keyword":"Soros","canonical_url":"","robots":"","primary_category":"1081","breadcrumb_title":"","facebook_title":"","facebook_description":"","facebook_image":"","facebook_image_id":"","twitter_title":"","twitter_description":"","twitter_image":"","twitter_image_id":"","twitter_card_type":"","twitter_use_facebook":"","advanced_robots":"","pillar_content":"","seo_score":"58","contentai_score":"","rich_snippet":""},"_links":{"self":[{"href":"https:\/\/dailynewshungary.com\/de\/wp-json\/wp\/v2\/posts\/743505","targetHints":{"allow":["GET"]}}],"collection":[{"href":"https:\/\/dailynewshungary.com\/de\/wp-json\/wp\/v2\/posts"}],"about":[{"href":"https:\/\/dailynewshungary.com\/de\/wp-json\/wp\/v2\/types\/post"}],"author":[{"embeddable":true,"href":"https:\/\/dailynewshungary.com\/de\/wp-json\/wp\/v2\/users\/13"}],"replies":[{"embeddable":true,"href":"https:\/\/dailynewshungary.com\/de\/wp-json\/wp\/v2\/comments?post=743505"}],"version-history":[{"count":0,"href":"https:\/\/dailynewshungary.com\/de\/wp-json\/wp\/v2\/posts\/743505\/revisions"}],"wp:featuredmedia":[{"embeddable":true,"href":"https:\/\/dailynewshungary.com\/de\/wp-json\/wp\/v2\/media\/743506"}],"wp:attachment":[{"href":"https:\/\/dailynewshungary.com\/de\/wp-json\/wp\/v2\/media?parent=743505"}],"wp:term":[{"taxonomy":"category","embeddable":true,"href":"https:\/\/dailynewshungary.com\/de\/wp-json\/wp\/v2\/categories?post=743505"},{"taxonomy":"post_tag","embeddable":true,"href":"https:\/\/dailynewshungary.com\/de\/wp-json\/wp\/v2\/tags?post=743505"}],"curies":[{"name":"wp","href":"https:\/\/api.w.org\/{rel}","templated":true}]}}