{"id":743833,"date":"2017-11-07T10:30:31","date_gmt":"2017-11-07T09:30:31","guid":{"rendered":"https:\/\/dailynewshungary.com\/de\/varga-nimmt-am-treffen-der-eurogruppe-in-brussel-teil\/"},"modified":"2017-11-07T10:30:31","modified_gmt":"2017-11-07T09:30:31","slug":"varga-nimmt-am-treffen-der-eurogruppe-in-brussel-teil","status":"publish","type":"post","link":"https:\/\/dailynewshungary.com\/de\/varga-nimmt-am-treffen-der-eurogruppe-in-brussel-teil\/","title":{"rendered":"Varga nimmt am Treffen der Eurogruppe in Br\u00fcssel teil"},"content":{"rendered":"<p><strong>Wirtschaftsminister Mih\u00e1ly Varga nahm an einem Treffen der Eurogruppe der EU teil <a href=\"https:\/\/dailynewshungary.com\/?s=finance\" target=\"_blank\" rel=\"noopener\">Finanzieren<\/a> Minister in Br\u00fcssel am Montag, teilte das Ministerium mit.<\/strong><\/p>\n<p>Auf dem Treffen seien \u00c4nderungen am fiskalischen Regulierungssystem der Wirtschafts- und W\u00e4hrungsunion (WWU), die Einrichtung eines neuen fiskalischen Instruments und die Vollendung der Bankenunion er\u00f6rtert worden, sagte Varga.<\/p>\n<blockquote>\n<p><span style=\"color: #3366ff;\">Der Minister w\u00fcrdigte den Beitrag des Steuerrahmens zur Verbesserung der Lage der Mitgliedstaaten <a href=\"https:\/\/dailynewshungary.com\/de\/der-grose-britische-zuguberfall-wie-eine-15-kopfige-bande-1963-26-millionen-pfund-stahl\/\" target=\"_blank\" rel=\"noopener\">Haushalt<\/a> Positionen<\/span>,<span style=\"color: #3366ff;\"> Aber sagte, seine Umsetzung werde nicht durch \u00fcberm\u00e4\u00dfig komplizierte Regeln unterst\u00fctzt.<\/span><\/p>\n<\/blockquote>\n<p>Varga sagte, Einzelheiten \u00fcber die Verwendung und Finanzierung eines neuen fiskalischen Instruments f\u00fcr die L\u00e4nder der Eurozone m\u00fcssten gekl\u00e4rt werden, bevor es eingerichtet werden k\u00f6nne. Ein solches Instrument d\u00fcrfe keine zus\u00e4tzliche Belastung f\u00fcr L\u00e4nder au\u00dferhalb der Eurozone bedeuten, f\u00fcgte er hinzu.<\/p>\n","protected":false},"excerpt":{"rendered":"<p>Wirtschaftsminister Mih\u00e1ly Varga nahm an einem Treffen der Eurogruppe der EU teil Finanzieren Minister in Br\u00fcssel am Montag, teilte das Ministerium mit. Auf dem Treffen seien \u00c4nderungen am fiskalischen Regulierungssystem der Wirtschafts- und W\u00e4hrungsunion (WWU), die Einrichtung eines neuen fiskalischen Instruments und die Vollendung der Bankenunion er\u00f6rtert worden, sagte Varga. Der Minister w\u00fcrdigte den Beitrag [&hellip;]<\/p>\n","protected":false},"author":13,"featured_media":743834,"comment_status":"open","ping_status":"open","sticky":false,"template":"","format":"standard","meta":{"_acf_changed":false,"_display_image":"","footnotes":""},"categories":[1081],"tags":[1082,1118,1174],"class_list":["post-743833","post","type-post","status-publish","format-standard","has-post-thumbnail","hentry","category-politik","tag-europaische-union","tag-geld","tag-haushalt"],"blocksy_meta":[],"acf":[],"author_username":"kovacszsoka","telegram_post":"","public_post_metadata":{"breaking_news":"","important":"","csempe":"","center_tile":"","disable_thumbnail":"","target_lang":"","_featured_image_style":"","telegram_post":"","_xlat_group_id":""},"public_rank_math_data":{"title":"%title% %sep% %sitename%","description":"Wirtschaftsminister Mih\u00e1ly Varga nahm am Montag an einem Treffen der Eurogruppe der EU-Finanzminister in Br\u00fcssel teil, teilte das Ministerium mit","focus_keyword":"Euro-gruppe","canonical_url":"","robots":"","primary_category":"1081","breadcrumb_title":"","facebook_title":"","facebook_description":"","facebook_image":"","facebook_image_id":"","twitter_title":"","twitter_description":"","twitter_image":"","twitter_image_id":"","twitter_card_type":"","twitter_use_facebook":"","advanced_robots":"","pillar_content":"","seo_score":"65","contentai_score":"","rich_snippet":""},"_links":{"self":[{"href":"https:\/\/dailynewshungary.com\/de\/wp-json\/wp\/v2\/posts\/743833","targetHints":{"allow":["GET"]}}],"collection":[{"href":"https:\/\/dailynewshungary.com\/de\/wp-json\/wp\/v2\/posts"}],"about":[{"href":"https:\/\/dailynewshungary.com\/de\/wp-json\/wp\/v2\/types\/post"}],"author":[{"embeddable":true,"href":"https:\/\/dailynewshungary.com\/de\/wp-json\/wp\/v2\/users\/13"}],"replies":[{"embeddable":true,"href":"https:\/\/dailynewshungary.com\/de\/wp-json\/wp\/v2\/comments?post=743833"}],"version-history":[{"count":0,"href":"https:\/\/dailynewshungary.com\/de\/wp-json\/wp\/v2\/posts\/743833\/revisions"}],"wp:featuredmedia":[{"embeddable":true,"href":"https:\/\/dailynewshungary.com\/de\/wp-json\/wp\/v2\/media\/743834"}],"wp:attachment":[{"href":"https:\/\/dailynewshungary.com\/de\/wp-json\/wp\/v2\/media?parent=743833"}],"wp:term":[{"taxonomy":"category","embeddable":true,"href":"https:\/\/dailynewshungary.com\/de\/wp-json\/wp\/v2\/categories?post=743833"},{"taxonomy":"post_tag","embeddable":true,"href":"https:\/\/dailynewshungary.com\/de\/wp-json\/wp\/v2\/tags?post=743833"}],"curies":[{"name":"wp","href":"https:\/\/api.w.org\/{rel}","templated":true}]}}