{"id":743835,"date":"2017-11-07T09:30:02","date_gmt":"2017-11-07T08:30:02","guid":{"rendered":"https:\/\/dailynewshungary.com\/de\/ukw-peter-szijjarto-der-vorfall-des-danischen-ministers-zeigt-gewalttatige-tendenzen-von-migranten\/"},"modified":"2017-11-07T09:30:02","modified_gmt":"2017-11-07T08:30:02","slug":"ukw-peter-szijjarto-der-vorfall-des-danischen-ministers-zeigt-gewalttatige-tendenzen-von-migranten","status":"publish","type":"post","link":"https:\/\/dailynewshungary.com\/de\/ukw-peter-szijjarto-der-vorfall-des-danischen-ministers-zeigt-gewalttatige-tendenzen-von-migranten\/","title":{"rendered":"UKW-P\u00e9ter Szijj\u00e1rt\u00f3: Der Vorfall des d\u00e4nischen Ministers zeigt gewaltt\u00e4tige Tendenzen von Migranten"},"content":{"rendered":"<p><strong>Ein aktueller Vorfall, bei dem der d\u00e4nische Einwanderungsminister von Polizei und Sicherheitspersonal aus einer Menge w\u00fctender Migranten in einem Abschiebezentrum gerettet werden musste, sei ein klares Beispiel daf\u00fcr, wie Migranten h\u00e4ufig zu Gewalt greifen, sagte Ungarns Au\u00dfenminister am Montag.<\/strong><\/p>\n<p>Auf einer Pressekonferenz sagte P\u00e9ter Szijj\u00e1rt\u00f3, der Vorfall erinnere ihn an Zusammenst\u00f6\u00dfe zwischen der ungarischen Polizei und einer Gruppe von Migranten an der S\u00fcdgrenze in der N\u00e4he <a href=\"https:\/\/dailynewshungary.com\/de\/migranten-durchbrechen-die-polizeilinie-im-lager-roszke-videos-fotos\/\" target=\"_blank\" rel=\"noopener\">R\u00f6szke<\/a> Im September 2015 f\u00fcgte er gleichzeitig hinzu, dass der Vorfall an der ungarischen Grenze schwerwiegendere Folgen habe als der d\u00e4nische, da dadurch einige ungarische Polizisten verletzt w\u00fcrden.<\/p>\n<p>Szijj\u00e1rt\u00f3 sagte, die Tendenz von Migranten, Gewalt anzuwenden, d\u00fcrfe nicht ignoriert werden. Die Abgeordneten sollten Aufnahmen von Vorf\u00e4llen wie dem d\u00e4nischen studieren, wenn sie illegale Migranten ohne Obergrenze oder Sicherheits\u00fcberpr\u00fcfungen auf Mitgliedstaaten verteilen, f\u00fcgte er hinzu.<\/p>\n<blockquote>\n<p><span style=\"color: #3366ff;\">Die ungarische Regierung wolle nicht, dass es in Ungarn zu \u00e4hnlichen Vorf\u00e4llen komme, sagte Szijj\u00e1rt\u00f3.&nbsp;<\/span><\/p>\n<\/blockquote>\n<p>\u201cDie Regierung <a href=\"https:\/\/dailynewshungary.com\/de\/der-grose-britische-zuguberfall-wie-eine-15-kopfige-bande-1963-26-millionen-pfund-stahl\/\" target=\"_blank\" rel=\"noopener\">Nicht lassen will<\/a> Diese aggressiven Menschen nach Ungarn oder Europa Es muss endlich klargestellt werden, dass die Menschen, die nach Europa kommen, unsere Regeln respektieren m\u00fcssen, \u201csagte er\u201d Wir werden nicht diejenigen sein, die nach den Regeln derer leben, die hierher kommen; sie werden nach unseren leben m\u00fcssen\u201d<\/p>\n<p>Zum Thema der sogenannten Paradise Papers kommt es unterdessen zu einem neuen Leck von Steueroasendokumenten<\/p>\n<blockquote>\n<p><span style=\"color: #3366ff;\">Szijj\u00e1rt\u00f3 sagte, Ungarns Botschafter in der Schweiz, Istv\u00e1n Nagy, habe die in den Dokumenten erw\u00e4hnte Position lange vor seiner Ernennung zum Botschafter aufgegeben.&nbsp;<\/span><\/p>\n<\/blockquote>\n<p>Er sagte auch, die ungarische Eximbank sei nicht an Offshore-Aktivit\u00e4ten beteiligt gewesen Die Bank habe einem Unternehmen ein Darlehen f\u00fcr ein Exportgesch\u00e4ft gew\u00e4hrt, sie habe eine Ausschreibung f\u00fcr die Abwicklung der rechtlichen Aspekte des Gesch\u00e4fts eingeladen und den Auftrag an das Beratungsunternehmen Deloitte vergeben Das Unternehmen habe einen Subunternehmer f\u00fcr das Projekt besch\u00e4ftigt, dessen Hintergrund die Eximbank auf die Liste der in den Paradise Papers genannten Akteure gebracht habe, sagte Szijj\u00e1rt\u00f3.<\/p>\n<p><em>Bild vorgestellt: MTI<\/em><\/p>\n","protected":false},"excerpt":{"rendered":"<p>Ein aktueller Vorfall, bei dem der d\u00e4nische Einwanderungsminister von Polizei und Sicherheitspersonal aus einer Menge w\u00fctender Migranten in einem Abschiebezentrum gerettet werden musste, sei ein klares Beispiel daf\u00fcr, wie Migranten h\u00e4ufig zu Gewalt greifen, sagte Ungarns Au\u00dfenminister am Montag. Auf einer Pressekonferenz sagte P\u00e9ter Szijj\u00e1rt\u00f3, der Vorfall erinnere ihn an Zusammenst\u00f6\u00dfe zwischen der ungarischen Polizei [&hellip;]<\/p>\n","protected":false},"author":13,"featured_media":743836,"comment_status":"open","ping_status":"open","sticky":false,"template":"","format":"standard","meta":{"_acf_changed":false,"_display_image":"","footnotes":""},"categories":[1081],"tags":[1118,1445,1167],"class_list":["post-743835","post","type-post","status-publish","format-standard","has-post-thumbnail","hentry","category-politik","tag-geld","tag-migration","tag-steuer"],"blocksy_meta":[],"acf":[],"author_username":"kovacszsoka","telegram_post":"","public_post_metadata":{"breaking_news":"","important":"","csempe":"","center_tile":"","disable_thumbnail":"","target_lang":"","_featured_image_style":"","telegram_post":"","_xlat_group_id":""},"public_rank_math_data":{"title":"%title% %sep% %sitename%","description":"Auf einer Pressekonferenz sagte P\u00e9ter Szijj\u00e1rt\u00f3, der Vorfall erinnere ihn an Zusammenst\u00f6\u00dfe zwischen der ungarischen Polizei und einer Gruppe von Migranten","focus_keyword":"D\u00e4nischer Minister","canonical_url":"","robots":"","primary_category":"1081","breadcrumb_title":"","facebook_title":"","facebook_description":"","facebook_image":"","facebook_image_id":"","twitter_title":"","twitter_description":"","twitter_image":"","twitter_image_id":"","twitter_card_type":"","twitter_use_facebook":"","advanced_robots":"","pillar_content":"","seo_score":"50","contentai_score":"","rich_snippet":""},"_links":{"self":[{"href":"https:\/\/dailynewshungary.com\/de\/wp-json\/wp\/v2\/posts\/743835","targetHints":{"allow":["GET"]}}],"collection":[{"href":"https:\/\/dailynewshungary.com\/de\/wp-json\/wp\/v2\/posts"}],"about":[{"href":"https:\/\/dailynewshungary.com\/de\/wp-json\/wp\/v2\/types\/post"}],"author":[{"embeddable":true,"href":"https:\/\/dailynewshungary.com\/de\/wp-json\/wp\/v2\/users\/13"}],"replies":[{"embeddable":true,"href":"https:\/\/dailynewshungary.com\/de\/wp-json\/wp\/v2\/comments?post=743835"}],"version-history":[{"count":0,"href":"https:\/\/dailynewshungary.com\/de\/wp-json\/wp\/v2\/posts\/743835\/revisions"}],"wp:featuredmedia":[{"embeddable":true,"href":"https:\/\/dailynewshungary.com\/de\/wp-json\/wp\/v2\/media\/743836"}],"wp:attachment":[{"href":"https:\/\/dailynewshungary.com\/de\/wp-json\/wp\/v2\/media?parent=743835"}],"wp:term":[{"taxonomy":"category","embeddable":true,"href":"https:\/\/dailynewshungary.com\/de\/wp-json\/wp\/v2\/categories?post=743835"},{"taxonomy":"post_tag","embeddable":true,"href":"https:\/\/dailynewshungary.com\/de\/wp-json\/wp\/v2\/tags?post=743835"}],"curies":[{"name":"wp","href":"https:\/\/api.w.org\/{rel}","templated":true}]}}