{"id":743842,"date":"2017-11-06T20:00:04","date_gmt":"2017-11-06T19:00:04","guid":{"rendered":"https:\/\/dailynewshungary.com\/de\/das-civil-unity-forum-bestreitet-die-spende-von-magyar-villamos-miesvek-fur-gyurcsany-vona-plakate-ausgegeben-zu-haben\/"},"modified":"2017-11-06T20:00:04","modified_gmt":"2017-11-06T19:00:04","slug":"das-civil-unity-forum-bestreitet-die-spende-von-magyar-villamos-miesvek-fur-gyurcsany-vona-plakate-ausgegeben-zu-haben","status":"publish","type":"post","link":"https:\/\/dailynewshungary.com\/de\/das-civil-unity-forum-bestreitet-die-spende-von-magyar-villamos-miesvek-fur-gyurcsany-vona-plakate-ausgegeben-zu-haben\/","title":{"rendered":"Das Civil Unity Forum bestreitet, die Spende von Magyar Villamos Miesvek f\u00fcr Gyurcs\u00e1ny-Vona-Plakate ausgegeben zu haben"},"content":{"rendered":"<p><strong>Das regierungsnahe Forum der zivilen Einheit (C\u00d6F) bestritt am Montag, Geld, das es vom staatlichen Energiekonzern Magyar Villamos M.vek (MVM) erhalten hatte, f\u00fcr eine Plakatkampagne ausgegeben zu haben, auf der die Oppositionsf\u00fchrer Ferenc Gyurcs\u00e1ny und G\u00e1bor Vona abgebildet waren.<\/strong><\/p>\n<p>C\u00d6F reagierte auf die Sonntagserkl\u00e4rung des radikalen nationalistischen Jobbik-Gesetzgebers Istv\u00e1n Sz\u00e1vay, Jobbik habe bei der Budapester Polizei Anzeige gegen eine unbekannte Person erstattet, nachdem MVM nicht offengelegt habe, warum es im vergangenen Jahr 508 Millionen Forint (1,6 Mio. EUR) an C\u00d6F gespendet habe, obwohl der Leiter der Datenschutzbeh\u00f6rde dies angewiesen hatte Sz\u00e1vay sagte, das Schweigen von MVM zu diesem Thema habe den Verdacht weiter verst\u00e4rkt, dass C\u00d6F die Gelder zur Bezahlung einer \u201ezugebrochenen Plakatkampagne\u201cgenutzt habe, die darauf abzielte, Jobbik zu diskreditieren und \u201ezusammenzustanzen\u201d Jobbik-Chef <a href=\"https:\/\/dailynewshungary.com\/?s=g%C3%A1bor+vona\" target=\"_blank\" rel=\"noopener\">Vona<\/a> Mit der Opposition <a href=\"https:\/\/dailynewshungary.com\/?s=ferenc+gyurcs%C3%A1ny\" target=\"_blank\" rel=\"noopener\">F\u00fchrer der Demokratischen Koalition<\/a>.<\/p>\n<blockquote>\n<p><span style=\"color: #3366ff;\">C\u00d6F sagte in einer Stellungnahme, dass Sz\u00e1vays Vorw\u00fcrfe nur dazu dienten, \u201cwas an Glaubw\u00fcrdigkeit Jobbiks noch \u00fcbrig ist\u201d weiter zu schm\u00e4lern.&nbsp;<\/span><\/p>\n<\/blockquote>\n<p>Die regierungsnahe Organisation sagte, sie werde zu gegebener Zeit \u00fcber ihren Vertrag mit MVM Rechenschaft ablegen. Jobbik solle in der Zwischenzeit Antworten zu seiner Plakatkampagne geben, sagte C\u00d6F und f\u00fcgte hinzu, dass Jobbik seine Kampagne \u201eh\u00f6chstwahrscheinlich\u201caus \u00f6ffentlichen Geldern illegal finanziert habe.<\/p>\n<p>Attila P\u00e9terfalvi, der Leiter der ungarischen Datenschutzbeh\u00f6rde<\/p>\n<blockquote>\n<p><span style=\"color: #3366ff;\">NAIH wies MVM Ende September in einem Brief an, innerhalb von 15 Tagen Informationen \u00fcber die Spende vorzulegen<\/span><\/p>\n<\/blockquote>\n<p>Aber sechs Wochen sp\u00e4ter sei dies nicht geschehen, sagte Sz\u00e1vay am Sonntag.<\/p>\n<p><em>Bild von Bal\u00e1zs B\u00e9li, das G\u00e1bor Vona darstellt<\/em><\/p>\n","protected":false},"excerpt":{"rendered":"<p>Das regierungsnahe Forum der zivilen Einheit (C\u00d6F) bestritt am Montag, Geld, das es vom staatlichen Energiekonzern Magyar Villamos M.vek (MVM) erhalten hatte, f\u00fcr eine Plakatkampagne ausgegeben zu haben, auf der die Oppositionsf\u00fchrer Ferenc Gyurcs\u00e1ny und G\u00e1bor Vona abgebildet waren. C\u00d6F reagierte auf die Sonntagserkl\u00e4rung des radikalen nationalistischen Jobbik-Gesetzgebers Istv\u00e1n Sz\u00e1vay, Jobbik habe bei der Budapester [&hellip;]<\/p>\n","protected":false},"author":13,"featured_media":743843,"comment_status":"open","ping_status":"open","sticky":false,"template":"","format":"standard","meta":{"_acf_changed":false,"_display_image":"","footnotes":""},"categories":[1081],"tags":[1222,1118,1632],"class_list":["post-743842","post","type-post","status-publish","format-standard","has-post-thumbnail","hentry","category-politik","tag-demokratische-koalition","tag-geld","tag-jobbik"],"blocksy_meta":[],"acf":[],"author_username":"kovacszsoka","telegram_post":"","public_post_metadata":{"breaking_news":"","important":"","csempe":"","center_tile":"","disable_thumbnail":"","target_lang":"","_featured_image_style":"","telegram_post":"","_xlat_group_id":""},"public_rank_math_data":{"title":"%title% %sep% %sitename%","description":"Das regierungsnahe Civil Unity Forum bestritt, das vom staatlichen Energieunternehmen MVM erhaltene Geld f\u00fcr eine Plakatkampagne gegen die Opposition ausgegeben zu haben","focus_keyword":"Gyurcs\u00e1ny, vona","canonical_url":"","robots":"","primary_category":"1081","breadcrumb_title":"","facebook_title":"","facebook_description":"","facebook_image":"","facebook_image_id":"","twitter_title":"","twitter_description":"","twitter_image":"","twitter_image_id":"","twitter_card_type":"","twitter_use_facebook":"","advanced_robots":"","pillar_content":"","seo_score":"57","contentai_score":"","rich_snippet":""},"_links":{"self":[{"href":"https:\/\/dailynewshungary.com\/de\/wp-json\/wp\/v2\/posts\/743842","targetHints":{"allow":["GET"]}}],"collection":[{"href":"https:\/\/dailynewshungary.com\/de\/wp-json\/wp\/v2\/posts"}],"about":[{"href":"https:\/\/dailynewshungary.com\/de\/wp-json\/wp\/v2\/types\/post"}],"author":[{"embeddable":true,"href":"https:\/\/dailynewshungary.com\/de\/wp-json\/wp\/v2\/users\/13"}],"replies":[{"embeddable":true,"href":"https:\/\/dailynewshungary.com\/de\/wp-json\/wp\/v2\/comments?post=743842"}],"version-history":[{"count":0,"href":"https:\/\/dailynewshungary.com\/de\/wp-json\/wp\/v2\/posts\/743842\/revisions"}],"wp:featuredmedia":[{"embeddable":true,"href":"https:\/\/dailynewshungary.com\/de\/wp-json\/wp\/v2\/media\/743843"}],"wp:attachment":[{"href":"https:\/\/dailynewshungary.com\/de\/wp-json\/wp\/v2\/media?parent=743842"}],"wp:term":[{"taxonomy":"category","embeddable":true,"href":"https:\/\/dailynewshungary.com\/de\/wp-json\/wp\/v2\/categories?post=743842"},{"taxonomy":"post_tag","embeddable":true,"href":"https:\/\/dailynewshungary.com\/de\/wp-json\/wp\/v2\/tags?post=743842"}],"curies":[{"name":"wp","href":"https:\/\/api.w.org\/{rel}","templated":true}]}}