{"id":743852,"date":"2017-11-06T15:15:27","date_gmt":"2017-11-06T14:15:27","guid":{"rendered":"https:\/\/dailynewshungary.com\/de\/australischer-politiker-konnte-aufgrund-seiner-ungarischen-abstammung-zurucktreten-mussen\/"},"modified":"2017-11-06T15:15:27","modified_gmt":"2017-11-06T14:15:27","slug":"australischer-politiker-konnte-aufgrund-seiner-ungarischen-abstammung-zurucktreten-mussen","status":"publish","type":"post","link":"https:\/\/dailynewshungary.com\/de\/australischer-politiker-konnte-aufgrund-seiner-ungarischen-abstammung-zurucktreten-mussen\/","title":{"rendered":"Australischer Politiker k\u00f6nnte aufgrund seiner ungarischen Abstammung zur\u00fccktreten m\u00fcssen"},"content":{"rendered":"<p><strong>Der australische Energie &#8211; und Ressourcenminister Josh Frydenberg k\u00f6nnte aufgrund der j\u00fcngsten Vorw\u00fcrfe, er sei Doppelb\u00fcrger, zur\u00fccktreten m\u00fcssen, berichtet theaustralian.com.au. Frydenbergs Mutter war <a href=\"https:\/\/dailynewshungary.com\/de\/weltberuhmte-ungarn-5-prominente-ungarischer-herkunft\/\" target=\"_blank\" rel=\"noopener noreferrer\">Ungarn geboren<\/a> Verlie\u00df das Land aber im Zweiten Weltkrieg und reiste als staatenloser Jude nach Australien ein, Doppelb\u00fcrger k\u00f6nnen laut Gesetz in Australien kein politisches Amt bekleiden.<\/strong><\/p>\n<p>Frydenbergs Mutter war <a href=\"https:\/\/dailynewshungary.com\/de\/leserbrief-aus-australien-alexander-goor-studierte-bauingenieurwesen-und-baute-brucken-im-landlichen-nsw\/\" target=\"_blank\" rel=\"noopener noreferrer\">Ungarn geboren <\/a>1943, und sie verbrachte einige Zeit in einem Vertriebenenlager, musste sie vor dem Holocaust fliehen, so verlie\u00df sie als Kind Ungarn und kam als staatenlose J\u00fcdin nach Australien.<\/p>\n<figure id=\"attachment_151074\" aria-describedby=\"caption-attachment-151074\" style=\"width: 960px\" class=\"wp-caption aligncenter\"><img loading=\"lazy\" decoding=\"async\" class=\"wp-image-151074 size-full\" src=\"https:\/\/contentf5.dailynewshungary.com\/wp-content\/uploads\/2017\/11\/12088339_10153584432119892_8939926327314003312_n.jpg\" alt=\"N\" width=\"960\" height=\"640\" srcset=\"https:\/\/contentf5.dailynewshungary.com\/wp-content\/uploads\/2017\/11\/12088339_10153584432119892_8939926327314003312_n.jpg 960w, https:\/\/contentf5.dailynewshungary.com\/wp-content\/uploads\/2017\/11\/12088339_10153584432119892_8939926327314003312_n-300x200.jpg 300w, https:\/\/contentf5.dailynewshungary.com\/wp-content\/uploads\/2017\/11\/12088339_10153584432119892_8939926327314003312_n-768x512.jpg 768w, https:\/\/contentf5.dailynewshungary.com\/wp-content\/uploads\/2017\/11\/12088339_10153584432119892_8939926327314003312_n-220x147.jpg 220w, https:\/\/contentf5.dailynewshungary.com\/wp-content\/uploads\/2017\/11\/12088339_10153584432119892_8939926327314003312_n-600x400.jpg 600w, https:\/\/contentf5.dailynewshungary.com\/wp-content\/uploads\/2017\/11\/12088339_10153584432119892_8939926327314003312_n-200x133.jpg 200w\" sizes=\"auto, (max-width: 960px) 100vw, 960px\"><figcaption id=\"caption-attachment-151074\" class=\"wp-caption-text\">Josh Frydenberg <br \/>Foto: www.facebook.com\/JoshFrydenbergMP\/<\/figcaption><\/figure>\n<p>Probleme traten f\u00fcr Frydenberg aufgrund eines bestimmten ungarischen Staatsb\u00fcrgerschaftsgesetzes auf, das den staatenlosen Status der Juden regeln sollte, die w\u00e4hrend des Zweiten Weltkriegs aus Ungarn vertrieben wurden. Nach diesem Gesetz gilt automatisch jeder, der zwischen 1941 und 1945 in Ungarn geboren wurde, als Staatsb\u00fcrger Das Gesetz \u00fcber die ungarische Staatsb\u00fcrgerschaft besagt auch: \u201eDas Kind eines ungarischen Staatsb\u00fcrgers wird durch Geburt ungarischer Staatsb\u00fcrger.\u201c\u201d<\/p>\n<p>Frydenberg behauptet, er habe dieses Thema untersucht, als es vor Monaten zum ersten Mal angesprochen wurde. Gleichzeitig wurde die Frage des Doppelb\u00fcrgers in Australien bekannt.<\/p>\n<blockquote>\n<p>\u201cMir war damals wie heute ganz klar, dass man, um ungarischer Staatsb\u00fcrger zu werden, tats\u00e4chlich aktive Schritte unternehmen muss, um einen Interviewprozess zu durchlaufen, alle relevanten Unterlagen bereitzustellen, um als ungarischer Staatsb\u00fcrger betrachtet zu werden. \u201eKeiner dieser Schritte wurde in meinem Fall oder in meinem Namen unternommen.\u201d<\/p>\n<\/blockquote>\n<h4>Selbst Staatsb\u00fcrgerschaftsexperten sind sich \u00fcber den Fall unsicher<\/h4>\n<p>G\u00e1bor Hajdu, ein ungarischer Staatsb\u00fcrgerschaftsexperte, der mit der Botschaft in Canberra zusammenarbeitet, sagte, dass die Wahrscheinlichkeit \u201eFrydenberg\u201cwahrscheinlich bei 50 Prozent liege. Er f\u00fcgte hinzu, dass \u201edas Gesetz in diesem Bereich \u00e4u\u00dferst kompliziert ist\u201d Selbst Hajdu war sich nicht sicher, ob Frydenberg als ungarischer Staatsb\u00fcrger gilt oder nicht. Er sagte auch: \u201eDas ist das Gesetz in diesem Bereich\u201d<\/p>\n<blockquote>\n<p>\u201cDie latente Staatsb\u00fcrgerschaft ist nicht gleich Staatsb\u00fcrgerschaft, aber es gibt immer noch das Potenzial, dass er B\u00fcrger sein k\u00f6nnte Es ist ein schmaler Grat. Es ist ein sehr unscharfer Bereich.\u201d<\/p>\n<\/blockquote>\n<h4>Dies ist nicht der erste Fall<\/h4>\n<p>Die Doppelb\u00fcrgerfrage wurde in Australien vor einigen Monaten prominentAuch andere Kabinettsminister waren gezwungen, ihre Staatsb\u00fcrgerschaft zu kl\u00e4ren Der ehemalige Vize-Premier Barnaby Joyce und der ehemalige liberale Senatspr\u00e4sident Stephen Parry mussten beide aufgrund der doppelten Staatsb\u00fcrgerschaft zur\u00fccktreten.<\/p>\n<p>Der australische Generalstaatsanwalt George Brandis nannte dieses Staatsb\u00fcrgerschaftsdrama eine \u201cHexenjagd\u201d Er und andere hochrangige Kabinettsabgeordnete nutzen den Fall von Josh Frydenberg, um gegen eine Pr\u00fcfung von Parlamentariern zu argumentieren. Er sagte gegen\u00fcber Sky News: \u201e<\/p>\n<blockquote>\n<p>\u201cDas soll keine Hexenjagd werden und das wird es jetzt, das ist nicht Salem in den 1690 er Jahren wo wir herumfl\u00fcsternde Vorw\u00fcrfe \u00fcber andere Menschen auf der Grundlage von keinerlei Fakten und dann fordern, dass sie beweisen, dass sie verfassungsrechtlich berechtigt sind\u201d<\/p>\n<\/blockquote>\n<p><em>Bild vorgestellt: www.facebook.com\/JoshFrydenbergMP\/<\/em><\/p>\n","protected":false},"excerpt":{"rendered":"<p>Der australische Energie &#8211; und Ressourcenminister Josh Frydenberg k\u00f6nnte aufgrund der j\u00fcngsten Vorw\u00fcrfe, er sei Doppelb\u00fcrger, zur\u00fccktreten m\u00fcssen, berichtet theaustralian.com.au. Frydenbergs Mutter war Ungarn geboren Verlie\u00df das Land aber im Zweiten Weltkrieg und reiste als staatenloser Jude nach Australien ein, Doppelb\u00fcrger k\u00f6nnen laut Gesetz in Australien kein politisches Amt bekleiden. Frydenbergs Mutter war Ungarn geboren [&hellip;]<\/p>\n","protected":false},"author":16,"featured_media":743853,"comment_status":"open","ping_status":"open","sticky":false,"template":"","format":"standard","meta":{"_acf_changed":false,"_display_image":"","footnotes":""},"categories":[1081],"tags":[1741],"class_list":["post-743852","post","type-post","status-publish","format-standard","has-post-thumbnail","hentry","category-politik","tag-australia"],"blocksy_meta":[],"acf":[],"author_username":"Kitti0317","telegram_post":"","public_post_metadata":{"breaking_news":"","important":"","csempe":"","center_tile":"","disable_thumbnail":"","target_lang":"","_featured_image_style":"","telegram_post":"","_xlat_group_id":""},"public_rank_math_data":{"title":"%title% %sep% %sitename%","description":"Josh Frydenberg, australischer Minister, k\u00f6nnte aufgrund von Problemen mit der doppelten Staatsb\u00fcrgerschaft zur\u00fccktreten m\u00fcssen. Seine Mutter floh als Kind w\u00e4hrend des Zweiten Weltkriegs aus Ungarn.","focus_keyword":"Australia","canonical_url":"","robots":"","primary_category":"1081","breadcrumb_title":"","facebook_title":"","facebook_description":"","facebook_image":"","facebook_image_id":"","twitter_title":"","twitter_description":"","twitter_image":"","twitter_image_id":"","twitter_card_type":"","twitter_use_facebook":"","advanced_robots":"","pillar_content":"","seo_score":"63","contentai_score":"","rich_snippet":""},"_links":{"self":[{"href":"https:\/\/dailynewshungary.com\/de\/wp-json\/wp\/v2\/posts\/743852","targetHints":{"allow":["GET"]}}],"collection":[{"href":"https:\/\/dailynewshungary.com\/de\/wp-json\/wp\/v2\/posts"}],"about":[{"href":"https:\/\/dailynewshungary.com\/de\/wp-json\/wp\/v2\/types\/post"}],"author":[{"embeddable":true,"href":"https:\/\/dailynewshungary.com\/de\/wp-json\/wp\/v2\/users\/16"}],"replies":[{"embeddable":true,"href":"https:\/\/dailynewshungary.com\/de\/wp-json\/wp\/v2\/comments?post=743852"}],"version-history":[{"count":0,"href":"https:\/\/dailynewshungary.com\/de\/wp-json\/wp\/v2\/posts\/743852\/revisions"}],"wp:featuredmedia":[{"embeddable":true,"href":"https:\/\/dailynewshungary.com\/de\/wp-json\/wp\/v2\/media\/743853"}],"wp:attachment":[{"href":"https:\/\/dailynewshungary.com\/de\/wp-json\/wp\/v2\/media?parent=743852"}],"wp:term":[{"taxonomy":"category","embeddable":true,"href":"https:\/\/dailynewshungary.com\/de\/wp-json\/wp\/v2\/categories?post=743852"},{"taxonomy":"post_tag","embeddable":true,"href":"https:\/\/dailynewshungary.com\/de\/wp-json\/wp\/v2\/tags?post=743852"}],"curies":[{"name":"wp","href":"https:\/\/api.w.org\/{rel}","templated":true}]}}